{"id":518,"date":"2011-05-12T00:01:11","date_gmt":"2011-05-12T00:01:11","guid":{"rendered":"http:\/\/www.weltweit-urlaub.de\/sprachen\/?p=518"},"modified":"2020-06-19T00:13:28","modified_gmt":"2020-06-18T22:13:28","slug":"friesisch","status":"publish","type":"post","link":"https:\/\/www.weltweit-urlaub.de\/sprachen\/friesisch\/","title":{"rendered":"Friesisch sprechen: Frysk, Friisk oder Fr\u00e4isk?"},"content":{"rendered":"<p><img decoding=\"async\" src=\"https:\/\/www.weltweit-urlaub.de\/bilder\/blogs\/sprachen-blog\/kirche-friesland.jpg\" alt=\"Kirche in Norden, Ostfriesland\" class=\"bild\" style=\"margin:5px 0px 5px 15px;\" align=\"right\"\/><strong>Frysk \u2013 Friisk \u2013 Fr\u00e4isk \u2013 Friesisch<\/strong> &#8211; so hei\u00dft die friesische Sprache in <strong>Westfriesisch, Nordfriesisch<\/strong> oder <strong>Saterfriesisch<\/strong>.<\/p>\n<p>Nur etwa 2.500 Menschen sprechen <strong>Saterfriesisch<\/strong>, und zwar in der Gemeinde <strong>Saterland<\/strong> im Kreis <strong>Cloppenburg<\/strong>.<\/p>\n<p>Sie merken schon \u2013 <strong>Friesisch<\/strong> ist nicht die Sprache eines Staates oder Landes.<br \/>\nAber es ist eine <strong>germanische Sprache<\/strong> aus dem <strong>nordseegermanischen Zweig<\/strong> und sehr stark mit dem <a href=\"https:\/\/www.weltweit-urlaub.de\/sprachen\/die-englische-sprache\/\" target=\"_blank\"  title=\"Englisch lernen\" rel=\"noopener noreferrer\"><strong>Englischen<\/strong><\/a> verwandt.<\/p>\n<p>Gesprochen wird diese Sprache besonders auf den Inseln <strong><a href=\"https:\/\/www.weltweit-urlaub.de\/deutschland\/nordsee\/foehr\/\" target=\"_blank\"  rel=\"noopener noreferrer\">F\u00f6hr<\/a><\/strong> und <strong><a href=\"https:\/\/www.weltweit-urlaub.de\/deutschland\/nordsee\/amrum\/\" target=\"_blank\"  rel=\"noopener noreferrer\">Amrum<\/a><\/strong>. Hier wird sie geradezu liebevoll gepflegt.<\/p>\n<p>Auf <strong>F\u00f6hr<\/strong> hei\u00dft es man spricht <strong>Fering<\/strong> und auf <strong>Amrum \u00d6\u00f6mrang<\/strong>.<\/p>\n<p>Es gibt eigens eine Stiftung \u2013 die <strong>Ferring Stiftung<\/strong> \u2013 die es sich zur Aufgabe gemacht diese Sprache nicht in Vergessenheit geraten zu lassen.<br \/>\nDie Stiftung finanziert <strong>friesische W\u00f6rterb\u00fccher<\/strong> und vergibt <strong>Stipendien<\/strong> f\u00fcr Friesischstudenten. \u00dcbrigens gibt es nur eine Professur f\u00fcr Friesisch in <strong><a href=\"https:\/\/www.weltweit-urlaub.de\/deutschland\/\" target=\"_blank\"  rel=\"noopener noreferrer\">Deutschland<\/a> und die ist an der <\/strong><strong><a target=\"_blank\" href=\"https:\/\/www.weltweit-urlaub.de\/universitaeten\/\" >Universit\u00e4t<\/a> in Kiel<\/strong>.<br \/>\nDie Ferring Stiftung wurde 1988 gegr\u00fcndet und zwar von <strong>Dr. med. Frederik Paulsen<\/strong> in <strong>Alkersum<\/strong> auf F\u00f6hr.<br \/>\nEs gibt von der Stiftung aufgezeichnete <strong>Interviews in Friesisch<\/strong>, zumeist von Menschen \u00e4lteren Jahrgangs, so zwischen 1880 und 1900 geboren.<br \/>\nSo gibt es von <strong>F\u00f6hr<\/strong> insgesamt <strong>50<\/strong> verschiedene Interviews. Dabei wurden alle drei Varianten des <strong>Fering<\/strong> \u2013 F\u00f6hrer Friesisch \u2013 ber\u00fccksichtigt: das <strong>weesdring<\/strong>, das <strong>aasdring<\/strong> und das <strong>boowentaareps<\/strong>.<br \/>\n\u00dcbrigens hat die Bezeichnung <strong>Ferring<\/strong>, eigentlich richtig <strong>Fering<\/strong> geschrieben, gleich mehrere Bedeutungen \u2013 die <strong>Sprache<\/strong> der Insulaner, die <strong>Trachten<\/strong> der <a target=\"_blank\" href=\"https:\/\/www.weltweit-urlaub.de\/rubrik\/frauenreisen\/\" >Frauen<\/a> und im Grunde alles was zu <strong>F\u00f6hr<\/strong> geh\u00f6rt.<br \/>\nAuf der Insel <strong>Amrum<\/strong> wurden <strong>20<\/strong> Menschen aus verschiedenen D\u00f6rfern aufgenommen.<\/p>\n<p>Die aktive Unterst\u00fctzung der <strong>Sprachpflege<\/strong> auf den Inseln Amrum und F\u00f6hr findet vor allem auch in den Heimatvereinen der Inseln statt &#8211; dem <strong>F\u00f6hrer Heimatverein<\/strong> oder <strong><em>Fering Ferian<\/em><\/strong> und dem <strong>Amrumer Heimatverein<\/strong> oder <strong><em>\u00d6\u00f6mrang Ferian<\/em><\/strong>.<\/p>\n<p>Auch wird in den nordfriesischen <strong>Schulen<\/strong> und <strong>Kinderg\u00e4rten<\/strong> Friesisch gelehrt.<\/p>\n<p>Vor allem ist das Friesische eine <strong>gesprochene Sprache<\/strong>.<br \/>\nAber es gibt auch eine starke <strong>friesische Literatur<\/strong>, so z.B. vom <a href=\"https:\/\/www.weltweit-urlaub.de\/deutschland\/nordsee\/sylt\/\" target=\"_blank\"  rel=\"noopener noreferrer\">Sylter <\/a>Dichter <strong>Jens Mungard<\/strong> der als Widerstandsk\u00e4mpfer im Konzentrationslager starb, des F\u00f6hrer <strong>L.C.Peters<\/strong> und des <strong>Albrecht Johannsen<\/strong>, einem Friesen vom Festland.<\/p>\n<p>Aber <strong>Friesisch<\/strong> ist noch lange nicht <strong>Friesisch<\/strong>.<br \/>\nJedes der sog. <strong><em>Drei Frieslande<\/em><\/strong> \u2013 <strong>Ost-, Nord- und Westfriesland<\/strong> \u2013 hat eine eigene friesische Sprache und <a target=\"_blank\" href=\"https:\/\/www.weltweit-urlaub.de\/reisen\/sonderreisen\/kulturreisen\/\" >Kultur<\/a>.<br \/>\nWobei das <strong>Ostfriesische<\/strong> so gut wie ausgestorben ist und nur noch in dieser schon erw\u00e4hnten kleinen Gemeinde <strong>Saterland<\/strong> gepflegt wird.<br \/>\nDas <strong>Saterfriesisch<\/strong> ist dann auch durch die <strong>Europ\u00e4ische Charta der Regional- und Minderheitensprachen<\/strong><strong> besonders gesch\u00fctzt.<br \/>\nDiese <\/strong><strong>ostfriesische Sprache<\/strong> wurde so nach und nach im allt\u00e4glichen Gebrauch durch das <strong>ostfriesische Platt<\/strong> ersetzt, da\u00df als Umgangsprache in <a href=\"https:\/\/www.weltweit-urlaub.de\/deutschland\/nordsee\/ostfriesland\/\" target=\"_blank\"  title=\"Urlaub Ostfriesland\" rel=\"noopener noreferrer\">Ostfriesland<\/a> gesprochen wird. Es weist zwar noch einige Gemeinsamkeiten mit dem Saterfriesisch auf, aber ist doch eine eigene Sprache, eben ein <strong><a href=\"https:\/\/www.weltweit-urlaub.de\/deutschland\/niedersachsen\/\" target=\"_blank\"  rel=\"noopener noreferrer\">nieders\u00e4chsischer<\/a> Dialekt<\/strong>.<\/p>\n<p>Versuchen Sie doch einfach einmal einem <strong>Gespr\u00e4ch auf Friesisch<\/strong> zu folgen \u2013 Sie bekommen bestimmt Lust darauf selber Friesisch zu lernen.<br \/>\nErst dann erschlie\u00dft sich auch der zwar trockene aber doch herzerfrischende Humor der Friesen.<br \/>\nUnd es macht bestimmt Spa\u00df!<\/p>\n","protected":false},"excerpt":{"rendered":"<p>Frysk \u2013 Friisk \u2013 Fr\u00e4isk \u2013 Friesisch &#8211; so hei\u00dft die friesische Sprache in Westfriesisch, Nordfriesisch oder Saterfriesisch. Nur etwa 2.500 Menschen sprechen Saterfriesisch, und zwar in der Gemeinde Saterland im Kreis Cloppenburg. Sie merken schon \u2013 Friesisch ist nicht die Sprache eines Staates oder Landes. Aber es ist eine germanische Sprache aus dem nordseegermanischen [&hellip;]<\/p>\n","protected":false},"author":17,"featured_media":0,"comment_status":"open","ping_status":"open","sticky":false,"template":"","format":"standard","meta":{"footnotes":""},"categories":[109,7],"tags":[],"class_list":["post-518","post","type-post","status-publish","format-standard","hentry","category-dialekte","category-englisch"],"yoast_head":"<!-- This site is optimized with the Yoast SEO plugin v25.6 - https:\/\/yoast.com\/wordpress\/plugins\/seo\/ -->\n<title>Friesisch sprechen: Frysk, Friisk oder Fr\u00e4isk? - Fremdsprachen lernen<\/title>\n<meta name=\"description\" content=\"Friesisch sprechen: Frysk, Friisk oder Fr\u00e4isk? - Sprachen lernen mit Sprachkurs, Buch, Sprachreise. Fremdsprachen f\u00fcr Anf\u00e4nger u. Fortgeschrittene.\" \/>\n<meta name=\"robots\" content=\"index, follow, max-snippet:-1, max-image-preview:large, max-video-preview:-1\" \/>\n<link rel=\"canonical\" href=\"https:\/\/www.weltweit-urlaub.de\/sprachen\/friesisch\/\" \/>\n<meta property=\"og:locale\" content=\"de_DE\" \/>\n<meta property=\"og:type\" content=\"article\" \/>\n<meta property=\"og:title\" content=\"Friesisch sprechen: Frysk, Friisk oder Fr\u00e4isk? - Fremdsprachen lernen\" \/>\n<meta property=\"og:description\" content=\"Friesisch sprechen: Frysk, Friisk oder Fr\u00e4isk? - Sprachen lernen mit Sprachkurs, Buch, Sprachreise. Fremdsprachen f\u00fcr Anf\u00e4nger u. Fortgeschrittene.\" \/>\n<meta property=\"og:url\" content=\"https:\/\/www.weltweit-urlaub.de\/sprachen\/friesisch\/\" \/>\n<meta property=\"og:site_name\" content=\"Das Sprachen-Blog\" \/>\n<meta property=\"article:publisher\" content=\"https:\/\/www.facebook.com\/pages\/Sprachen-Blog\/195859433760090\" \/>\n<meta property=\"article:published_time\" content=\"2011-05-12T00:01:11+00:00\" \/>\n<meta property=\"article:modified_time\" content=\"2020-06-18T22:13:28+00:00\" \/>\n<meta property=\"og:image\" content=\"https:\/\/www.weltweit-urlaub.de\/bilder\/blogs\/sprachen-blog\/kirche-friesland.jpg\" \/>\n<meta name=\"author\" content=\"Marry\" \/>\n<meta name=\"twitter:label1\" content=\"Verfasst von\" \/>\n\t<meta name=\"twitter:data1\" content=\"Marry\" \/>\n\t<meta name=\"twitter:label2\" content=\"Gesch\u00e4tzte Lesezeit\" \/>\n\t<meta name=\"twitter:data2\" content=\"2\u00a0Minuten\" \/>\n<script type=\"application\/ld+json\" class=\"yoast-schema-graph\">{\"@context\":\"https:\/\/schema.org\",\"@graph\":[{\"@type\":\"WebPage\",\"@id\":\"https:\/\/www.weltweit-urlaub.de\/sprachen\/friesisch\/\",\"url\":\"https:\/\/www.weltweit-urlaub.de\/sprachen\/friesisch\/\",\"name\":\"Friesisch sprechen: Frysk, Friisk oder Fr\u00e4isk? - Fremdsprachen lernen\",\"isPartOf\":{\"@id\":\"https:\/\/www.weltweit-urlaub.de\/sprachen\/#website\"},\"primaryImageOfPage\":{\"@id\":\"https:\/\/www.weltweit-urlaub.de\/sprachen\/friesisch\/#primaryimage\"},\"image\":{\"@id\":\"https:\/\/www.weltweit-urlaub.de\/sprachen\/friesisch\/#primaryimage\"},\"thumbnailUrl\":\"https:\/\/www.weltweit-urlaub.de\/bilder\/blogs\/sprachen-blog\/kirche-friesland.jpg\",\"datePublished\":\"2011-05-12T00:01:11+00:00\",\"dateModified\":\"2020-06-18T22:13:28+00:00\",\"author\":{\"@id\":\"https:\/\/www.weltweit-urlaub.de\/sprachen\/#\/schema\/person\/899c0b62084f3a8e63eb34a66fff6db4\"},\"description\":\"Friesisch sprechen: Frysk, Friisk oder Fr\u00e4isk? - Sprachen lernen mit Sprachkurs, Buch, Sprachreise. Fremdsprachen f\u00fcr Anf\u00e4nger u. Fortgeschrittene.\",\"breadcrumb\":{\"@id\":\"https:\/\/www.weltweit-urlaub.de\/sprachen\/friesisch\/#breadcrumb\"},\"inLanguage\":\"de\",\"potentialAction\":[{\"@type\":\"ReadAction\",\"target\":[\"https:\/\/www.weltweit-urlaub.de\/sprachen\/friesisch\/\"]}]},{\"@type\":\"ImageObject\",\"inLanguage\":\"de\",\"@id\":\"https:\/\/www.weltweit-urlaub.de\/sprachen\/friesisch\/#primaryimage\",\"url\":\"https:\/\/www.weltweit-urlaub.de\/bilder\/blogs\/sprachen-blog\/kirche-friesland.jpg\",\"contentUrl\":\"https:\/\/www.weltweit-urlaub.de\/bilder\/blogs\/sprachen-blog\/kirche-friesland.jpg\"},{\"@type\":\"BreadcrumbList\",\"@id\":\"https:\/\/www.weltweit-urlaub.de\/sprachen\/friesisch\/#breadcrumb\",\"itemListElement\":[{\"@type\":\"ListItem\",\"position\":1,\"name\":\"Home\",\"item\":\"https:\/\/www.weltweit-urlaub.de\/sprachen\/\"},{\"@type\":\"ListItem\",\"position\":2,\"name\":\"Friesisch sprechen: Frysk, Friisk oder Fr\u00e4isk?\"}]},{\"@type\":\"WebSite\",\"@id\":\"https:\/\/www.weltweit-urlaub.de\/sprachen\/#website\",\"url\":\"https:\/\/www.weltweit-urlaub.de\/sprachen\/\",\"name\":\"Das Sprachen-Blog\",\"description\":\"Sprache &amp; Kultur, Sprachen lernen und Tipps\",\"potentialAction\":[{\"@type\":\"SearchAction\",\"target\":{\"@type\":\"EntryPoint\",\"urlTemplate\":\"https:\/\/www.weltweit-urlaub.de\/sprachen\/?s={search_term_string}\"},\"query-input\":{\"@type\":\"PropertyValueSpecification\",\"valueRequired\":true,\"valueName\":\"search_term_string\"}}],\"inLanguage\":\"de\"},{\"@type\":\"Person\",\"@id\":\"https:\/\/www.weltweit-urlaub.de\/sprachen\/#\/schema\/person\/899c0b62084f3a8e63eb34a66fff6db4\",\"name\":\"Marry\",\"image\":{\"@type\":\"ImageObject\",\"inLanguage\":\"de\",\"@id\":\"https:\/\/www.weltweit-urlaub.de\/sprachen\/#\/schema\/person\/image\/\",\"url\":\"https:\/\/secure.gravatar.com\/avatar\/d0fa1819537048e7f5ebbfe6fc6c67a8?s=96&d=mm&r=g\",\"contentUrl\":\"https:\/\/secure.gravatar.com\/avatar\/d0fa1819537048e7f5ebbfe6fc6c67a8?s=96&d=mm&r=g\",\"caption\":\"Marry\"},\"sameAs\":[\"https:\/\/www.weltweit-urlaub.de\/spranche\/\"]}]}<\/script>\n<!-- \/ Yoast SEO plugin. -->","yoast_head_json":{"title":"Friesisch sprechen: Frysk, Friisk oder Fr\u00e4isk? - Fremdsprachen lernen","description":"Friesisch sprechen: Frysk, Friisk oder Fr\u00e4isk? - Sprachen lernen mit Sprachkurs, Buch, Sprachreise. Fremdsprachen f\u00fcr Anf\u00e4nger u. Fortgeschrittene.","robots":{"index":"index","follow":"follow","max-snippet":"max-snippet:-1","max-image-preview":"max-image-preview:large","max-video-preview":"max-video-preview:-1"},"canonical":"https:\/\/www.weltweit-urlaub.de\/sprachen\/friesisch\/","og_locale":"de_DE","og_type":"article","og_title":"Friesisch sprechen: Frysk, Friisk oder Fr\u00e4isk? - Fremdsprachen lernen","og_description":"Friesisch sprechen: Frysk, Friisk oder Fr\u00e4isk? - Sprachen lernen mit Sprachkurs, Buch, Sprachreise. Fremdsprachen f\u00fcr Anf\u00e4nger u. Fortgeschrittene.","og_url":"https:\/\/www.weltweit-urlaub.de\/sprachen\/friesisch\/","og_site_name":"Das Sprachen-Blog","article_publisher":"https:\/\/www.facebook.com\/pages\/Sprachen-Blog\/195859433760090","article_published_time":"2011-05-12T00:01:11+00:00","article_modified_time":"2020-06-18T22:13:28+00:00","og_image":[{"url":"https:\/\/www.weltweit-urlaub.de\/bilder\/blogs\/sprachen-blog\/kirche-friesland.jpg","type":"","width":"","height":""}],"author":"Marry","twitter_misc":{"Verfasst von":"Marry","Gesch\u00e4tzte Lesezeit":"2\u00a0Minuten"},"schema":{"@context":"https:\/\/schema.org","@graph":[{"@type":"WebPage","@id":"https:\/\/www.weltweit-urlaub.de\/sprachen\/friesisch\/","url":"https:\/\/www.weltweit-urlaub.de\/sprachen\/friesisch\/","name":"Friesisch sprechen: Frysk, Friisk oder Fr\u00e4isk? - Fremdsprachen lernen","isPartOf":{"@id":"https:\/\/www.weltweit-urlaub.de\/sprachen\/#website"},"primaryImageOfPage":{"@id":"https:\/\/www.weltweit-urlaub.de\/sprachen\/friesisch\/#primaryimage"},"image":{"@id":"https:\/\/www.weltweit-urlaub.de\/sprachen\/friesisch\/#primaryimage"},"thumbnailUrl":"https:\/\/www.weltweit-urlaub.de\/bilder\/blogs\/sprachen-blog\/kirche-friesland.jpg","datePublished":"2011-05-12T00:01:11+00:00","dateModified":"2020-06-18T22:13:28+00:00","author":{"@id":"https:\/\/www.weltweit-urlaub.de\/sprachen\/#\/schema\/person\/899c0b62084f3a8e63eb34a66fff6db4"},"description":"Friesisch sprechen: Frysk, Friisk oder Fr\u00e4isk? - Sprachen lernen mit Sprachkurs, Buch, Sprachreise. Fremdsprachen f\u00fcr Anf\u00e4nger u. Fortgeschrittene.","breadcrumb":{"@id":"https:\/\/www.weltweit-urlaub.de\/sprachen\/friesisch\/#breadcrumb"},"inLanguage":"de","potentialAction":[{"@type":"ReadAction","target":["https:\/\/www.weltweit-urlaub.de\/sprachen\/friesisch\/"]}]},{"@type":"ImageObject","inLanguage":"de","@id":"https:\/\/www.weltweit-urlaub.de\/sprachen\/friesisch\/#primaryimage","url":"https:\/\/www.weltweit-urlaub.de\/bilder\/blogs\/sprachen-blog\/kirche-friesland.jpg","contentUrl":"https:\/\/www.weltweit-urlaub.de\/bilder\/blogs\/sprachen-blog\/kirche-friesland.jpg"},{"@type":"BreadcrumbList","@id":"https:\/\/www.weltweit-urlaub.de\/sprachen\/friesisch\/#breadcrumb","itemListElement":[{"@type":"ListItem","position":1,"name":"Home","item":"https:\/\/www.weltweit-urlaub.de\/sprachen\/"},{"@type":"ListItem","position":2,"name":"Friesisch sprechen: Frysk, Friisk oder Fr\u00e4isk?"}]},{"@type":"WebSite","@id":"https:\/\/www.weltweit-urlaub.de\/sprachen\/#website","url":"https:\/\/www.weltweit-urlaub.de\/sprachen\/","name":"Das Sprachen-Blog","description":"Sprache &amp; Kultur, Sprachen lernen und Tipps","potentialAction":[{"@type":"SearchAction","target":{"@type":"EntryPoint","urlTemplate":"https:\/\/www.weltweit-urlaub.de\/sprachen\/?s={search_term_string}"},"query-input":{"@type":"PropertyValueSpecification","valueRequired":true,"valueName":"search_term_string"}}],"inLanguage":"de"},{"@type":"Person","@id":"https:\/\/www.weltweit-urlaub.de\/sprachen\/#\/schema\/person\/899c0b62084f3a8e63eb34a66fff6db4","name":"Marry","image":{"@type":"ImageObject","inLanguage":"de","@id":"https:\/\/www.weltweit-urlaub.de\/sprachen\/#\/schema\/person\/image\/","url":"https:\/\/secure.gravatar.com\/avatar\/d0fa1819537048e7f5ebbfe6fc6c67a8?s=96&d=mm&r=g","contentUrl":"https:\/\/secure.gravatar.com\/avatar\/d0fa1819537048e7f5ebbfe6fc6c67a8?s=96&d=mm&r=g","caption":"Marry"},"sameAs":["https:\/\/www.weltweit-urlaub.de\/spranche\/"]}]}},"_links":{"self":[{"href":"https:\/\/www.weltweit-urlaub.de\/sprachen\/wp-json\/wp\/v2\/posts\/518"}],"collection":[{"href":"https:\/\/www.weltweit-urlaub.de\/sprachen\/wp-json\/wp\/v2\/posts"}],"about":[{"href":"https:\/\/www.weltweit-urlaub.de\/sprachen\/wp-json\/wp\/v2\/types\/post"}],"author":[{"embeddable":true,"href":"https:\/\/www.weltweit-urlaub.de\/sprachen\/wp-json\/wp\/v2\/users\/17"}],"replies":[{"embeddable":true,"href":"https:\/\/www.weltweit-urlaub.de\/sprachen\/wp-json\/wp\/v2\/comments?post=518"}],"version-history":[{"count":32,"href":"https:\/\/www.weltweit-urlaub.de\/sprachen\/wp-json\/wp\/v2\/posts\/518\/revisions"}],"predecessor-version":[{"id":3524,"href":"https:\/\/www.weltweit-urlaub.de\/sprachen\/wp-json\/wp\/v2\/posts\/518\/revisions\/3524"}],"wp:attachment":[{"href":"https:\/\/www.weltweit-urlaub.de\/sprachen\/wp-json\/wp\/v2\/media?parent=518"}],"wp:term":[{"taxonomy":"category","embeddable":true,"href":"https:\/\/www.weltweit-urlaub.de\/sprachen\/wp-json\/wp\/v2\/categories?post=518"},{"taxonomy":"post_tag","embeddable":true,"href":"https:\/\/www.weltweit-urlaub.de\/sprachen\/wp-json\/wp\/v2\/tags?post=518"}],"curies":[{"name":"wp","href":"https:\/\/api.w.org\/{rel}","templated":true}]}}