{"id":9903,"date":"2013-02-01T12:13:20","date_gmt":"2013-02-01T11:13:20","guid":{"rendered":"http:\/\/www.weltweit-urlaub.de\/blog\/?p=9903"},"modified":"2013-04-04T13:30:25","modified_gmt":"2013-04-04T11:30:25","slug":"der-deutsche-bundesrat","status":"publish","type":"post","link":"https:\/\/www.weltweit-urlaub.de\/blog\/der-deutsche-bundesrat\/","title":{"rendered":"Der Deutsche Bundesrat"},"content":{"rendered":"<p>Wir hatten bei unserem <a target=\"_blank\" href=\"https:\/\/www.weltweit-urlaub.de\/deutschland\/berlin\/\" >Berlin<\/a>-Besuch das Gl\u00fcck, dass der <strong>Deutsche Bundesrat<\/strong> an einem Samstag einen <strong>Tag der offenen T\u00fcr<\/strong> veranstaltet hat. Diese M\u00f6glichkeit zur Besichtigung lie\u00dfen wir uns nat\u00fcrlich nicht entgehen, zumal man sonst nicht als Besucher hineinkommt.<\/p>\n<div id=\"attachment_10139\" style=\"width: 460px\" class=\"wp-caption aligncenter\"><img loading=\"lazy\" decoding=\"async\" aria-describedby=\"caption-attachment-10139\" class=\"size-full wp-image-10139\" title=\"Deutscher Bundesrat\" alt=\"\" src=\"https:\/\/www.weltweit-urlaub.de\/blog\/wp-content\/uploads\/deutscher-bundesrat.jpg\" width=\"450\" height=\"338\" border=\"1\" \/><p id=\"caption-attachment-10139\" class=\"wp-caption-text\"><strong><em>Deutscher Bundesrat<\/em><\/strong><\/p><\/div>\n<p>&nbsp;<\/p>\n<div id=\"attachment_10140\" style=\"width: 460px\" class=\"wp-caption aligncenter\"><img loading=\"lazy\" decoding=\"async\" aria-describedby=\"caption-attachment-10140\" class=\"size-full wp-image-10140\" title=\"Kleiner Park vor dem Bundesrat\" alt=\"\" src=\"https:\/\/www.weltweit-urlaub.de\/blog\/wp-content\/uploads\/kleiner-park-vor-dem-bundesrat.jpg\" width=\"450\" height=\"338\" border=\"1\" \/><p id=\"caption-attachment-10140\" class=\"wp-caption-text\"><em>Kleiner Park vor dem Bundesrat<\/em><\/p><\/div>\n<div id=\"attachment_9909\" style=\"width: 460px\" class=\"wp-caption aligncenter\"><img loading=\"lazy\" decoding=\"async\" aria-describedby=\"caption-attachment-9909\" class=\"size-full wp-image-9909\" title=\"Tag der offenen T\u00fcr\" alt=\"border=&quot;1&quot;Tag der offenen T\u00fcr\" src=\"https:\/\/www.weltweit-urlaub.de\/blog\/wp-content\/uploads\/tag-der-offenen-tur.jpg\" width=\"450\" height=\"338\" border=\"1\" \/><p id=\"caption-attachment-9909\" class=\"wp-caption-text\"><em>Tag der offenen T\u00fcr<\/em><\/p><\/div>\n<p>Nach einer ausgiebigen Kontrolle gelangen wir zun\u00e4chst durch das gro\u00dfe Eingangsportal in eine Vorhalle. Von hier aus verteilen sich die Flure und Treppenaufg\u00e4nge in die oberen Etagen.<\/p>\n<div id=\"attachment_10141\" style=\"width: 263px\" class=\"wp-caption aligncenter\"><img loading=\"lazy\" decoding=\"async\" aria-describedby=\"caption-attachment-10141\" class=\"size-full wp-image-10141\" title=\"Vorhalle\" alt=\"Vorhalle des Bundesrats\" src=\"https:\/\/www.weltweit-urlaub.de\/blog\/wp-content\/uploads\/vorhalle.jpg\" width=\"253\" height=\"338\" border=\"1\" \/><p id=\"caption-attachment-10141\" class=\"wp-caption-text\"><em>Vorhalle des Bundesrats<\/em><\/p><\/div>\n<div id=\"attachment_10142\" style=\"width: 460px\" class=\"wp-caption aligncenter\"><img loading=\"lazy\" decoding=\"async\" aria-describedby=\"caption-attachment-10142\" class=\"size-full wp-image-10142\" title=\"S\u00e4ulenvorhalle\" alt=\"S\u00e4ulenvorhalle\" src=\"https:\/\/www.weltweit-urlaub.de\/blog\/wp-content\/uploads\/saulenvorhalle.jpg\" width=\"450\" height=\"338\" border=\"1\" \/><p id=\"caption-attachment-10142\" class=\"wp-caption-text\"><em>S\u00e4ulenvorhalle<\/em><\/p><\/div>\n<div id=\"attachment_10143\" style=\"width: 460px\" class=\"wp-caption aligncenter\"><img loading=\"lazy\" decoding=\"async\" aria-describedby=\"caption-attachment-10143\" class=\"size-full wp-image-10143\" title=\"Deckengew\u00f6lbe der Vorhalle\" alt=\"Deckengew\u00f6lbe der Vorhalle\" src=\"https:\/\/www.weltweit-urlaub.de\/blog\/wp-content\/uploads\/deckengewolbe-der-vorhalle.jpg\" width=\"450\" height=\"338\" border=\"1\" \/><p id=\"caption-attachment-10143\" class=\"wp-caption-text\"><em>Deckengew\u00f6lbe der Vorhalle<\/em><\/p><\/div>\n<p>Wir schauen aus dem Bundesrat auf das Heckenlabyrinth des Vorgartens und auf die Leipziger Stra\u00dfe. Auf dem gegen\u00fcberliegenden Grundst\u00fcck ist die riesige Baustelle eines neuen zuk\u00fcnftigen Kaufhauses.<\/p>\n<div id=\"attachment_10144\" style=\"width: 460px\" class=\"wp-caption aligncenter\"><img loading=\"lazy\" decoding=\"async\" aria-describedby=\"caption-attachment-10144\" class=\"size-full wp-image-10144\" title=\"Heckenlabyrinth\" alt=\" Heckenlabyrinth und Kaufhaus-Baustelle\" src=\"https:\/\/www.weltweit-urlaub.de\/blog\/wp-content\/uploads\/heckenlabyrinth.jpg\" width=\"450\" height=\"338\" border=\"1\" \/><p id=\"caption-attachment-10144\" class=\"wp-caption-text\"><em>Heckenlabyrinth und Kaufhaus-Baustelle<\/em><\/p><\/div>\n<p>Und nun folgt das Wesentliche unseres Besuches: Wir blicken in den Plenarsaal des Deutschen Bundesrates. Vom Balkon aus haben wir einen noch besseren \u00dcberblick.<\/p>\n<div id=\"attachment_10145\" style=\"width: 460px\" class=\"wp-caption aligncenter\"><img loading=\"lazy\" decoding=\"async\" aria-describedby=\"caption-attachment-10145\" class=\"size-full wp-image-10145\" title=\"Plenarsaal\" alt=\"Der Plenarsaal des Deutschen Bundesrates.\" src=\"https:\/\/www.weltweit-urlaub.de\/blog\/wp-content\/uploads\/plenarsaal.jpg\" width=\"450\" height=\"338\" border=\"1\" \/><p id=\"caption-attachment-10145\" class=\"wp-caption-text\"><strong><em>Der Plenarsaal des Deutschen Bundesrates.<\/em><\/strong><\/p><\/div>\n<div id=\"attachment_10146\" style=\"width: 460px\" class=\"wp-caption aligncenter\"><img loading=\"lazy\" decoding=\"async\" aria-describedby=\"caption-attachment-10146\" class=\"size-full wp-image-10146\" title=\"Plenarsaal vom Balkon aus\" alt=\"Plenarsaal vom Balkon aus\" src=\"https:\/\/www.weltweit-urlaub.de\/blog\/wp-content\/uploads\/plenarsaal-vom-balkon-aus.jpg\" width=\"450\" height=\"338\" border=\"1\" \/><p id=\"caption-attachment-10146\" class=\"wp-caption-text\"><em>Der Plenarsaal durch die obere Glaswand.<\/em><\/p><\/div>\n<div id=\"attachment_10147\" style=\"width: 460px\" class=\"wp-caption aligncenter\"><img loading=\"lazy\" decoding=\"async\" aria-describedby=\"caption-attachment-10147\" class=\"size-full wp-image-10147\" title=\"Der Plenarsaal\" alt=\"Der Plenarsaal\" src=\"https:\/\/www.weltweit-urlaub.de\/blog\/wp-content\/uploads\/der-plenarsaal.jpg\" width=\"450\" height=\"338\" border=\"1\" \/><p id=\"caption-attachment-10147\" class=\"wp-caption-text\"><em>Der Plenarsaal (Gegenschuss)<br \/><\/em><\/p><\/div>\n<div id=\"attachment_10148\" style=\"width: 460px\" class=\"wp-caption aligncenter\"><img loading=\"lazy\" decoding=\"async\" aria-describedby=\"caption-attachment-10148\" class=\"size-full wp-image-10148\" title=\"Fernsehkamera\" alt=\"Das Fernsehen geh\u00f6rt nat\u00fcrlich dazu.\" src=\"https:\/\/www.weltweit-urlaub.de\/blog\/wp-content\/uploads\/fernsehkamera.jpg\" width=\"450\" height=\"338\" border=\"1\" \/><p id=\"caption-attachment-10148\" class=\"wp-caption-text\"><em>Das Fernsehen geh\u00f6rt nat\u00fcrlich dazu. Au\u00dferdem ist jeder Sitz mit einem Mikrofon ausgestattet.<\/em><\/p><\/div>\n<p>Und nun zum H\u00f6hepunkt unseres Besuches: Auf der B\u00fchne im Hof des Bundesrates spricht <strong>Horst Seehofer<\/strong> mit dem Pr\u00e4sidenten des Abgeordnetenhauses <strong>Ralf Wieland<\/strong> (links). Horst Seehofer hatte im Jahr unseres Besuches den Vorsitz des Deutschen Bundesrates. In jedem Jahr wird ein neuer Vorsitzender gew\u00e4hlt.<\/p>\n<div id=\"attachment_10154\" style=\"width: 460px\" class=\"wp-caption aligncenter\"><img loading=\"lazy\" decoding=\"async\" aria-describedby=\"caption-attachment-10154\" class=\"size-full wp-image-10154\" title=\"Horst Seehofer auf der B\u00fchne\" alt=\"Horst Seehofer auf der B\u00fchne\" src=\"https:\/\/www.weltweit-urlaub.de\/blog\/wp-content\/uploads\/horst-seehofer-auf-der-buhne.jpg\" width=\"450\" height=\"338\" border=\"1\" \/><p id=\"caption-attachment-10154\" class=\"wp-caption-text\"><em>Horst Seehofer (rechts im Bild) auf der B\u00fchne im Gespr\u00e4ch mit Ralf Wieland (links).<br \/><\/em><\/p><\/div>\n<div id=\"attachment_10149\" style=\"width: 460px\" class=\"wp-caption aligncenter\"><img loading=\"lazy\" decoding=\"async\" aria-describedby=\"caption-attachment-10149\" class=\"size-full wp-image-10149\" title=\"Horst Seehofer (rechts)\" alt=\"Horst Seehofer (rechts)\" src=\"https:\/\/www.weltweit-urlaub.de\/blog\/wp-content\/uploads\/horst-seehofer-rechts.jpg\" width=\"450\" height=\"338\" border=\"1\" \/><p id=\"caption-attachment-10149\" class=\"wp-caption-text\"><em><strong>Horst Seehofer<\/strong> (rechts) und <strong>Ralf Wieland<\/strong> (links).<\/em><\/p><\/div>\n<p>Das <strong>Abgeordnetenhaus<\/strong> liegt direkt hinter dem Bundesrat und ist mit diesem durch Flure verbunden. Auch hier war zu unserer Zeit ein Tag der offenen T\u00fcr<\/p>\n<div id=\"attachment_10158\" style=\"width: 460px\" class=\"wp-caption aligncenter\"><img loading=\"lazy\" decoding=\"async\" aria-describedby=\"caption-attachment-10158\" class=\"size-full wp-image-10158\" title=\"Plenarsaal des Abgeordnetenhauses\" alt=\"Plenarsaal des Abgeordnetenhauses\" src=\"https:\/\/www.weltweit-urlaub.de\/blog\/wp-content\/uploads\/plenarsaal-des-abgeordnetenhauses.jpg\" width=\"450\" height=\"338\" border=\"1\" \/><p id=\"caption-attachment-10158\" class=\"wp-caption-text\"><em><strong>Plenarsaal des Abgeordnetenhauses<\/strong><\/em><\/p><\/div>\n<div id=\"attachment_10159\" style=\"width: 460px\" class=\"wp-caption aligncenter\"><img loading=\"lazy\" decoding=\"async\" aria-describedby=\"caption-attachment-10159\" class=\"size-full wp-image-10159\" title=\"B\u00fcro von Ralf Wieland\" alt=\"B\u00fcro von Ralf Wieland\" src=\"https:\/\/www.weltweit-urlaub.de\/blog\/wp-content\/uploads\/buro-von-ralf-wieland.jpg\" width=\"450\" height=\"338\" border=\"1\" \/><p id=\"caption-attachment-10159\" class=\"wp-caption-text\">Wir besichtigten auch das B\u00fcro von <strong><em>Ralf Wieland<\/em><\/strong> samt Vorzimmer.<\/p><\/div>\n<p>Der Bundesrat ist nicht weit vom Potsdamer Platz entfernt. Im n\u00e4chsten Blogbeitrag setzen wir also unseren Berliner Spaziergang fort und sehen uns die &#8222;Wolkenkratzer&#8220; aus der N\u00e4he an. Und als \u00dcberraschung fahren wir noch mit dem schnellsten Aufzug Europas auf das Kollhoff-Hochhaus.<\/p>\n<p>&nbsp;<\/p>\n<p><strong>Reisen &amp; Tipps f\u00fcr Ihre Berlin &#8211; St\u00e4dtereise:<\/strong><br \/>\n<a target=\"_blank\" href=\"https:\/\/www.weltweit-urlaub.de\/service\/hotels\/deutschland\/berlin\/\" title=\"Hotels Berlin\" rel=\"nofollow\" >Hotels in Berlin<\/a><br \/>\n<a target=\"_blank\" href=\"https:\/\/www.weltweit-urlaub.de\/service\/ferienhaeuser-fewos\/deutschland\/berlin\/\" title=\"Ferienwohnung in Berlin\" rel=\"nofollow\" >Ferienwohnungen in Berlin<\/a><br \/>\n<a target=\"_blank\" href=\"https:\/\/www.weltweit-urlaub.de\/service\/reisen\/busreisen\/berlin\/\" rel=\"nofollow\" >St\u00e4dtereisen &amp; Busreisen nach Berlin<\/a><br \/>\n<a target=\"_blank\" href=\"https:\/\/www.weltweit-urlaub.de\/reisen\/kurzurlaub\/deutschland\/berlin\/\" title=\"Kurzreisen Berlin\" >Kurzreisen nach Berlin<\/a><br \/>\n<a target=\"_blank\" href=\"https:\/\/www.weltweit-urlaub.de\/verzeichnis\/reisefuehrer\/deutschland\/berlin-drei-tage-fuehrer.php\" title=\"Hotel Berlin\" >Reisetipps Berlin<\/a><\/p>\n","protected":false},"excerpt":{"rendered":"<p>Wir hatten bei unserem Berlin-Besuch das Gl\u00fcck, dass der Deutsche Bundesrat an einem Samstag einen Tag der offenen T\u00fcr veranstaltet hat. Diese M\u00f6glichkeit zur Besichtigung lie\u00dfen wir uns nat\u00fcrlich nicht entgehen, zumal man sonst nicht als Besucher hineinkommt. &nbsp; Nach einer ausgiebigen Kontrolle gelangen wir zun\u00e4chst durch das gro\u00dfe Eingangsportal in eine Vorhalle. Von hier [&hellip;]<\/p>\n","protected":false},"author":10,"featured_media":0,"comment_status":"open","ping_status":"open","sticky":false,"template":"","format":"standard","meta":{"footnotes":""},"categories":[87,59,73,45],"tags":[],"class_list":["post-9903","post","type-post","status-publish","format-standard","hentry","category-reiseberichte","category-urlaubsfotos","category-berlin","category-deutschland"],"yoast_head":"<!-- This site is optimized with the Yoast SEO plugin v25.6 - https:\/\/yoast.com\/wordpress\/plugins\/seo\/ -->\n<title>Der Deutsche Bundesrat - Reisebericht, Fotos, Urlaub &amp; Reise<\/title>\n<meta name=\"description\" content=\"Der Deutsche Bundesrat - Weltweit Urlaub Blog - Urlaub und Kurzurlaub, Reisebericht \u00fcber Reise u. Urlaubsorte in Deutschland und Reiseziele in Europa und weltweit.\" \/>\n<meta name=\"robots\" content=\"index, follow, max-snippet:-1, max-image-preview:large, max-video-preview:-1\" \/>\n<link rel=\"canonical\" href=\"https:\/\/www.weltweit-urlaub.de\/blog\/der-deutsche-bundesrat\/\" \/>\n<meta property=\"og:locale\" content=\"de_DE\" \/>\n<meta property=\"og:type\" content=\"article\" \/>\n<meta property=\"og:title\" content=\"Der Deutsche Bundesrat - Reisebericht, Fotos, Urlaub &amp; Reise\" \/>\n<meta property=\"og:description\" content=\"Der Deutsche Bundesrat - Weltweit Urlaub Blog - Urlaub und Kurzurlaub, Reisebericht \u00fcber Reise u. Urlaubsorte in Deutschland und Reiseziele in Europa und weltweit.\" \/>\n<meta property=\"og:url\" content=\"https:\/\/www.weltweit-urlaub.de\/blog\/der-deutsche-bundesrat\/\" \/>\n<meta property=\"og:site_name\" content=\"Weltweit Urlaub Blog\" \/>\n<meta property=\"article:publisher\" content=\"https:\/\/www.facebook.com\/pages\/Weltweit-Urlaub\/180623258643736\" \/>\n<meta property=\"article:published_time\" content=\"2013-02-01T11:13:20+00:00\" \/>\n<meta property=\"article:modified_time\" content=\"2013-04-04T11:30:25+00:00\" \/>\n<meta property=\"og:image\" content=\"https:\/\/www.weltweit-urlaub.de\/blog\/wp-content\/uploads\/deutscher-bundesrat.jpg\" \/>\n<meta name=\"author\" content=\"Franz\" \/>\n<meta name=\"twitter:label1\" content=\"Verfasst von\" \/>\n\t<meta name=\"twitter:data1\" content=\"Franz\" \/>\n\t<meta name=\"twitter:label2\" content=\"Gesch\u00e4tzte Lesezeit\" \/>\n\t<meta name=\"twitter:data2\" content=\"2\u00a0Minuten\" \/>\n<script type=\"application\/ld+json\" class=\"yoast-schema-graph\">{\"@context\":\"https:\/\/schema.org\",\"@graph\":[{\"@type\":\"WebPage\",\"@id\":\"https:\/\/www.weltweit-urlaub.de\/blog\/der-deutsche-bundesrat\/\",\"url\":\"https:\/\/www.weltweit-urlaub.de\/blog\/der-deutsche-bundesrat\/\",\"name\":\"Der Deutsche Bundesrat - Reisebericht, Fotos, Urlaub & Reise\",\"isPartOf\":{\"@id\":\"https:\/\/www.weltweit-urlaub.de\/blog\/#website\"},\"primaryImageOfPage\":{\"@id\":\"https:\/\/www.weltweit-urlaub.de\/blog\/der-deutsche-bundesrat\/#primaryimage\"},\"image\":{\"@id\":\"https:\/\/www.weltweit-urlaub.de\/blog\/der-deutsche-bundesrat\/#primaryimage\"},\"thumbnailUrl\":\"https:\/\/www.weltweit-urlaub.de\/blog\/wp-content\/uploads\/deutscher-bundesrat.jpg\",\"datePublished\":\"2013-02-01T11:13:20+00:00\",\"dateModified\":\"2013-04-04T11:30:25+00:00\",\"author\":{\"@id\":\"https:\/\/www.weltweit-urlaub.de\/blog\/#\/schema\/person\/580334b794d1d84c44ed185071077fc3\"},\"description\":\"Der Deutsche Bundesrat - Weltweit Urlaub Blog - Urlaub und Kurzurlaub, Reisebericht \u00fcber Reise u. Urlaubsorte in Deutschland und Reiseziele in Europa und weltweit.\",\"breadcrumb\":{\"@id\":\"https:\/\/www.weltweit-urlaub.de\/blog\/der-deutsche-bundesrat\/#breadcrumb\"},\"inLanguage\":\"de\",\"potentialAction\":[{\"@type\":\"ReadAction\",\"target\":[\"https:\/\/www.weltweit-urlaub.de\/blog\/der-deutsche-bundesrat\/\"]}]},{\"@type\":\"ImageObject\",\"inLanguage\":\"de\",\"@id\":\"https:\/\/www.weltweit-urlaub.de\/blog\/der-deutsche-bundesrat\/#primaryimage\",\"url\":\"https:\/\/www.weltweit-urlaub.de\/blog\/wp-content\/uploads\/deutscher-bundesrat.jpg\",\"contentUrl\":\"https:\/\/www.weltweit-urlaub.de\/blog\/wp-content\/uploads\/deutscher-bundesrat.jpg\",\"width\":\"450\",\"height\":\"338\",\"caption\":\"Deutscher Bundesrat\"},{\"@type\":\"BreadcrumbList\",\"@id\":\"https:\/\/www.weltweit-urlaub.de\/blog\/der-deutsche-bundesrat\/#breadcrumb\",\"itemListElement\":[{\"@type\":\"ListItem\",\"position\":1,\"name\":\"Home\",\"item\":\"https:\/\/www.weltweit-urlaub.de\/blog\/\"},{\"@type\":\"ListItem\",\"position\":2,\"name\":\"Der Deutsche Bundesrat\"}]},{\"@type\":\"WebSite\",\"@id\":\"https:\/\/www.weltweit-urlaub.de\/blog\/#website\",\"url\":\"https:\/\/www.weltweit-urlaub.de\/blog\/\",\"name\":\"Weltweit Urlaub Blog\",\"description\":\"Das Weltweit Urlaub Blog berichtet von L\u00e4ndern, St\u00e4dten und Regionen rund um den Globus...\",\"potentialAction\":[{\"@type\":\"SearchAction\",\"target\":{\"@type\":\"EntryPoint\",\"urlTemplate\":\"https:\/\/www.weltweit-urlaub.de\/blog\/?s={search_term_string}\"},\"query-input\":{\"@type\":\"PropertyValueSpecification\",\"valueRequired\":true,\"valueName\":\"search_term_string\"}}],\"inLanguage\":\"de\"},{\"@type\":\"Person\",\"@id\":\"https:\/\/www.weltweit-urlaub.de\/blog\/#\/schema\/person\/580334b794d1d84c44ed185071077fc3\",\"name\":\"Franz\",\"image\":{\"@type\":\"ImageObject\",\"inLanguage\":\"de\",\"@id\":\"https:\/\/www.weltweit-urlaub.de\/blog\/#\/schema\/person\/image\/\",\"url\":\"https:\/\/secure.gravatar.com\/avatar\/61e4c9d2e568c90c06cae6dfa71dc329?s=96&d=mm&r=g\",\"contentUrl\":\"https:\/\/secure.gravatar.com\/avatar\/61e4c9d2e568c90c06cae6dfa71dc329?s=96&d=mm&r=g\",\"caption\":\"Franz\"},\"sameAs\":[\"https:\/\/www.weltweit-urlaub.de\/blog\/\"]}]}<\/script>\n<!-- \/ Yoast SEO plugin. -->","yoast_head_json":{"title":"Der Deutsche Bundesrat - Reisebericht, Fotos, Urlaub & Reise","description":"Der Deutsche Bundesrat - Weltweit Urlaub Blog - Urlaub und Kurzurlaub, Reisebericht \u00fcber Reise u. Urlaubsorte in Deutschland und Reiseziele in Europa und weltweit.","robots":{"index":"index","follow":"follow","max-snippet":"max-snippet:-1","max-image-preview":"max-image-preview:large","max-video-preview":"max-video-preview:-1"},"canonical":"https:\/\/www.weltweit-urlaub.de\/blog\/der-deutsche-bundesrat\/","og_locale":"de_DE","og_type":"article","og_title":"Der Deutsche Bundesrat - Reisebericht, Fotos, Urlaub & Reise","og_description":"Der Deutsche Bundesrat - Weltweit Urlaub Blog - Urlaub und Kurzurlaub, Reisebericht \u00fcber Reise u. Urlaubsorte in Deutschland und Reiseziele in Europa und weltweit.","og_url":"https:\/\/www.weltweit-urlaub.de\/blog\/der-deutsche-bundesrat\/","og_site_name":"Weltweit Urlaub Blog","article_publisher":"https:\/\/www.facebook.com\/pages\/Weltweit-Urlaub\/180623258643736","article_published_time":"2013-02-01T11:13:20+00:00","article_modified_time":"2013-04-04T11:30:25+00:00","og_image":[{"url":"https:\/\/www.weltweit-urlaub.de\/blog\/wp-content\/uploads\/deutscher-bundesrat.jpg","type":"","width":"","height":""}],"author":"Franz","twitter_misc":{"Verfasst von":"Franz","Gesch\u00e4tzte Lesezeit":"2\u00a0Minuten"},"schema":{"@context":"https:\/\/schema.org","@graph":[{"@type":"WebPage","@id":"https:\/\/www.weltweit-urlaub.de\/blog\/der-deutsche-bundesrat\/","url":"https:\/\/www.weltweit-urlaub.de\/blog\/der-deutsche-bundesrat\/","name":"Der Deutsche Bundesrat - Reisebericht, Fotos, Urlaub & Reise","isPartOf":{"@id":"https:\/\/www.weltweit-urlaub.de\/blog\/#website"},"primaryImageOfPage":{"@id":"https:\/\/www.weltweit-urlaub.de\/blog\/der-deutsche-bundesrat\/#primaryimage"},"image":{"@id":"https:\/\/www.weltweit-urlaub.de\/blog\/der-deutsche-bundesrat\/#primaryimage"},"thumbnailUrl":"https:\/\/www.weltweit-urlaub.de\/blog\/wp-content\/uploads\/deutscher-bundesrat.jpg","datePublished":"2013-02-01T11:13:20+00:00","dateModified":"2013-04-04T11:30:25+00:00","author":{"@id":"https:\/\/www.weltweit-urlaub.de\/blog\/#\/schema\/person\/580334b794d1d84c44ed185071077fc3"},"description":"Der Deutsche Bundesrat - Weltweit Urlaub Blog - Urlaub und Kurzurlaub, Reisebericht \u00fcber Reise u. Urlaubsorte in Deutschland und Reiseziele in Europa und weltweit.","breadcrumb":{"@id":"https:\/\/www.weltweit-urlaub.de\/blog\/der-deutsche-bundesrat\/#breadcrumb"},"inLanguage":"de","potentialAction":[{"@type":"ReadAction","target":["https:\/\/www.weltweit-urlaub.de\/blog\/der-deutsche-bundesrat\/"]}]},{"@type":"ImageObject","inLanguage":"de","@id":"https:\/\/www.weltweit-urlaub.de\/blog\/der-deutsche-bundesrat\/#primaryimage","url":"https:\/\/www.weltweit-urlaub.de\/blog\/wp-content\/uploads\/deutscher-bundesrat.jpg","contentUrl":"https:\/\/www.weltweit-urlaub.de\/blog\/wp-content\/uploads\/deutscher-bundesrat.jpg","width":"450","height":"338","caption":"Deutscher Bundesrat"},{"@type":"BreadcrumbList","@id":"https:\/\/www.weltweit-urlaub.de\/blog\/der-deutsche-bundesrat\/#breadcrumb","itemListElement":[{"@type":"ListItem","position":1,"name":"Home","item":"https:\/\/www.weltweit-urlaub.de\/blog\/"},{"@type":"ListItem","position":2,"name":"Der Deutsche Bundesrat"}]},{"@type":"WebSite","@id":"https:\/\/www.weltweit-urlaub.de\/blog\/#website","url":"https:\/\/www.weltweit-urlaub.de\/blog\/","name":"Weltweit Urlaub Blog","description":"Das Weltweit Urlaub Blog berichtet von L\u00e4ndern, St\u00e4dten und Regionen rund um den Globus...","potentialAction":[{"@type":"SearchAction","target":{"@type":"EntryPoint","urlTemplate":"https:\/\/www.weltweit-urlaub.de\/blog\/?s={search_term_string}"},"query-input":{"@type":"PropertyValueSpecification","valueRequired":true,"valueName":"search_term_string"}}],"inLanguage":"de"},{"@type":"Person","@id":"https:\/\/www.weltweit-urlaub.de\/blog\/#\/schema\/person\/580334b794d1d84c44ed185071077fc3","name":"Franz","image":{"@type":"ImageObject","inLanguage":"de","@id":"https:\/\/www.weltweit-urlaub.de\/blog\/#\/schema\/person\/image\/","url":"https:\/\/secure.gravatar.com\/avatar\/61e4c9d2e568c90c06cae6dfa71dc329?s=96&d=mm&r=g","contentUrl":"https:\/\/secure.gravatar.com\/avatar\/61e4c9d2e568c90c06cae6dfa71dc329?s=96&d=mm&r=g","caption":"Franz"},"sameAs":["https:\/\/www.weltweit-urlaub.de\/blog\/"]}]}},"_links":{"self":[{"href":"https:\/\/www.weltweit-urlaub.de\/blog\/wp-json\/wp\/v2\/posts\/9903"}],"collection":[{"href":"https:\/\/www.weltweit-urlaub.de\/blog\/wp-json\/wp\/v2\/posts"}],"about":[{"href":"https:\/\/www.weltweit-urlaub.de\/blog\/wp-json\/wp\/v2\/types\/post"}],"author":[{"embeddable":true,"href":"https:\/\/www.weltweit-urlaub.de\/blog\/wp-json\/wp\/v2\/users\/10"}],"replies":[{"embeddable":true,"href":"https:\/\/www.weltweit-urlaub.de\/blog\/wp-json\/wp\/v2\/comments?post=9903"}],"version-history":[{"count":22,"href":"https:\/\/www.weltweit-urlaub.de\/blog\/wp-json\/wp\/v2\/posts\/9903\/revisions"}],"predecessor-version":[{"id":9906,"href":"https:\/\/www.weltweit-urlaub.de\/blog\/wp-json\/wp\/v2\/posts\/9903\/revisions\/9906"}],"wp:attachment":[{"href":"https:\/\/www.weltweit-urlaub.de\/blog\/wp-json\/wp\/v2\/media?parent=9903"}],"wp:term":[{"taxonomy":"category","embeddable":true,"href":"https:\/\/www.weltweit-urlaub.de\/blog\/wp-json\/wp\/v2\/categories?post=9903"},{"taxonomy":"post_tag","embeddable":true,"href":"https:\/\/www.weltweit-urlaub.de\/blog\/wp-json\/wp\/v2\/tags?post=9903"}],"curies":[{"name":"wp","href":"https:\/\/api.w.org\/{rel}","templated":true}]}}