{"id":9673,"date":"2013-01-29T17:01:45","date_gmt":"2013-01-29T16:01:45","guid":{"rendered":"http:\/\/www.weltweit-urlaub.de\/blog\/?p=9673"},"modified":"2013-01-29T17:02:58","modified_gmt":"2013-01-29T16:02:58","slug":"berlin-gendarmenmarkt-und-bundesrat","status":"publish","type":"post","link":"https:\/\/www.weltweit-urlaub.de\/blog\/berlin-gendarmenmarkt-und-bundesrat\/","title":{"rendered":"Berlin &#8211; Vom Gendarmenmarkt zum Finanzministerium und zum Bundesrat"},"content":{"rendered":"<p>Wir setzen unseren Berlin-Spaziergang fort. <strong>Zur Erinnerung:<\/strong> Wir sind am <a target=\"_blank\" href=\"https:\/\/www.weltweit-urlaub.de\/blog\/berlin-der-alexanderplatz\/\" ><strong>Alexanderplatz<\/strong><\/a> gestartet. Dann gingen wir \u00fcber <strong>Rotes Rathaus,<\/strong> <strong>Nikolaiviertel, Friedrichswerdersche Kirche zum Gendarmenmarkt<\/strong> mit dem <strong>Franz\u00f6sischen Dom, <\/strong>dem<strong> Konzerthaus, <\/strong>dem <strong>Schillerdenkmal<\/strong> und dem <strong>Deutschen Dom<\/strong>.<\/p>\n<p>Heute gehen wir weiter durch die <strong>Mohrenstra\u00dfe, Friedrichstra\u00dfe, Leipziger<\/strong> Stra\u00dfe zum <strong>Finanzministerium<\/strong> und dem<strong> Deutschen Bundesrat.<\/strong><\/p>\n<div id=\"attachment_10073\" style=\"width: 460px\" class=\"wp-caption aligncenter\"><img loading=\"lazy\" decoding=\"async\" aria-describedby=\"caption-attachment-10073\" class=\"size-full wp-image-10073\" title=\"Deutscher Dom\" alt=\"Deutscher Dom\" src=\"https:\/\/www.weltweit-urlaub.de\/blog\/wp-content\/uploads\/deutscher-dom.jpg\" width=\"450\" height=\"338\" border=\"1\" \/><p id=\"caption-attachment-10073\" class=\"wp-caption-text\"><em>Die U-Bahn-Station <strong>&#8222;Stadtmitte&#8220;<\/strong> vor dem Deutschen Dom<\/em><\/p><\/div>\n<div id=\"attachment_10071\" style=\"width: 460px\" class=\"wp-caption aligncenter\"><img loading=\"lazy\" decoding=\"async\" aria-describedby=\"caption-attachment-10071\" class=\"size-full wp-image-10071\" title=\"Mohrenstra\u00dfe\" alt=\"Mohrenstra\u00dfe\" src=\"https:\/\/www.weltweit-urlaub.de\/blog\/wp-content\/uploads\/mohrenstrase.jpg\" width=\"450\" height=\"338\" border=\"1\" \/><p id=\"caption-attachment-10071\" class=\"wp-caption-text\"><em>Mohrenstra\u00dfe, in der Mitte das <strong>Justizministerium<\/strong><\/em><\/p><\/div>\n<p>In der Mohrenstra\u00dfe am Gendarmenmarkt befindet sich ein Riesen-Schokoladengesch\u00e4ft mit einer Schokoladen-Ausstellung. Zu besichtigen sind unter anderem das <strong>Brandenburger Tor<\/strong>, hergestellt aus 300 kg Schokolade, der <strong>Fernsehturm<\/strong> und das <strong>Reichstagsgeb\u00e4ude<\/strong>, der heutige <strong>Bundestag<\/strong>.<\/p>\n<div id=\"attachment_9901\" style=\"width: 460px\" class=\"wp-caption aligncenter\"><img loading=\"lazy\" decoding=\"async\" aria-describedby=\"caption-attachment-9901\" class=\"size-full wp-image-9901\" title=\"Brandenburger Tor\" alt=\"border=&quot;1&quot;\" src=\"https:\/\/www.weltweit-urlaub.de\/blog\/wp-content\/uploads\/brandenburger-tor.jpg\" width=\"450\" height=\"338\" border=\"1\" \/><p id=\"caption-attachment-9901\" class=\"wp-caption-text\"><em>Brandenburger Tor aus purer Schokolade<\/em><\/p><\/div>\n<p>&nbsp;<\/p>\n<div id=\"attachment_10075\" style=\"width: 460px\" class=\"wp-caption aligncenter\"><img loading=\"lazy\" decoding=\"async\" aria-describedby=\"caption-attachment-10075\" class=\"size-full wp-image-10075\" title=\"Reichstag\" alt=\"Reichstag\" src=\"https:\/\/www.weltweit-urlaub.de\/blog\/wp-content\/uploads\/reichstag.jpg\" width=\"450\" height=\"338\" border=\"1\" \/><p id=\"caption-attachment-10075\" class=\"wp-caption-text\"><em>Reichstag, heutiger Bundestag aus Schokolade<\/em><\/p><\/div>\n<p style=\"text-align: left\" align=\"center\">Wir gehen weiter die Mohrenstra\u00dfe hinunter bis zur Ecke Friedrichstra\u00dfe, dann nach links bis zur Leipziger Stra\u00dfe, dann nach rechts. Bald sehen wir linkerhand schon das Geb\u00e4ude des Museums f\u00fcr Kommunikation. Etwas sp\u00e4ter gelangen wir wir an den riesigen grauen Bau des Finanzministeriums.<\/p>\n<div id=\"attachment_10087\" style=\"width: 460px\" class=\"wp-caption aligncenter\"><img loading=\"lazy\" decoding=\"async\" aria-describedby=\"caption-attachment-10087\" class=\"size-full wp-image-10087\" title=\"Friedrichstra\u00dfe nach Norden gesehen\" alt=\"Friedrichstra\u00dfe nach Norden gesehen\" src=\"https:\/\/www.weltweit-urlaub.de\/blog\/wp-content\/uploads\/friedrichstrase-nach-norden-gesehen.jpg\" width=\"450\" height=\"338\" border=\"1\" \/><p id=\"caption-attachment-10087\" class=\"wp-caption-text\"><em>Friedrichstra\u00dfe nach Norden gesehen<\/em><\/p><\/div>\n<div id=\"attachment_10088\" style=\"width: 460px\" class=\"wp-caption aligncenter\"><img loading=\"lazy\" decoding=\"async\" aria-describedby=\"caption-attachment-10088\" class=\"size-full wp-image-10088\" title=\"Friedrichstra\u00dfe nach S\u00fcden\" alt=\"Friedrichstra\u00dfe nach S\u00fcden\" src=\"https:\/\/www.weltweit-urlaub.de\/blog\/wp-content\/uploads\/friedrichstrase-nach-suden.jpg\" width=\"450\" height=\"338\" border=\"1\" \/><p id=\"caption-attachment-10088\" class=\"wp-caption-text\"><em>Friedrichstra\u00dfe nach S\u00fcden mit U-Bahn-Station &#8222;Stadtmitte&#8220; (s\u00fcdlicher Eingang).<\/em><\/p><\/div>\n<div id=\"attachment_10076\" style=\"width: 460px\" class=\"wp-caption aligncenter\"><img loading=\"lazy\" decoding=\"async\" aria-describedby=\"caption-attachment-10076\" class=\"size-full wp-image-10076\" title=\"Leipziger Stra\u00dfe\" alt=\"Leipziger Stra\u00dfe\" src=\"https:\/\/www.weltweit-urlaub.de\/blog\/wp-content\/uploads\/leipziger-strase.jpg\" width=\"450\" height=\"338\" border=\"1\" \/><p id=\"caption-attachment-10076\" class=\"wp-caption-text\"><em>Leipziger Stra\u00dfe<\/em><\/p><\/div>\n<div id=\"attachment_10077\" style=\"width: 460px\" class=\"wp-caption aligncenter\"><img loading=\"lazy\" decoding=\"async\" aria-describedby=\"caption-attachment-10077\" class=\"size-full wp-image-10077\" title=\"Museum f\u00fcr Kommunikation\" alt=\"Museum f\u00fcr Kommunikation\" src=\"https:\/\/www.weltweit-urlaub.de\/blog\/wp-content\/uploads\/museum-fur-kommunikation.jpg\" width=\"450\" height=\"338\" border=\"1\" \/><p id=\"caption-attachment-10077\" class=\"wp-caption-text\"><em>Leipziger Stra\u00dfe mit Museum f\u00fcr Kommunikation<\/em><\/p><\/div>\n<div id=\"attachment_10078\" style=\"width: 460px\" class=\"wp-caption aligncenter\"><img loading=\"lazy\" decoding=\"async\" aria-describedby=\"caption-attachment-10078\" class=\" wp-image-10078\" title=\"Museum f\u00fcr Kommunikation und Aussichtsballon\" alt=\"Museum f\u00fcr Kommunikation und Aussichtsballon\" src=\"https:\/\/www.weltweit-urlaub.de\/blog\/wp-content\/uploads\/museum-fur-kommunikation-und-aussichtsballon.jpg\" width=\"450\" height=\"338\" border=\"1\" \/><p id=\"caption-attachment-10078\" class=\"wp-caption-text\"><em>Museum f\u00fcr Kommunikation und der Aussichtsballon<\/em><\/p><\/div>\n<p>In diesem Ballon kann jedermann gegen eine Geb\u00fchr senkrecht aufsteigen und eine Weile oben den Rundblick \u00fcber <a target=\"_blank\" href=\"https:\/\/www.weltweit-urlaub.de\/deutschland\/berlin\/\" >Berlin<\/a> genie\u00dfen. Der Start- und Landeplatz befindet sich am &#8222;Checkpoint Charlie&#8220;.<\/p>\n<div id=\"attachment_10079\" style=\"width: 460px\" class=\"wp-caption aligncenter\"><img loading=\"lazy\" decoding=\"async\" aria-describedby=\"caption-attachment-10079\" class=\"size-full wp-image-10079\" title=\"Finanzministerium\" alt=\"Finanzministerium\" src=\"https:\/\/www.weltweit-urlaub.de\/blog\/wp-content\/uploads\/finanzministerium.jpg\" width=\"450\" height=\"338\" border=\"1\" \/><p id=\"caption-attachment-10079\" class=\"wp-caption-text\"><em>Ein kleiner Ausschnitt des Finanzministeriums, der H\u00e4userblock breitet sich in zwei Richtungen \u00fcber mehrere hundert Meter aus.<\/em><\/p><\/div>\n<p>&nbsp;<\/p>\n<div id=\"attachment_10080\" style=\"width: 460px\" class=\"wp-caption aligncenter\"><img loading=\"lazy\" decoding=\"async\" aria-describedby=\"caption-attachment-10080\" class=\"size-full wp-image-10080\" title=\"Eingang Finanzministerium\" alt=\"Eingang Finanzministerium\" src=\"https:\/\/www.weltweit-urlaub.de\/blog\/wp-content\/uploads\/eingang-finanzministerium.jpg\" width=\"450\" height=\"338\" border=\"1\" \/><p id=\"caption-attachment-10080\" class=\"wp-caption-text\"><em>Eingang Finanzministerium<\/em><\/p><\/div>\n<div id=\"attachment_10081\" style=\"width: 460px\" class=\"wp-caption aligncenter\"><img loading=\"lazy\" decoding=\"async\" aria-describedby=\"caption-attachment-10081\" class=\"size-full wp-image-10081\" title=\"DB-Hochhaus\" alt=\"DB-Hochhaus\" src=\"https:\/\/www.weltweit-urlaub.de\/blog\/wp-content\/uploads\/db-hochhaus.jpg\" width=\"450\" height=\"338\" border=\"1\" \/><p id=\"caption-attachment-10081\" class=\"wp-caption-text\"><em>Entlang des Finanzministeriums, im Hintergrund sehen wir schon das DB-Hochhaus am Potzdamer Platz.<\/em><\/p><\/div>\n<div id=\"attachment_10082\" style=\"width: 460px\" class=\"wp-caption aligncenter\"><img loading=\"lazy\" decoding=\"async\" aria-describedby=\"caption-attachment-10082\" class=\"size-full wp-image-10082\" title=\"Deutschen Bundestag\" alt=\"Deutschen Bundestag\" src=\"https:\/\/www.weltweit-urlaub.de\/blog\/wp-content\/uploads\/deutschen-bundestag.jpg\" width=\"450\" height=\"338\" border=\"1\" \/><p id=\"caption-attachment-10082\" class=\"wp-caption-text\"><em>Wir erreichen den <strong>Deutschen Bundesrat<\/strong> in der Leipziger Stra\u00dfe. Er liegt direkt neben dem Ministerium f\u00fcr Finanzen.<\/em><\/p><\/div>\n<p>Im n\u00e4chsten Blogbeitrag besichtigen wir den Deutschen Bundesrat von innen. Dazu braucht man eine Menge Gl\u00fcck, denn er ist nur selten f\u00fcr Besucher zug\u00e4nglich. Freuen Sie sich auf den diesj\u00e4hrigen Bundesrats-Pr\u00e4sidenten Horst Seehofer.<\/p>\n<p><strong>Reisen &amp; Tipps f\u00fcr Ihre Berlin &#8211; St\u00e4dtereise:<\/strong><br \/>\n<a target=\"_blank\" href=\"https:\/\/www.weltweit-urlaub.de\/service\/hotels\/deutschland\/berlin\/\" title=\"Hotels Berlin\" rel=\"nofollow\" >Hotels in Berlin<\/a><br \/>\n<a target=\"_blank\" href=\"https:\/\/www.weltweit-urlaub.de\/service\/ferienhaeuser-fewos\/deutschland\/berlin\/\" title=\"Ferienwohnung in Berlin\" rel=\"nofollow\" >Ferienwohnungen in Berlin<\/a><br \/>\n<a target=\"_blank\" href=\"https:\/\/www.weltweit-urlaub.de\/service\/reisen\/busreisen\/berlin\/\" rel=\"nofollow\" >St\u00e4dtereisen &amp; Busreisen nach Berlin<\/a><br \/>\n<a target=\"_blank\" href=\"https:\/\/www.weltweit-urlaub.de\/reisen\/kurzurlaub\/deutschland\/berlin\/\" title=\"Kurzreisen Berlin\" >Kurzreisen nach Berlin<\/a><br \/>\n<a target=\"_blank\" href=\"https:\/\/www.weltweit-urlaub.de\/verzeichnis\/reisefuehrer\/deutschland\/berlin-drei-tage-fuehrer.php\" title=\"Hotel Berlin\" >Reisetipps Berlin<\/a><\/p>\n","protected":false},"excerpt":{"rendered":"<p>Wir setzen unseren Berlin-Spaziergang fort. Zur Erinnerung: Wir sind am Alexanderplatz gestartet. Dann gingen wir \u00fcber Rotes Rathaus, Nikolaiviertel, Friedrichswerdersche Kirche zum Gendarmenmarkt mit dem Franz\u00f6sischen Dom, dem Konzerthaus, dem Schillerdenkmal und dem Deutschen Dom. Heute gehen wir weiter durch die Mohrenstra\u00dfe, Friedrichstra\u00dfe, Leipziger Stra\u00dfe zum Finanzministerium und dem Deutschen Bundesrat. In der Mohrenstra\u00dfe am [&hellip;]<\/p>\n","protected":false},"author":10,"featured_media":0,"comment_status":"open","ping_status":"open","sticky":false,"template":"","format":"standard","meta":{"footnotes":""},"categories":[87,1,59,73,45],"tags":[],"class_list":["post-9673","post","type-post","status-publish","format-standard","hentry","category-reiseberichte","category-urlaubsblog","category-urlaubsfotos","category-berlin","category-deutschland"],"yoast_head":"<!-- This site is optimized with the Yoast SEO plugin v25.6 - https:\/\/yoast.com\/wordpress\/plugins\/seo\/ -->\n<title>Berlin - Vom Gendarmenmarkt zum Finanzministerium und zum Bundesrat - Reisebericht, Fotos, Urlaub &amp; Reise<\/title>\n<meta name=\"description\" content=\"Berlin - Vom Gendarmenmarkt zum Finanzministerium und zum Bundesrat - Weltweit Urlaub Blog - Urlaub und Kurzurlaub, Reisebericht \u00fcber Reise u. Urlaubsorte in Deutschland und Reiseziele in Europa und weltweit.\" \/>\n<meta name=\"robots\" content=\"index, follow, max-snippet:-1, max-image-preview:large, max-video-preview:-1\" \/>\n<link rel=\"canonical\" href=\"https:\/\/www.weltweit-urlaub.de\/blog\/berlin-gendarmenmarkt-und-bundesrat\/\" \/>\n<meta property=\"og:locale\" content=\"de_DE\" \/>\n<meta property=\"og:type\" content=\"article\" \/>\n<meta property=\"og:title\" content=\"Berlin - Vom Gendarmenmarkt zum Finanzministerium und zum Bundesrat - Reisebericht, Fotos, Urlaub &amp; Reise\" \/>\n<meta property=\"og:description\" content=\"Berlin - Vom Gendarmenmarkt zum Finanzministerium und zum Bundesrat - Weltweit Urlaub Blog - Urlaub und Kurzurlaub, Reisebericht \u00fcber Reise u. Urlaubsorte in Deutschland und Reiseziele in Europa und weltweit.\" \/>\n<meta property=\"og:url\" content=\"https:\/\/www.weltweit-urlaub.de\/blog\/berlin-gendarmenmarkt-und-bundesrat\/\" \/>\n<meta property=\"og:site_name\" content=\"Weltweit Urlaub Blog\" \/>\n<meta property=\"article:publisher\" content=\"https:\/\/www.facebook.com\/pages\/Weltweit-Urlaub\/180623258643736\" \/>\n<meta property=\"article:published_time\" content=\"2013-01-29T16:01:45+00:00\" \/>\n<meta property=\"article:modified_time\" content=\"2013-01-29T16:02:58+00:00\" \/>\n<meta property=\"og:image\" content=\"https:\/\/www.weltweit-urlaub.de\/blog\/wp-content\/uploads\/deutscher-dom.jpg\" \/>\n<meta name=\"author\" content=\"Franz\" \/>\n<meta name=\"twitter:label1\" content=\"Verfasst von\" \/>\n\t<meta name=\"twitter:data1\" content=\"Franz\" \/>\n\t<meta name=\"twitter:label2\" content=\"Gesch\u00e4tzte Lesezeit\" \/>\n\t<meta name=\"twitter:data2\" content=\"2\u00a0Minuten\" \/>\n<script type=\"application\/ld+json\" class=\"yoast-schema-graph\">{\"@context\":\"https:\/\/schema.org\",\"@graph\":[{\"@type\":\"WebPage\",\"@id\":\"https:\/\/www.weltweit-urlaub.de\/blog\/berlin-gendarmenmarkt-und-bundesrat\/\",\"url\":\"https:\/\/www.weltweit-urlaub.de\/blog\/berlin-gendarmenmarkt-und-bundesrat\/\",\"name\":\"Berlin - Vom Gendarmenmarkt zum Finanzministerium und zum Bundesrat - Reisebericht, Fotos, Urlaub & Reise\",\"isPartOf\":{\"@id\":\"https:\/\/www.weltweit-urlaub.de\/blog\/#website\"},\"primaryImageOfPage\":{\"@id\":\"https:\/\/www.weltweit-urlaub.de\/blog\/berlin-gendarmenmarkt-und-bundesrat\/#primaryimage\"},\"image\":{\"@id\":\"https:\/\/www.weltweit-urlaub.de\/blog\/berlin-gendarmenmarkt-und-bundesrat\/#primaryimage\"},\"thumbnailUrl\":\"https:\/\/www.weltweit-urlaub.de\/blog\/wp-content\/uploads\/deutscher-dom.jpg\",\"datePublished\":\"2013-01-29T16:01:45+00:00\",\"dateModified\":\"2013-01-29T16:02:58+00:00\",\"author\":{\"@id\":\"https:\/\/www.weltweit-urlaub.de\/blog\/#\/schema\/person\/580334b794d1d84c44ed185071077fc3\"},\"description\":\"Berlin - Vom Gendarmenmarkt zum Finanzministerium und zum Bundesrat - Weltweit Urlaub Blog - Urlaub und Kurzurlaub, Reisebericht \u00fcber Reise u. Urlaubsorte in Deutschland und Reiseziele in Europa und weltweit.\",\"breadcrumb\":{\"@id\":\"https:\/\/www.weltweit-urlaub.de\/blog\/berlin-gendarmenmarkt-und-bundesrat\/#breadcrumb\"},\"inLanguage\":\"de\",\"potentialAction\":[{\"@type\":\"ReadAction\",\"target\":[\"https:\/\/www.weltweit-urlaub.de\/blog\/berlin-gendarmenmarkt-und-bundesrat\/\"]}]},{\"@type\":\"ImageObject\",\"inLanguage\":\"de\",\"@id\":\"https:\/\/www.weltweit-urlaub.de\/blog\/berlin-gendarmenmarkt-und-bundesrat\/#primaryimage\",\"url\":\"https:\/\/www.weltweit-urlaub.de\/blog\/wp-content\/uploads\/deutscher-dom.jpg\",\"contentUrl\":\"https:\/\/www.weltweit-urlaub.de\/blog\/wp-content\/uploads\/deutscher-dom.jpg\",\"width\":\"450\",\"height\":\"338\",\"caption\":\"Die U-Bahn-Station \\\"Stadtmitte\\\" am Deutschen Dom\"},{\"@type\":\"BreadcrumbList\",\"@id\":\"https:\/\/www.weltweit-urlaub.de\/blog\/berlin-gendarmenmarkt-und-bundesrat\/#breadcrumb\",\"itemListElement\":[{\"@type\":\"ListItem\",\"position\":1,\"name\":\"Home\",\"item\":\"https:\/\/www.weltweit-urlaub.de\/blog\/\"},{\"@type\":\"ListItem\",\"position\":2,\"name\":\"Berlin &#8211; Vom Gendarmenmarkt zum Finanzministerium und zum Bundesrat\"}]},{\"@type\":\"WebSite\",\"@id\":\"https:\/\/www.weltweit-urlaub.de\/blog\/#website\",\"url\":\"https:\/\/www.weltweit-urlaub.de\/blog\/\",\"name\":\"Weltweit Urlaub Blog\",\"description\":\"Das Weltweit Urlaub Blog berichtet von L\u00e4ndern, St\u00e4dten und Regionen rund um den Globus...\",\"potentialAction\":[{\"@type\":\"SearchAction\",\"target\":{\"@type\":\"EntryPoint\",\"urlTemplate\":\"https:\/\/www.weltweit-urlaub.de\/blog\/?s={search_term_string}\"},\"query-input\":{\"@type\":\"PropertyValueSpecification\",\"valueRequired\":true,\"valueName\":\"search_term_string\"}}],\"inLanguage\":\"de\"},{\"@type\":\"Person\",\"@id\":\"https:\/\/www.weltweit-urlaub.de\/blog\/#\/schema\/person\/580334b794d1d84c44ed185071077fc3\",\"name\":\"Franz\",\"image\":{\"@type\":\"ImageObject\",\"inLanguage\":\"de\",\"@id\":\"https:\/\/www.weltweit-urlaub.de\/blog\/#\/schema\/person\/image\/\",\"url\":\"https:\/\/secure.gravatar.com\/avatar\/61e4c9d2e568c90c06cae6dfa71dc329?s=96&d=mm&r=g\",\"contentUrl\":\"https:\/\/secure.gravatar.com\/avatar\/61e4c9d2e568c90c06cae6dfa71dc329?s=96&d=mm&r=g\",\"caption\":\"Franz\"},\"sameAs\":[\"https:\/\/www.weltweit-urlaub.de\/blog\/\"]}]}<\/script>\n<!-- \/ Yoast SEO plugin. -->","yoast_head_json":{"title":"Berlin - Vom Gendarmenmarkt zum Finanzministerium und zum Bundesrat - Reisebericht, Fotos, Urlaub & Reise","description":"Berlin - Vom Gendarmenmarkt zum Finanzministerium und zum Bundesrat - Weltweit Urlaub Blog - Urlaub und Kurzurlaub, Reisebericht \u00fcber Reise u. Urlaubsorte in Deutschland und Reiseziele in Europa und weltweit.","robots":{"index":"index","follow":"follow","max-snippet":"max-snippet:-1","max-image-preview":"max-image-preview:large","max-video-preview":"max-video-preview:-1"},"canonical":"https:\/\/www.weltweit-urlaub.de\/blog\/berlin-gendarmenmarkt-und-bundesrat\/","og_locale":"de_DE","og_type":"article","og_title":"Berlin - Vom Gendarmenmarkt zum Finanzministerium und zum Bundesrat - Reisebericht, Fotos, Urlaub & Reise","og_description":"Berlin - Vom Gendarmenmarkt zum Finanzministerium und zum Bundesrat - Weltweit Urlaub Blog - Urlaub und Kurzurlaub, Reisebericht \u00fcber Reise u. Urlaubsorte in Deutschland und Reiseziele in Europa und weltweit.","og_url":"https:\/\/www.weltweit-urlaub.de\/blog\/berlin-gendarmenmarkt-und-bundesrat\/","og_site_name":"Weltweit Urlaub Blog","article_publisher":"https:\/\/www.facebook.com\/pages\/Weltweit-Urlaub\/180623258643736","article_published_time":"2013-01-29T16:01:45+00:00","article_modified_time":"2013-01-29T16:02:58+00:00","og_image":[{"url":"https:\/\/www.weltweit-urlaub.de\/blog\/wp-content\/uploads\/deutscher-dom.jpg","type":"","width":"","height":""}],"author":"Franz","twitter_misc":{"Verfasst von":"Franz","Gesch\u00e4tzte Lesezeit":"2\u00a0Minuten"},"schema":{"@context":"https:\/\/schema.org","@graph":[{"@type":"WebPage","@id":"https:\/\/www.weltweit-urlaub.de\/blog\/berlin-gendarmenmarkt-und-bundesrat\/","url":"https:\/\/www.weltweit-urlaub.de\/blog\/berlin-gendarmenmarkt-und-bundesrat\/","name":"Berlin - Vom Gendarmenmarkt zum Finanzministerium und zum Bundesrat - Reisebericht, Fotos, Urlaub & Reise","isPartOf":{"@id":"https:\/\/www.weltweit-urlaub.de\/blog\/#website"},"primaryImageOfPage":{"@id":"https:\/\/www.weltweit-urlaub.de\/blog\/berlin-gendarmenmarkt-und-bundesrat\/#primaryimage"},"image":{"@id":"https:\/\/www.weltweit-urlaub.de\/blog\/berlin-gendarmenmarkt-und-bundesrat\/#primaryimage"},"thumbnailUrl":"https:\/\/www.weltweit-urlaub.de\/blog\/wp-content\/uploads\/deutscher-dom.jpg","datePublished":"2013-01-29T16:01:45+00:00","dateModified":"2013-01-29T16:02:58+00:00","author":{"@id":"https:\/\/www.weltweit-urlaub.de\/blog\/#\/schema\/person\/580334b794d1d84c44ed185071077fc3"},"description":"Berlin - Vom Gendarmenmarkt zum Finanzministerium und zum Bundesrat - Weltweit Urlaub Blog - Urlaub und Kurzurlaub, Reisebericht \u00fcber Reise u. Urlaubsorte in Deutschland und Reiseziele in Europa und weltweit.","breadcrumb":{"@id":"https:\/\/www.weltweit-urlaub.de\/blog\/berlin-gendarmenmarkt-und-bundesrat\/#breadcrumb"},"inLanguage":"de","potentialAction":[{"@type":"ReadAction","target":["https:\/\/www.weltweit-urlaub.de\/blog\/berlin-gendarmenmarkt-und-bundesrat\/"]}]},{"@type":"ImageObject","inLanguage":"de","@id":"https:\/\/www.weltweit-urlaub.de\/blog\/berlin-gendarmenmarkt-und-bundesrat\/#primaryimage","url":"https:\/\/www.weltweit-urlaub.de\/blog\/wp-content\/uploads\/deutscher-dom.jpg","contentUrl":"https:\/\/www.weltweit-urlaub.de\/blog\/wp-content\/uploads\/deutscher-dom.jpg","width":"450","height":"338","caption":"Die U-Bahn-Station \"Stadtmitte\" am Deutschen Dom"},{"@type":"BreadcrumbList","@id":"https:\/\/www.weltweit-urlaub.de\/blog\/berlin-gendarmenmarkt-und-bundesrat\/#breadcrumb","itemListElement":[{"@type":"ListItem","position":1,"name":"Home","item":"https:\/\/www.weltweit-urlaub.de\/blog\/"},{"@type":"ListItem","position":2,"name":"Berlin &#8211; Vom Gendarmenmarkt zum Finanzministerium und zum Bundesrat"}]},{"@type":"WebSite","@id":"https:\/\/www.weltweit-urlaub.de\/blog\/#website","url":"https:\/\/www.weltweit-urlaub.de\/blog\/","name":"Weltweit Urlaub Blog","description":"Das Weltweit Urlaub Blog berichtet von L\u00e4ndern, St\u00e4dten und Regionen rund um den Globus...","potentialAction":[{"@type":"SearchAction","target":{"@type":"EntryPoint","urlTemplate":"https:\/\/www.weltweit-urlaub.de\/blog\/?s={search_term_string}"},"query-input":{"@type":"PropertyValueSpecification","valueRequired":true,"valueName":"search_term_string"}}],"inLanguage":"de"},{"@type":"Person","@id":"https:\/\/www.weltweit-urlaub.de\/blog\/#\/schema\/person\/580334b794d1d84c44ed185071077fc3","name":"Franz","image":{"@type":"ImageObject","inLanguage":"de","@id":"https:\/\/www.weltweit-urlaub.de\/blog\/#\/schema\/person\/image\/","url":"https:\/\/secure.gravatar.com\/avatar\/61e4c9d2e568c90c06cae6dfa71dc329?s=96&d=mm&r=g","contentUrl":"https:\/\/secure.gravatar.com\/avatar\/61e4c9d2e568c90c06cae6dfa71dc329?s=96&d=mm&r=g","caption":"Franz"},"sameAs":["https:\/\/www.weltweit-urlaub.de\/blog\/"]}]}},"_links":{"self":[{"href":"https:\/\/www.weltweit-urlaub.de\/blog\/wp-json\/wp\/v2\/posts\/9673"}],"collection":[{"href":"https:\/\/www.weltweit-urlaub.de\/blog\/wp-json\/wp\/v2\/posts"}],"about":[{"href":"https:\/\/www.weltweit-urlaub.de\/blog\/wp-json\/wp\/v2\/types\/post"}],"author":[{"embeddable":true,"href":"https:\/\/www.weltweit-urlaub.de\/blog\/wp-json\/wp\/v2\/users\/10"}],"replies":[{"embeddable":true,"href":"https:\/\/www.weltweit-urlaub.de\/blog\/wp-json\/wp\/v2\/comments?post=9673"}],"version-history":[{"count":36,"href":"https:\/\/www.weltweit-urlaub.de\/blog\/wp-json\/wp\/v2\/posts\/9673\/revisions"}],"predecessor-version":[{"id":9688,"href":"https:\/\/www.weltweit-urlaub.de\/blog\/wp-json\/wp\/v2\/posts\/9673\/revisions\/9688"}],"wp:attachment":[{"href":"https:\/\/www.weltweit-urlaub.de\/blog\/wp-json\/wp\/v2\/media?parent=9673"}],"wp:term":[{"taxonomy":"category","embeddable":true,"href":"https:\/\/www.weltweit-urlaub.de\/blog\/wp-json\/wp\/v2\/categories?post=9673"},{"taxonomy":"post_tag","embeddable":true,"href":"https:\/\/www.weltweit-urlaub.de\/blog\/wp-json\/wp\/v2\/tags?post=9673"}],"curies":[{"name":"wp","href":"https:\/\/api.w.org\/{rel}","templated":true}]}}