{"id":6596,"date":"2011-12-16T00:01:44","date_gmt":"2011-12-16T00:01:44","guid":{"rendered":"http:\/\/www.weltweit-urlaub.de\/blog\/?p=6596"},"modified":"2015-01-09T19:38:52","modified_gmt":"2015-01-09T18:38:52","slug":"innsbruck-die-stadt-der-alpen","status":"publish","type":"post","link":"https:\/\/www.weltweit-urlaub.de\/blog\/innsbruck-die-stadt-der-alpen\/","title":{"rendered":"Innsbruck &#8211; die Stadt der Alpen"},"content":{"rendered":"<p><strong>Innsbruck<\/strong>, die Hauptstadt von Tirol <a target=\"_blank\" href=\"https:\/\/www.weltweit-urlaub.de\/oesterreich\/tirol\/\" >Tirol<\/a>, in <a target=\"_blank\" href=\"https:\/\/www.weltweit-urlaub.de\/oesterreich\/\" >\u00d6sterreich<\/a> wird liebevoll <strong>das Herz der Alpen<\/strong> oder die <strong>Hauptstadt der Alpen<\/strong> genannt. Wenn man in Innsbruck auf Besuch war, versteht man weshalb. Die Kulisse ist beeindruckend, die Stadt erhebt sich vor der m\u00e4chtigen <strong>Nordkette<\/strong>, welche einen gro\u00dfen Teil der <strong>Alpen<\/strong> bildet. Rundherum, soweit der Blick reicht, sieht man Bergspitzen und Gipfel. Man merkt es hier mehr als sonstwo, dass <strong>Tirol das Land der Berge<\/strong> ist, wie es bereits in der \u00d6sterreichischen Nationalhymne erklingt.<\/p>\n<p><strong>Land der Berge, Land der Fl\u00fcsse&#8230;<\/strong><\/p>\n<p>Den Namen hat die Stadt dem <strong>Flu\u00df Inn<\/strong>, der in die <strong>Donau<\/strong> m\u00fcndet, zu verdanken. Der Inn durchfliesst Innsbruck wie eine gr\u00fcne Arterie und mehrere Br\u00fccken vereinen die beiden Ufer, deshalb auch der zweite Teil des Namen : <strong>InnsBRUCK<\/strong>.<\/p>\n<p><img loading=\"lazy\" decoding=\"async\" src=\"https:\/\/www.weltweit-urlaub.de\/blog\/wp-content\/uploads\/bunte-fassaden-am-ufer-des-inn.jpg\" alt=\"Bunte Fassaden am Ufer des Inn\" title=\"Bunte Fassaden am Ufer des Inn\" width=\"450\" height=\"338\" class=\"aligncenter size-full wp-image-6597\" border=\"1\"\/><br \/>\n<em>Bunte Fassaden am Ufer des Inn<\/em><\/p>\n<p>Bereits <strong>1964<\/strong> wurde Innsbruck der Titel <strong>Europastadt<\/strong> verliehen, damals war die EU noch in unerreichbarer Ferne und doch gab es hier schon Zukunftsvisionen \u00fcber ein vereintes Europa. Innsbruck ist international vor Allem durch die <strong>Olympischen Winterspiele<\/strong>, die zum 1. Mal <strong>1964<\/strong> und zum 2. Mal <strong>1976<\/strong> hier stattgefunden haben. Somit ist Innsbruck die einzige Stadt, in der innerhalb von 12 Jahren zwei Mal Olympische Winterspiele ausgetragen wurden.<\/p>\n<p><img loading=\"lazy\" decoding=\"async\" src=\"https:\/\/www.weltweit-urlaub.de\/blog\/wp-content\/uploads\/die-bergisel-sprungschanze.jpg\" alt=\"Die Bergisel Sprungschanze, die vor kurzem erneuert wurde und schon bei den Olympischen Spielen im Einsatz war\" title=\"Die Bergisel Sprungschanze, die vor kurzem erneuert wurde und schon bei den Olympischen Spielen im Einsatz war\" width=\"284\" height=\"178\" class=\"aligncenter size-full wp-image-6598\"  border=\"1\"\/><br \/>\n<em>Die Bergisel Sprungschanze, die vor kurzem erneuert wurde und schon bei den Olympischen Spielen im Einsatz war<\/em><\/p>\n<p>Innsbruck hat sehr viel an <strong><a target=\"_blank\" href=\"https:\/\/www.weltweit-urlaub.de\/reisen\/sonderreisen\/kulturreisen\/\" >Kultur<\/a>, Kunst, Architektur und Sehensw\u00fcrdigkeiten<\/strong> zu bieten. Hier k\u00f6nnen Sie das <strong>Volkskunstmuseum<\/strong> besuchen, wo alte <strong>Trachten, Handwerksger\u00e4te<\/strong> aus dem b\u00e4uerlichen Leben, <strong>allt\u00e4gliche Gegenst\u00e4nde<\/strong> und <strong>originalgetreue Einrichtungsgegenst\u00e4nde<\/strong> ausgestellt werden. Besonders interessant sind die <strong>alten Trachten der Speckbacher Sch\u00fctzen<\/strong>, die eigentlich in <strong>Hall in Tirol<\/strong> heimisch sind. <strong>Josef Speckbacher<\/strong> war ein bekannter <strong>Freiheitsk\u00e4mpfer<\/strong>, der auf Grund seiner tollk\u00fchnen und draufg\u00e4ngerischen Art bekannt und beliebt war. Es handelt sich so zu sagen um den <strong>&#8222;Che Guevara&#8220; Tirols<\/strong>.Er k\u00e4mpfte von von 1796 bis 1814 f\u00fcr <strong>die Freiheit Tirols<\/strong> und konnte mit einigen Truppen von Bauern, die keinerlei Kampferfahrung hatten, sogar Truppen des Kaisers von Wien besiegen. Ebenso im Volkskunstmuseum kann man <strong>traditonale Faschingskost\u00fcme<\/strong> und <strong><\/strong><strong>h\u00f6lzerne Masken<\/strong> bewundern.<\/p>\n<p>Eine weitere Sehensw\u00fcrdigkeit, die viel besucht wird, ist das <strong>Riesenrundgem\u00e4lde<\/strong>, das an die Schlacht vom Bergisel 1809 erinnert. Ebenso hier zu bewundern sind verschiedene Aufnahmen aus dem 2. Weltkrieg. <\/p>\n<p>Das Riesenrundgem\u00e4lde befindet sich unterhalb der <strong>Hungerburgbahn<\/strong>, die erst k\u00fcrzlich renoviert wurde und t\u00e4glich unz\u00e4hlige G\u00e4ste und Einheimische auf die Hungerburg auf der N\u00fcrdkette bef\u00f6rdert. Im Sommer kann man von der Hungerburg Bergstation aus sch\u00f6ne Wanderungen im <strong>Karwendelgebirge<\/strong> unternehmen. Im Winter ist dieses Gebiet rund um die <strong>Seegrube<\/strong> ein beliebtes <a target=\"_blank\" href=\"https:\/\/www.weltweit-urlaub.de\/winter\/skiurlaub\/tirol\/\" >Wintersportparadies<\/a>.<\/p>\n<p>Weitere Museen in Innsbruck sind  die <strong>Hofburg<\/strong>, ehemalige Residenz der <strong>Kaiserin Sissi<\/strong> auf ihren Tirol Besuchen, in der Josef Speckbacher nach seinem Tod beigesetzt wurde. Die Hofburg war <strong>Wohnsitz des Landesf\u00fcrsten Erzherzog Sigmund des M\u00fcnzreichen<\/strong>.<\/p>\n<p><img loading=\"lazy\" decoding=\"async\" src=\"https:\/\/www.weltweit-urlaub.de\/blog\/wp-content\/uploads\/die-hofburg.jpg\" alt=\"Die Hofburg\" title=\"Die Hofburg\" width=\"269\" height=\"187\" class=\"aligncenter size-full wp-image-6600\"  border=\"1\"\/><br \/>\n<em>Die Hofburg<\/em><\/p>\n<p>Wer sich f\u00fcr <strong>Kunst<\/strong> interessiert, der sollte dem <strong>Ferdinandeum in der Innenstadt<\/strong> einen Besuch abstatten, hier wecheln sich verschiedene Ausstellungen ab. Schwerpunkte liegen auf den verschiedensten Themenbereichen wie \u00c4gypten und die Pharaonen, das Mittelalter oder moderne Kunst, es ist f\u00fcr jeden Geschmack etwas dabei.<\/p>\n<p><img loading=\"lazy\" decoding=\"async\" src=\"https:\/\/www.weltweit-urlaub.de\/blog\/wp-content\/uploads\/vor-dem-ferdinandeum-in-innsbruck.jpg\" alt=\"Vor dem Ferdinandeum in Innsbruck\" title=\"Vor dem Ferdinandeum in Innsbruck\" width=\"450\" height=\"338\" class=\"aligncenter size-full wp-image-6601\"  border=\"1\"\/><br \/>\n<em>Vor dem Ferdinandeum in Innsbruck<\/em><\/p>\n<p>Weitere Sehensw\u00fcrdigkeiten sind das <strong>Schloss Ambras<\/strong>, etwas au\u00dferhalb von Innsbruck, das <strong>Wohnsitz der Grafen von Andechs<\/strong> war, und die <strong>Altstadt von Innsbruck<\/strong> mit dem <strong>Goldenen Dachl<\/strong>, der <strong>Triumphpforte<\/strong> und den wundersch\u00f6nen <strong>Fassaden im barrocken Stil<\/strong>. <\/p>\n<p><img loading=\"lazy\" decoding=\"async\" src=\"https:\/\/www.weltweit-urlaub.de\/blog\/wp-content\/uploads\/das-goldene-dachl-im-herzen-innsbrucks.jpg\" alt=\"Das Goldene Dachl im Herzen Innsbrucks\" title=\"Das Goldene Dachl im Herzen Innsbrucks\" width=\"253\" height=\"338\" class=\"aligncenter size-full wp-image-6602\"  border=\"1\"\/><br \/>\n<em>Das Goldene Dachl im Herzen Innsbrucks<\/em><\/p>\n<p>Kulturelle Highlights sind die <strong><a target=\"_blank\" href=\"https:\/\/www.weltweit-urlaub.de\/reisen\/sonderreisen\/konzerte\/\" >Konzerte<\/a> der Wiltener S\u00e4ngerknaben, der Tanzsommer, die Festspiele der Alten Musik, der Operettensommer<\/strong> und vieles mehr<\/p>\n<p>In und rund um Innsbruck kann man sowohl im <a target=\"_blank\" href=\"https:\/\/www.weltweit-urlaub.de\/winter\/skiurlaub\/tirol\/\" >Winter<\/a> als auch im <a target=\"_blank\" href=\"https:\/\/www.weltweit-urlaub.de\/oesterreich\/tirol\/\" >Sommer<\/a> verschiedene Sportarten betreiben. Im Winter reicht das Angebot vom <strong>Skifahren, Snowboarden, Schlittenfahren, Eisstock schiessen, Schlittschuh laufen, Pferdeschlitten fahren<\/strong> bis hin zu <strong>Langlauf, Ski Springen<\/strong> und vieles mehr. Im Sommer kann man sich an den <strong>Badeseen<\/strong> in der Umgeung erfreuen oder die wundersch\u00f6ne Landschaft auf <strong>Wanderungen<\/strong> genie\u00dfen. Es stehen in der Umgebung <strong>Sommerrodelbahnen, <a target=\"_blank\" href=\"https:\/\/www.weltweit-urlaub.de\/rubrik\/klettern-reisen\" >Klettersteige<\/a> und Erlebniswanderungen<\/strong> zur Verf\u00fcgung. Au\u00dferdem finden Sie zahlreiche <strong><a target=\"_blank\" href=\"https:\/\/www.weltweit-urlaub.de\/rubrik\/fahrrad-bike-reisen\/\" >Radwege<\/a><\/strong> und k\u00f6nnen sogar <strong>Canyoningen, Rafting, Paragleiten<\/strong> und andere Extremsportarten betreiben. <\/p>\n","protected":false},"excerpt":{"rendered":"<p>Innsbruck, die Hauptstadt von Tirol Tirol, in \u00d6sterreich wird liebevoll das Herz der Alpen oder die Hauptstadt der Alpen genannt. Wenn man in Innsbruck auf Besuch war, versteht man weshalb. Die Kulisse ist beeindruckend, die Stadt erhebt sich vor der m\u00e4chtigen Nordkette, welche einen gro\u00dfen Teil der Alpen bildet. Rundherum, soweit der Blick reicht, sieht [&hellip;]<\/p>\n","protected":false},"author":18,"featured_media":0,"comment_status":"open","ping_status":"open","sticky":false,"template":"","format":"standard","meta":{"footnotes":""},"categories":[1,59,102],"tags":[],"class_list":["post-6596","post","type-post","status-publish","format-standard","hentry","category-urlaubsblog","category-urlaubsfotos","category-tirol"],"yoast_head":"<!-- This site is optimized with the Yoast SEO plugin v25.6 - https:\/\/yoast.com\/wordpress\/plugins\/seo\/ -->\n<title>Innsbruck - die Stadt der Alpen - Reisebericht, Fotos, Urlaub &amp; Reise<\/title>\n<meta name=\"description\" content=\"Innsbruck - die Stadt der Alpen - Weltweit Urlaub Blog - Urlaub und Kurzurlaub, Reisebericht \u00fcber Reise u. Urlaubsorte in Deutschland und Reiseziele in Europa und weltweit.\" \/>\n<meta name=\"robots\" content=\"index, follow, max-snippet:-1, max-image-preview:large, max-video-preview:-1\" \/>\n<link rel=\"canonical\" href=\"https:\/\/www.weltweit-urlaub.de\/blog\/innsbruck-die-stadt-der-alpen\/\" \/>\n<meta property=\"og:locale\" content=\"de_DE\" \/>\n<meta property=\"og:type\" content=\"article\" \/>\n<meta property=\"og:title\" content=\"Innsbruck - die Stadt der Alpen - Reisebericht, Fotos, Urlaub &amp; Reise\" \/>\n<meta property=\"og:description\" content=\"Innsbruck - die Stadt der Alpen - Weltweit Urlaub Blog - Urlaub und Kurzurlaub, Reisebericht \u00fcber Reise u. Urlaubsorte in Deutschland und Reiseziele in Europa und weltweit.\" \/>\n<meta property=\"og:url\" content=\"https:\/\/www.weltweit-urlaub.de\/blog\/innsbruck-die-stadt-der-alpen\/\" \/>\n<meta property=\"og:site_name\" content=\"Weltweit Urlaub Blog\" \/>\n<meta property=\"article:publisher\" content=\"https:\/\/www.facebook.com\/pages\/Weltweit-Urlaub\/180623258643736\" \/>\n<meta property=\"article:published_time\" content=\"2011-12-16T00:01:44+00:00\" \/>\n<meta property=\"article:modified_time\" content=\"2015-01-09T18:38:52+00:00\" \/>\n<meta property=\"og:image\" content=\"https:\/\/www.weltweit-urlaub.de\/blog\/wp-content\/uploads\/bunte-fassaden-am-ufer-des-inn.jpg\" \/>\n<meta name=\"author\" content=\"Anne\" \/>\n<meta name=\"twitter:label1\" content=\"Verfasst von\" \/>\n\t<meta name=\"twitter:data1\" content=\"Anne\" \/>\n\t<meta name=\"twitter:label2\" content=\"Gesch\u00e4tzte Lesezeit\" \/>\n\t<meta name=\"twitter:data2\" content=\"3\u00a0Minuten\" \/>\n<script type=\"application\/ld+json\" class=\"yoast-schema-graph\">{\"@context\":\"https:\/\/schema.org\",\"@graph\":[{\"@type\":\"WebPage\",\"@id\":\"https:\/\/www.weltweit-urlaub.de\/blog\/innsbruck-die-stadt-der-alpen\/\",\"url\":\"https:\/\/www.weltweit-urlaub.de\/blog\/innsbruck-die-stadt-der-alpen\/\",\"name\":\"Innsbruck - die Stadt der Alpen - Reisebericht, Fotos, Urlaub & Reise\",\"isPartOf\":{\"@id\":\"https:\/\/www.weltweit-urlaub.de\/blog\/#website\"},\"primaryImageOfPage\":{\"@id\":\"https:\/\/www.weltweit-urlaub.de\/blog\/innsbruck-die-stadt-der-alpen\/#primaryimage\"},\"image\":{\"@id\":\"https:\/\/www.weltweit-urlaub.de\/blog\/innsbruck-die-stadt-der-alpen\/#primaryimage\"},\"thumbnailUrl\":\"https:\/\/www.weltweit-urlaub.de\/blog\/wp-content\/uploads\/bunte-fassaden-am-ufer-des-inn.jpg\",\"datePublished\":\"2011-12-16T00:01:44+00:00\",\"dateModified\":\"2015-01-09T18:38:52+00:00\",\"author\":{\"@id\":\"https:\/\/www.weltweit-urlaub.de\/blog\/#\/schema\/person\/85325cbb8b94672b9a6c3975e6f39f1c\"},\"description\":\"Innsbruck - die Stadt der Alpen - Weltweit Urlaub Blog - Urlaub und Kurzurlaub, Reisebericht \u00fcber Reise u. Urlaubsorte in Deutschland und Reiseziele in Europa und weltweit.\",\"breadcrumb\":{\"@id\":\"https:\/\/www.weltweit-urlaub.de\/blog\/innsbruck-die-stadt-der-alpen\/#breadcrumb\"},\"inLanguage\":\"de\",\"potentialAction\":[{\"@type\":\"ReadAction\",\"target\":[\"https:\/\/www.weltweit-urlaub.de\/blog\/innsbruck-die-stadt-der-alpen\/\"]}]},{\"@type\":\"ImageObject\",\"inLanguage\":\"de\",\"@id\":\"https:\/\/www.weltweit-urlaub.de\/blog\/innsbruck-die-stadt-der-alpen\/#primaryimage\",\"url\":\"https:\/\/www.weltweit-urlaub.de\/blog\/wp-content\/uploads\/bunte-fassaden-am-ufer-des-inn.jpg\",\"contentUrl\":\"https:\/\/www.weltweit-urlaub.de\/blog\/wp-content\/uploads\/bunte-fassaden-am-ufer-des-inn.jpg\",\"width\":\"450\",\"height\":\"338\",\"caption\":\"Bunte Fassaden am Ufer des Inn\"},{\"@type\":\"BreadcrumbList\",\"@id\":\"https:\/\/www.weltweit-urlaub.de\/blog\/innsbruck-die-stadt-der-alpen\/#breadcrumb\",\"itemListElement\":[{\"@type\":\"ListItem\",\"position\":1,\"name\":\"Home\",\"item\":\"https:\/\/www.weltweit-urlaub.de\/blog\/\"},{\"@type\":\"ListItem\",\"position\":2,\"name\":\"Innsbruck &#8211; die Stadt der Alpen\"}]},{\"@type\":\"WebSite\",\"@id\":\"https:\/\/www.weltweit-urlaub.de\/blog\/#website\",\"url\":\"https:\/\/www.weltweit-urlaub.de\/blog\/\",\"name\":\"Weltweit Urlaub Blog\",\"description\":\"Das Weltweit Urlaub Blog berichtet von L\u00e4ndern, St\u00e4dten und Regionen rund um den Globus...\",\"potentialAction\":[{\"@type\":\"SearchAction\",\"target\":{\"@type\":\"EntryPoint\",\"urlTemplate\":\"https:\/\/www.weltweit-urlaub.de\/blog\/?s={search_term_string}\"},\"query-input\":{\"@type\":\"PropertyValueSpecification\",\"valueRequired\":true,\"valueName\":\"search_term_string\"}}],\"inLanguage\":\"de\"},{\"@type\":\"Person\",\"@id\":\"https:\/\/www.weltweit-urlaub.de\/blog\/#\/schema\/person\/85325cbb8b94672b9a6c3975e6f39f1c\",\"name\":\"Anne\",\"image\":{\"@type\":\"ImageObject\",\"inLanguage\":\"de\",\"@id\":\"https:\/\/www.weltweit-urlaub.de\/blog\/#\/schema\/person\/image\/\",\"url\":\"https:\/\/secure.gravatar.com\/avatar\/db218fabf6b8ecdf141c9eebc0c387c1?s=96&d=mm&r=g\",\"contentUrl\":\"https:\/\/secure.gravatar.com\/avatar\/db218fabf6b8ecdf141c9eebc0c387c1?s=96&d=mm&r=g\",\"caption\":\"Anne\"},\"sameAs\":[\"https:\/\/www.weltweit-urlaub.de\/\"]}]}<\/script>\n<!-- \/ Yoast SEO plugin. -->","yoast_head_json":{"title":"Innsbruck - die Stadt der Alpen - Reisebericht, Fotos, Urlaub & Reise","description":"Innsbruck - die Stadt der Alpen - Weltweit Urlaub Blog - Urlaub und Kurzurlaub, Reisebericht \u00fcber Reise u. Urlaubsorte in Deutschland und Reiseziele in Europa und weltweit.","robots":{"index":"index","follow":"follow","max-snippet":"max-snippet:-1","max-image-preview":"max-image-preview:large","max-video-preview":"max-video-preview:-1"},"canonical":"https:\/\/www.weltweit-urlaub.de\/blog\/innsbruck-die-stadt-der-alpen\/","og_locale":"de_DE","og_type":"article","og_title":"Innsbruck - die Stadt der Alpen - Reisebericht, Fotos, Urlaub & Reise","og_description":"Innsbruck - die Stadt der Alpen - Weltweit Urlaub Blog - Urlaub und Kurzurlaub, Reisebericht \u00fcber Reise u. Urlaubsorte in Deutschland und Reiseziele in Europa und weltweit.","og_url":"https:\/\/www.weltweit-urlaub.de\/blog\/innsbruck-die-stadt-der-alpen\/","og_site_name":"Weltweit Urlaub Blog","article_publisher":"https:\/\/www.facebook.com\/pages\/Weltweit-Urlaub\/180623258643736","article_published_time":"2011-12-16T00:01:44+00:00","article_modified_time":"2015-01-09T18:38:52+00:00","og_image":[{"url":"https:\/\/www.weltweit-urlaub.de\/blog\/wp-content\/uploads\/bunte-fassaden-am-ufer-des-inn.jpg","type":"","width":"","height":""}],"author":"Anne","twitter_misc":{"Verfasst von":"Anne","Gesch\u00e4tzte Lesezeit":"3\u00a0Minuten"},"schema":{"@context":"https:\/\/schema.org","@graph":[{"@type":"WebPage","@id":"https:\/\/www.weltweit-urlaub.de\/blog\/innsbruck-die-stadt-der-alpen\/","url":"https:\/\/www.weltweit-urlaub.de\/blog\/innsbruck-die-stadt-der-alpen\/","name":"Innsbruck - die Stadt der Alpen - Reisebericht, Fotos, Urlaub & Reise","isPartOf":{"@id":"https:\/\/www.weltweit-urlaub.de\/blog\/#website"},"primaryImageOfPage":{"@id":"https:\/\/www.weltweit-urlaub.de\/blog\/innsbruck-die-stadt-der-alpen\/#primaryimage"},"image":{"@id":"https:\/\/www.weltweit-urlaub.de\/blog\/innsbruck-die-stadt-der-alpen\/#primaryimage"},"thumbnailUrl":"https:\/\/www.weltweit-urlaub.de\/blog\/wp-content\/uploads\/bunte-fassaden-am-ufer-des-inn.jpg","datePublished":"2011-12-16T00:01:44+00:00","dateModified":"2015-01-09T18:38:52+00:00","author":{"@id":"https:\/\/www.weltweit-urlaub.de\/blog\/#\/schema\/person\/85325cbb8b94672b9a6c3975e6f39f1c"},"description":"Innsbruck - die Stadt der Alpen - Weltweit Urlaub Blog - Urlaub und Kurzurlaub, Reisebericht \u00fcber Reise u. Urlaubsorte in Deutschland und Reiseziele in Europa und weltweit.","breadcrumb":{"@id":"https:\/\/www.weltweit-urlaub.de\/blog\/innsbruck-die-stadt-der-alpen\/#breadcrumb"},"inLanguage":"de","potentialAction":[{"@type":"ReadAction","target":["https:\/\/www.weltweit-urlaub.de\/blog\/innsbruck-die-stadt-der-alpen\/"]}]},{"@type":"ImageObject","inLanguage":"de","@id":"https:\/\/www.weltweit-urlaub.de\/blog\/innsbruck-die-stadt-der-alpen\/#primaryimage","url":"https:\/\/www.weltweit-urlaub.de\/blog\/wp-content\/uploads\/bunte-fassaden-am-ufer-des-inn.jpg","contentUrl":"https:\/\/www.weltweit-urlaub.de\/blog\/wp-content\/uploads\/bunte-fassaden-am-ufer-des-inn.jpg","width":"450","height":"338","caption":"Bunte Fassaden am Ufer des Inn"},{"@type":"BreadcrumbList","@id":"https:\/\/www.weltweit-urlaub.de\/blog\/innsbruck-die-stadt-der-alpen\/#breadcrumb","itemListElement":[{"@type":"ListItem","position":1,"name":"Home","item":"https:\/\/www.weltweit-urlaub.de\/blog\/"},{"@type":"ListItem","position":2,"name":"Innsbruck &#8211; die Stadt der Alpen"}]},{"@type":"WebSite","@id":"https:\/\/www.weltweit-urlaub.de\/blog\/#website","url":"https:\/\/www.weltweit-urlaub.de\/blog\/","name":"Weltweit Urlaub Blog","description":"Das Weltweit Urlaub Blog berichtet von L\u00e4ndern, St\u00e4dten und Regionen rund um den Globus...","potentialAction":[{"@type":"SearchAction","target":{"@type":"EntryPoint","urlTemplate":"https:\/\/www.weltweit-urlaub.de\/blog\/?s={search_term_string}"},"query-input":{"@type":"PropertyValueSpecification","valueRequired":true,"valueName":"search_term_string"}}],"inLanguage":"de"},{"@type":"Person","@id":"https:\/\/www.weltweit-urlaub.de\/blog\/#\/schema\/person\/85325cbb8b94672b9a6c3975e6f39f1c","name":"Anne","image":{"@type":"ImageObject","inLanguage":"de","@id":"https:\/\/www.weltweit-urlaub.de\/blog\/#\/schema\/person\/image\/","url":"https:\/\/secure.gravatar.com\/avatar\/db218fabf6b8ecdf141c9eebc0c387c1?s=96&d=mm&r=g","contentUrl":"https:\/\/secure.gravatar.com\/avatar\/db218fabf6b8ecdf141c9eebc0c387c1?s=96&d=mm&r=g","caption":"Anne"},"sameAs":["https:\/\/www.weltweit-urlaub.de\/"]}]}},"_links":{"self":[{"href":"https:\/\/www.weltweit-urlaub.de\/blog\/wp-json\/wp\/v2\/posts\/6596"}],"collection":[{"href":"https:\/\/www.weltweit-urlaub.de\/blog\/wp-json\/wp\/v2\/posts"}],"about":[{"href":"https:\/\/www.weltweit-urlaub.de\/blog\/wp-json\/wp\/v2\/types\/post"}],"author":[{"embeddable":true,"href":"https:\/\/www.weltweit-urlaub.de\/blog\/wp-json\/wp\/v2\/users\/18"}],"replies":[{"embeddable":true,"href":"https:\/\/www.weltweit-urlaub.de\/blog\/wp-json\/wp\/v2\/comments?post=6596"}],"version-history":[{"count":15,"href":"https:\/\/www.weltweit-urlaub.de\/blog\/wp-json\/wp\/v2\/posts\/6596\/revisions"}],"predecessor-version":[{"id":14531,"href":"https:\/\/www.weltweit-urlaub.de\/blog\/wp-json\/wp\/v2\/posts\/6596\/revisions\/14531"}],"wp:attachment":[{"href":"https:\/\/www.weltweit-urlaub.de\/blog\/wp-json\/wp\/v2\/media?parent=6596"}],"wp:term":[{"taxonomy":"category","embeddable":true,"href":"https:\/\/www.weltweit-urlaub.de\/blog\/wp-json\/wp\/v2\/categories?post=6596"},{"taxonomy":"post_tag","embeddable":true,"href":"https:\/\/www.weltweit-urlaub.de\/blog\/wp-json\/wp\/v2\/tags?post=6596"}],"curies":[{"name":"wp","href":"https:\/\/api.w.org\/{rel}","templated":true}]}}