{"id":5596,"date":"2011-08-10T10:52:15","date_gmt":"2011-08-10T10:52:15","guid":{"rendered":"http:\/\/www.weltweit-urlaub.de\/blog\/?p=5596"},"modified":"2011-11-04T22:54:04","modified_gmt":"2011-11-04T20:54:04","slug":"manderscheid-eifel","status":"publish","type":"post","link":"https:\/\/www.weltweit-urlaub.de\/blog\/manderscheid-eifel\/","title":{"rendered":"Urlaub in Manderscheid \/ Eifel"},"content":{"rendered":"<p>Manderscheid ist eine niedliche Kleinstadt in der <a target=\"_blank\" href=\"https:\/\/www.weltweit-urlaub.de\/deutschland\/eifel\/\" title=\"Urlaub Eifel\" >Vulkaneifel<\/a>. Hier wollen wir drei Wochen Urlaub machen, um einmal richtig auszuspannen. <\/p>\n<p>In n\u00e4chster Umgebung finden wir sehr viel Wald, trutzige Burgruinen, atemberaubende T\u00e4ler mit schmalen Wanderstegen und nat\u00fcrlich die bekannten Maare. Mehr \u00fcber diese unverkennbaren Sehensw\u00fcrdigkeiten folgen in den n\u00e4chsten Blog-Beitr\u00e4gen, die demn\u00e4chst in unregelm\u00e4\u00dfigen Abst\u00e4nden hier erscheinen werden. Wir beginnen heute mit der Innenstadt von Manderscheid.<\/p>\n<p><img loading=\"lazy\" decoding=\"async\" src=\"https:\/\/www.weltweit-urlaub.de\/blog\/wp-content\/uploads\/rathaus-manderscheid.jpg\" alt=\"Rathaus Manderscheid\" title=\"Rathaus Manderscheid\" width=\"450\" height=\"338\" class=\"aligncenter size-full wp-image-5597\"  style=\"border: 1px solid #000;\" \/><br \/>\n<em> Das Rathaus von Manderscheid<\/em><\/p>\n<p><img loading=\"lazy\" decoding=\"async\" src=\"https:\/\/www.weltweit-urlaub.de\/blog\/wp-content\/uploads\/eifel-rathaus-manderscheid.jpg\" alt=\"Eifel Rathaus Manderscheid\" title=\"Eifel Rathaus Manderscheid\" width=\"450\" height=\"338\" class=\"aligncenter size-full wp-image-5598\"  style=\"border: 1px solid #000;\" \/><br \/>\n<em>  Brunnen und Denkmal vor dem Rathaus<\/em><\/p>\n<p><img loading=\"lazy\" decoding=\"async\" src=\"https:\/\/www.weltweit-urlaub.de\/blog\/wp-content\/uploads\/kurverwaltung-manderscheid.jpg\" alt=\"Kurverwaltung Manderscheid\" title=\"Kurverwaltung Manderscheid\" width=\"450\" height=\"338\" class=\"aligncenter size-full wp-image-5599\"  style=\"border: 1px solid #000;\" \/><br \/>\n<em> Die Kurverwaltung im Kurpark<\/em><\/p>\n<p><img loading=\"lazy\" decoding=\"async\" src=\"https:\/\/www.weltweit-urlaub.de\/blog\/wp-content\/uploads\/kurpark-manderscheid.jpg\" alt=\"Kurpark Manderscheid\" title=\"Kurpark Manderscheid\" width=\"450\" height=\"338\" class=\"aligncenter size-full wp-image-5600\"  style=\"border: 1px solid #000;\" \/><br \/>\n <em> Im Kurpark 1, es gibt n\u00e4mlich zur Erholung zwei Kurparks<\/em><\/p>\n<p><img loading=\"lazy\" decoding=\"async\" src=\"https:\/\/www.weltweit-urlaub.de\/blog\/wp-content\/uploads\/manderscheid-kurpark.jpg\" alt=\"Manderscheid Kurpark\" title=\"Manderscheid Kurpark\" width=\"450\" height=\"338\" class=\"aligncenter size-full wp-image-5601\" style=\"border: 1px solid #000;\"  \/><br \/>\n<em>  Kurpark<\/em><\/p>\n<p><img loading=\"lazy\" decoding=\"async\" src=\"https:\/\/www.weltweit-urlaub.de\/blog\/wp-content\/uploads\/blick-auf-manderscheid.jpg\" alt=\"Blick auf Manderscheid\" title=\"Blick auf Manderscheid\" width=\"253\" height=\"338\" class=\"aligncenter size-full wp-image-5602\"  style=\"border: 1px solid #000;\" \/><br \/>\n<em> Blick auf Manderscheid<\/em><\/p>\n<p><img loading=\"lazy\" decoding=\"async\" src=\"https:\/\/www.weltweit-urlaub.de\/blog\/wp-content\/uploads\/kurpark-friedrichstrasse.jpg\" alt=\"Kurpark Friedrichstrasse\" title=\"Kurpark Friedrichstrasse\" width=\"450\" height=\"338\" class=\"aligncenter size-full wp-image-5603\"  style=\"border: 1px solid #000;\" \/><br \/>\n<em> Kurpark 2 an der Friedrichstra\u00dfe<\/em><\/p>\n<p><img loading=\"lazy\" decoding=\"async\" src=\"https:\/\/www.weltweit-urlaub.de\/blog\/wp-content\/uploads\/kneipp-anlage-manderscheid.jpg\" alt=\"Kneipp Anlage Manderscheid\" title=\"Kneipp Anlage Manderscheid\" width=\"450\" height=\"338\" class=\"aligncenter size-full wp-image-5604\"  style=\"border: 1px solid #000;\" \/><br \/>\n<em>  Hier befindet sich eine gepflegte zweite Kneipp-Anlage<\/em><\/p>\n<p><img loading=\"lazy\" decoding=\"async\" src=\"https:\/\/www.weltweit-urlaub.de\/blog\/wp-content\/uploads\/kirche-manderscheid.jpg\" alt=\"Kirche Manderscheid\" title=\"Kirche Manderscheid\" width=\"253\" height=\"338\" class=\"aligncenter size-full wp-image-5605\" style=\"border: 1px solid #000;\"  \/><br \/>\n<em> Die Kirche<\/em><\/p>\n<p><img loading=\"lazy\" decoding=\"async\" src=\"https:\/\/www.weltweit-urlaub.de\/blog\/wp-content\/uploads\/hauptkreuzungspunkt-manderscheid.jpg\" alt=\"Hauptkreuzungspunkt Manderscheid\" title=\"Hauptkreuzungspunkt Manderscheid\" width=\"450\" height=\"338\" class=\"aligncenter size-full wp-image-5606\" style=\"border: 1px solid #000;\"  \/><br \/>\n<em> Rathausvorplatz und Hauptkreuzungspunkt der Stadt<\/em><\/p>\n<p><img loading=\"lazy\" decoding=\"async\" src=\"https:\/\/www.weltweit-urlaub.de\/blog\/wp-content\/uploads\/jugendherberge-manderscheid.jpg\" alt=\"Jugendherberge Manderscheid\" title=\"Jugendherberge Manderscheid\" width=\"450\" height=\"338\" class=\"aligncenter size-full wp-image-5607\"  style=\"border: 1px solid #000;\" \/><br \/>\n<em> Die Jugendherberge<\/em><\/p>\n<p><img loading=\"lazy\" decoding=\"async\" src=\"https:\/\/www.weltweit-urlaub.de\/blog\/wp-content\/uploads\/altstadt-manderscheid.jpg\" alt=\"Altstadt Manderscheid\" title=\"Altstadt Manderscheid\" width=\"450\" height=\"338\" class=\"aligncenter size-full wp-image-5608\"  style=\"border: 1px solid #000;\" \/><br \/>\n <em> In der Altstadt, N\u00e4he Kirche und Markt<\/em><\/p>\n","protected":false},"excerpt":{"rendered":"<p>Manderscheid ist eine niedliche Kleinstadt in der Vulkaneifel. Hier wollen wir drei Wochen Urlaub machen, um einmal richtig auszuspannen. In n\u00e4chster Umgebung finden wir sehr viel Wald, trutzige Burgruinen, atemberaubende T\u00e4ler mit schmalen Wanderstegen und nat\u00fcrlich die bekannten Maare. Mehr \u00fcber diese unverkennbaren Sehensw\u00fcrdigkeiten folgen in den n\u00e4chsten Blog-Beitr\u00e4gen, die demn\u00e4chst in unregelm\u00e4\u00dfigen Abst\u00e4nden hier [&hellip;]<\/p>\n","protected":false},"author":10,"featured_media":0,"comment_status":"open","ping_status":"open","sticky":false,"template":"","format":"standard","meta":{"footnotes":""},"categories":[1,59,45,287,133,291],"tags":[],"class_list":["post-5596","post","type-post","status-publish","format-standard","hentry","category-urlaubsblog","category-urlaubsfotos","category-deutschland","category-eifel","category-rheinland-pfalz","category-wanderurlaub"],"yoast_head":"<!-- This site is optimized with the Yoast SEO plugin v25.6 - https:\/\/yoast.com\/wordpress\/plugins\/seo\/ -->\n<title>Urlaub in Manderscheid \/ Eifel - Reisebericht, Fotos, Urlaub &amp; Reise<\/title>\n<meta name=\"description\" content=\"Urlaub in Manderscheid \/ Eifel - Weltweit Urlaub Blog - Urlaub und Kurzurlaub, Reisebericht \u00fcber Reise u. Urlaubsorte in Deutschland und Reiseziele in Europa und weltweit.\" \/>\n<meta name=\"robots\" content=\"index, follow, max-snippet:-1, max-image-preview:large, max-video-preview:-1\" \/>\n<link rel=\"canonical\" href=\"https:\/\/www.weltweit-urlaub.de\/blog\/manderscheid-eifel\/\" \/>\n<meta property=\"og:locale\" content=\"de_DE\" \/>\n<meta property=\"og:type\" content=\"article\" \/>\n<meta property=\"og:title\" content=\"Urlaub in Manderscheid \/ Eifel - Reisebericht, Fotos, Urlaub &amp; Reise\" \/>\n<meta property=\"og:description\" content=\"Urlaub in Manderscheid \/ Eifel - Weltweit Urlaub Blog - Urlaub und Kurzurlaub, Reisebericht \u00fcber Reise u. Urlaubsorte in Deutschland und Reiseziele in Europa und weltweit.\" \/>\n<meta property=\"og:url\" content=\"https:\/\/www.weltweit-urlaub.de\/blog\/manderscheid-eifel\/\" \/>\n<meta property=\"og:site_name\" content=\"Weltweit Urlaub Blog\" \/>\n<meta property=\"article:publisher\" content=\"https:\/\/www.facebook.com\/pages\/Weltweit-Urlaub\/180623258643736\" \/>\n<meta property=\"article:published_time\" content=\"2011-08-10T10:52:15+00:00\" \/>\n<meta property=\"article:modified_time\" content=\"2011-11-04T20:54:04+00:00\" \/>\n<meta property=\"og:image\" content=\"https:\/\/www.weltweit-urlaub.de\/blog\/wp-content\/uploads\/rathaus-manderscheid.jpg\" \/>\n<meta name=\"author\" content=\"Franz\" \/>\n<meta name=\"twitter:label1\" content=\"Verfasst von\" \/>\n\t<meta name=\"twitter:data1\" content=\"Franz\" \/>\n\t<meta name=\"twitter:label2\" content=\"Gesch\u00e4tzte Lesezeit\" \/>\n\t<meta name=\"twitter:data2\" content=\"1\u00a0Minute\" \/>\n<script type=\"application\/ld+json\" class=\"yoast-schema-graph\">{\"@context\":\"https:\/\/schema.org\",\"@graph\":[{\"@type\":\"WebPage\",\"@id\":\"https:\/\/www.weltweit-urlaub.de\/blog\/manderscheid-eifel\/\",\"url\":\"https:\/\/www.weltweit-urlaub.de\/blog\/manderscheid-eifel\/\",\"name\":\"Urlaub in Manderscheid \/ Eifel - Reisebericht, Fotos, Urlaub & Reise\",\"isPartOf\":{\"@id\":\"https:\/\/www.weltweit-urlaub.de\/blog\/#website\"},\"primaryImageOfPage\":{\"@id\":\"https:\/\/www.weltweit-urlaub.de\/blog\/manderscheid-eifel\/#primaryimage\"},\"image\":{\"@id\":\"https:\/\/www.weltweit-urlaub.de\/blog\/manderscheid-eifel\/#primaryimage\"},\"thumbnailUrl\":\"https:\/\/www.weltweit-urlaub.de\/blog\/wp-content\/uploads\/rathaus-manderscheid.jpg\",\"datePublished\":\"2011-08-10T10:52:15+00:00\",\"dateModified\":\"2011-11-04T20:54:04+00:00\",\"author\":{\"@id\":\"https:\/\/www.weltweit-urlaub.de\/blog\/#\/schema\/person\/580334b794d1d84c44ed185071077fc3\"},\"description\":\"Urlaub in Manderscheid \/ Eifel - Weltweit Urlaub Blog - Urlaub und Kurzurlaub, Reisebericht \u00fcber Reise u. Urlaubsorte in Deutschland und Reiseziele in Europa und weltweit.\",\"breadcrumb\":{\"@id\":\"https:\/\/www.weltweit-urlaub.de\/blog\/manderscheid-eifel\/#breadcrumb\"},\"inLanguage\":\"de\",\"potentialAction\":[{\"@type\":\"ReadAction\",\"target\":[\"https:\/\/www.weltweit-urlaub.de\/blog\/manderscheid-eifel\/\"]}]},{\"@type\":\"ImageObject\",\"inLanguage\":\"de\",\"@id\":\"https:\/\/www.weltweit-urlaub.de\/blog\/manderscheid-eifel\/#primaryimage\",\"url\":\"https:\/\/www.weltweit-urlaub.de\/blog\/wp-content\/uploads\/rathaus-manderscheid.jpg\",\"contentUrl\":\"https:\/\/www.weltweit-urlaub.de\/blog\/wp-content\/uploads\/rathaus-manderscheid.jpg\",\"width\":\"450\",\"height\":\"338\",\"caption\":\"Rathaus Manderscheid\"},{\"@type\":\"BreadcrumbList\",\"@id\":\"https:\/\/www.weltweit-urlaub.de\/blog\/manderscheid-eifel\/#breadcrumb\",\"itemListElement\":[{\"@type\":\"ListItem\",\"position\":1,\"name\":\"Home\",\"item\":\"https:\/\/www.weltweit-urlaub.de\/blog\/\"},{\"@type\":\"ListItem\",\"position\":2,\"name\":\"Urlaub in Manderscheid \/ Eifel\"}]},{\"@type\":\"WebSite\",\"@id\":\"https:\/\/www.weltweit-urlaub.de\/blog\/#website\",\"url\":\"https:\/\/www.weltweit-urlaub.de\/blog\/\",\"name\":\"Weltweit Urlaub Blog\",\"description\":\"Das Weltweit Urlaub Blog berichtet von L\u00e4ndern, St\u00e4dten und Regionen rund um den Globus...\",\"potentialAction\":[{\"@type\":\"SearchAction\",\"target\":{\"@type\":\"EntryPoint\",\"urlTemplate\":\"https:\/\/www.weltweit-urlaub.de\/blog\/?s={search_term_string}\"},\"query-input\":{\"@type\":\"PropertyValueSpecification\",\"valueRequired\":true,\"valueName\":\"search_term_string\"}}],\"inLanguage\":\"de\"},{\"@type\":\"Person\",\"@id\":\"https:\/\/www.weltweit-urlaub.de\/blog\/#\/schema\/person\/580334b794d1d84c44ed185071077fc3\",\"name\":\"Franz\",\"image\":{\"@type\":\"ImageObject\",\"inLanguage\":\"de\",\"@id\":\"https:\/\/www.weltweit-urlaub.de\/blog\/#\/schema\/person\/image\/\",\"url\":\"https:\/\/secure.gravatar.com\/avatar\/61e4c9d2e568c90c06cae6dfa71dc329?s=96&d=mm&r=g\",\"contentUrl\":\"https:\/\/secure.gravatar.com\/avatar\/61e4c9d2e568c90c06cae6dfa71dc329?s=96&d=mm&r=g\",\"caption\":\"Franz\"},\"sameAs\":[\"https:\/\/www.weltweit-urlaub.de\/blog\/\"]}]}<\/script>\n<!-- \/ Yoast SEO plugin. -->","yoast_head_json":{"title":"Urlaub in Manderscheid \/ Eifel - Reisebericht, Fotos, Urlaub & Reise","description":"Urlaub in Manderscheid \/ Eifel - Weltweit Urlaub Blog - Urlaub und Kurzurlaub, Reisebericht \u00fcber Reise u. Urlaubsorte in Deutschland und Reiseziele in Europa und weltweit.","robots":{"index":"index","follow":"follow","max-snippet":"max-snippet:-1","max-image-preview":"max-image-preview:large","max-video-preview":"max-video-preview:-1"},"canonical":"https:\/\/www.weltweit-urlaub.de\/blog\/manderscheid-eifel\/","og_locale":"de_DE","og_type":"article","og_title":"Urlaub in Manderscheid \/ Eifel - Reisebericht, Fotos, Urlaub & Reise","og_description":"Urlaub in Manderscheid \/ Eifel - Weltweit Urlaub Blog - Urlaub und Kurzurlaub, Reisebericht \u00fcber Reise u. Urlaubsorte in Deutschland und Reiseziele in Europa und weltweit.","og_url":"https:\/\/www.weltweit-urlaub.de\/blog\/manderscheid-eifel\/","og_site_name":"Weltweit Urlaub Blog","article_publisher":"https:\/\/www.facebook.com\/pages\/Weltweit-Urlaub\/180623258643736","article_published_time":"2011-08-10T10:52:15+00:00","article_modified_time":"2011-11-04T20:54:04+00:00","og_image":[{"url":"https:\/\/www.weltweit-urlaub.de\/blog\/wp-content\/uploads\/rathaus-manderscheid.jpg","type":"","width":"","height":""}],"author":"Franz","twitter_misc":{"Verfasst von":"Franz","Gesch\u00e4tzte Lesezeit":"1\u00a0Minute"},"schema":{"@context":"https:\/\/schema.org","@graph":[{"@type":"WebPage","@id":"https:\/\/www.weltweit-urlaub.de\/blog\/manderscheid-eifel\/","url":"https:\/\/www.weltweit-urlaub.de\/blog\/manderscheid-eifel\/","name":"Urlaub in Manderscheid \/ Eifel - Reisebericht, Fotos, Urlaub & Reise","isPartOf":{"@id":"https:\/\/www.weltweit-urlaub.de\/blog\/#website"},"primaryImageOfPage":{"@id":"https:\/\/www.weltweit-urlaub.de\/blog\/manderscheid-eifel\/#primaryimage"},"image":{"@id":"https:\/\/www.weltweit-urlaub.de\/blog\/manderscheid-eifel\/#primaryimage"},"thumbnailUrl":"https:\/\/www.weltweit-urlaub.de\/blog\/wp-content\/uploads\/rathaus-manderscheid.jpg","datePublished":"2011-08-10T10:52:15+00:00","dateModified":"2011-11-04T20:54:04+00:00","author":{"@id":"https:\/\/www.weltweit-urlaub.de\/blog\/#\/schema\/person\/580334b794d1d84c44ed185071077fc3"},"description":"Urlaub in Manderscheid \/ Eifel - Weltweit Urlaub Blog - Urlaub und Kurzurlaub, Reisebericht \u00fcber Reise u. Urlaubsorte in Deutschland und Reiseziele in Europa und weltweit.","breadcrumb":{"@id":"https:\/\/www.weltweit-urlaub.de\/blog\/manderscheid-eifel\/#breadcrumb"},"inLanguage":"de","potentialAction":[{"@type":"ReadAction","target":["https:\/\/www.weltweit-urlaub.de\/blog\/manderscheid-eifel\/"]}]},{"@type":"ImageObject","inLanguage":"de","@id":"https:\/\/www.weltweit-urlaub.de\/blog\/manderscheid-eifel\/#primaryimage","url":"https:\/\/www.weltweit-urlaub.de\/blog\/wp-content\/uploads\/rathaus-manderscheid.jpg","contentUrl":"https:\/\/www.weltweit-urlaub.de\/blog\/wp-content\/uploads\/rathaus-manderscheid.jpg","width":"450","height":"338","caption":"Rathaus Manderscheid"},{"@type":"BreadcrumbList","@id":"https:\/\/www.weltweit-urlaub.de\/blog\/manderscheid-eifel\/#breadcrumb","itemListElement":[{"@type":"ListItem","position":1,"name":"Home","item":"https:\/\/www.weltweit-urlaub.de\/blog\/"},{"@type":"ListItem","position":2,"name":"Urlaub in Manderscheid \/ Eifel"}]},{"@type":"WebSite","@id":"https:\/\/www.weltweit-urlaub.de\/blog\/#website","url":"https:\/\/www.weltweit-urlaub.de\/blog\/","name":"Weltweit Urlaub Blog","description":"Das Weltweit Urlaub Blog berichtet von L\u00e4ndern, St\u00e4dten und Regionen rund um den Globus...","potentialAction":[{"@type":"SearchAction","target":{"@type":"EntryPoint","urlTemplate":"https:\/\/www.weltweit-urlaub.de\/blog\/?s={search_term_string}"},"query-input":{"@type":"PropertyValueSpecification","valueRequired":true,"valueName":"search_term_string"}}],"inLanguage":"de"},{"@type":"Person","@id":"https:\/\/www.weltweit-urlaub.de\/blog\/#\/schema\/person\/580334b794d1d84c44ed185071077fc3","name":"Franz","image":{"@type":"ImageObject","inLanguage":"de","@id":"https:\/\/www.weltweit-urlaub.de\/blog\/#\/schema\/person\/image\/","url":"https:\/\/secure.gravatar.com\/avatar\/61e4c9d2e568c90c06cae6dfa71dc329?s=96&d=mm&r=g","contentUrl":"https:\/\/secure.gravatar.com\/avatar\/61e4c9d2e568c90c06cae6dfa71dc329?s=96&d=mm&r=g","caption":"Franz"},"sameAs":["https:\/\/www.weltweit-urlaub.de\/blog\/"]}]}},"_links":{"self":[{"href":"https:\/\/www.weltweit-urlaub.de\/blog\/wp-json\/wp\/v2\/posts\/5596"}],"collection":[{"href":"https:\/\/www.weltweit-urlaub.de\/blog\/wp-json\/wp\/v2\/posts"}],"about":[{"href":"https:\/\/www.weltweit-urlaub.de\/blog\/wp-json\/wp\/v2\/types\/post"}],"author":[{"embeddable":true,"href":"https:\/\/www.weltweit-urlaub.de\/blog\/wp-json\/wp\/v2\/users\/10"}],"replies":[{"embeddable":true,"href":"https:\/\/www.weltweit-urlaub.de\/blog\/wp-json\/wp\/v2\/comments?post=5596"}],"version-history":[{"count":15,"href":"https:\/\/www.weltweit-urlaub.de\/blog\/wp-json\/wp\/v2\/posts\/5596\/revisions"}],"predecessor-version":[{"id":7955,"href":"https:\/\/www.weltweit-urlaub.de\/blog\/wp-json\/wp\/v2\/posts\/5596\/revisions\/7955"}],"wp:attachment":[{"href":"https:\/\/www.weltweit-urlaub.de\/blog\/wp-json\/wp\/v2\/media?parent=5596"}],"wp:term":[{"taxonomy":"category","embeddable":true,"href":"https:\/\/www.weltweit-urlaub.de\/blog\/wp-json\/wp\/v2\/categories?post=5596"},{"taxonomy":"post_tag","embeddable":true,"href":"https:\/\/www.weltweit-urlaub.de\/blog\/wp-json\/wp\/v2\/tags?post=5596"}],"curies":[{"name":"wp","href":"https:\/\/api.w.org\/{rel}","templated":true}]}}