{"id":349,"date":"2008-10-01T00:01:13","date_gmt":"2008-10-01T00:01:13","guid":{"rendered":"http:\/\/www.weltweit-urlaub.de\/blog\/?p=349"},"modified":"2011-11-22T23:29:04","modified_gmt":"2011-11-22T21:29:04","slug":"zum-lautersee","status":"publish","type":"post","link":"https:\/\/www.weltweit-urlaub.de\/blog\/zum-lautersee\/","title":{"rendered":"Zum Lautersee"},"content":{"rendered":"<h3>Von Mittenwald zum Lautersee<\/h3>\n<p>Von der <strong>Isar <\/strong>aus unternahmen wir eine zweist\u00fcndige <a target=\"_blank\" href=\"https:\/\/www.weltweit-urlaub.de\/wanderreisen\/\" >Wanderung<\/a> zum idyllischen <strong>Lautersee<\/strong> in <a target=\"_blank\" href=\"https:\/\/www.weltweit-urlaub.de\/deutschland\/oberbayern\/\"  title=\"Oberbayern Urlaub\">Oberbayern<\/a>. <\/p>\n<p>Der See liegt am Fu\u00dfe des Wettersteingebirges, zu dem auch die Zugspitze geh\u00f6rt. Vor einem heftigen Gewitter fl\u00fcchteten wir in eines der Lokale am Seeufer.<\/p>\n<p>Eine wundersch\u00f6ne Wanderung von <a href=\"https:\/\/www.weltweit-urlaub.de\/blog\/urlaub-in-mittenwald\/\"  target=\"_blank\">Mittenwald<\/a> zum Lautersee.<\/p>\n<p><img decoding=\"async\" src=\"https:\/\/www.weltweit-urlaub.de\/bilder\/blogs\/blog-urlaub\/deutschland\/bayer\/mittenwald\/zum-lautersee\/wanderung-mittenwald-lauter.jpg\" border=\"1\" alt=\"wanderung mittenwald autersee\"\/><\/p>\n<p>Herrlich sind diese kleinen Kapellen inmitten von gr\u00fcnen Wiesen, im Hintergrund das Karwendelgebirge.<\/p>\n<p>In dieser idyllischen Gegend und in ganz Bayern finden Sie eine Reihe von <a href=\"https:\/\/www.weltweit-urlaub.de\/service\/hotels\/deutschland\/bayern-region\/\" rel=\"nofollow\"  target=\"_blank\">Hotels<\/a> und <a href=\"https:\/\/www.weltweit-urlaub.de\/service\/ferienhaeuser-fewos\/deutschland\/bayern\/\" rel=\"nofollow\"  target=\"_blank\">Ferienh\u00e4usern<\/a> oder Ferienwohnungen f\u00fcr Ihren Urlaub.<\/p>\n<p><img decoding=\"async\" src=\"https:\/\/www.weltweit-urlaub.de\/bilder\/blogs\/blog-urlaub\/deutschland\/bayer\/mittenwald\/zum-lautersee\/kapelle-karwendelgebirge.jpg\" border=\"1\" alt=\"kapelle karwendelgebirge\"\/><\/p>\n<p>Das abgeteilte Schwimmbad im See vor der imposanten Kulisse des Wettersteins:<\/p>\n<p><img decoding=\"async\" src=\"https:\/\/www.weltweit-urlaub.de\/bilder\/blogs\/blog-urlaub\/deutschland\/bayer\/mittenwald\/zum-lautersee\/schwimmbad-lautersee.jpg\" border=\"1\" alt=\"schwimmbad lautersee\"\/><\/p>\n<p>Liegewiese am See mit Karwendelblick:<\/p>\n<p><img decoding=\"async\" src=\"https:\/\/www.weltweit-urlaub.de\/bilder\/blogs\/blog-urlaub\/deutschland\/bayer\/mittenwald\/zum-lautersee\/liegewiese-lautersee.jpg\" border=\"1\" alt=\"liegewiese lautersee\"\/><\/p>\n<p>Es gibt am Seeufer vier Lokale mit Einkehrm\u00f6glichkeit in allen Preislagen.<\/p>\n<p><img decoding=\"async\" src=\"https:\/\/www.weltweit-urlaub.de\/bilder\/blogs\/blog-urlaub\/deutschland\/bayer\/mittenwald\/zum-lautersee\/restaurant-lautersee.jpg\" border=\"1\" alt=\"restaurant lautersee\"\/> <\/p>\n<p><a target=\"_blank\" href=\"https:\/\/www.weltweit-urlaub.de\/rubrik\/romantikurlaub\/\" >Romantisches Postkartenmotiv<\/a> mit See und Wetterstein:<\/p>\n<p><img decoding=\"async\" src=\"https:\/\/www.weltweit-urlaub.de\/bilder\/blogs\/blog-urlaub\/deutschland\/bayer\/mittenwald\/zum-lautersee\/lautersee-wetterstein.jpg\" border=\"1\" alt=\"lautersee wetterstein\"\/> <\/p>\n<p>Wir wandern weiter, immer am Seeufer entlang.<\/p>\n<p><img decoding=\"async\" src=\"https:\/\/www.weltweit-urlaub.de\/bilder\/blogs\/blog-urlaub\/deutschland\/bayer\/mittenwald\/zum-lautersee\/wanderung-lautersee.gif\" border=\"1\" alt=\"wanderung lautersee\"\/><\/p>\n<p>Eine preiswerte Einkehrm\u00f6glichkeit direkt am See mit Freibad:<\/p>\n<p><img decoding=\"async\" src=\"https:\/\/www.weltweit-urlaub.de\/bilder\/blogs\/blog-urlaub\/deutschland\/bayer\/mittenwald\/zum-lautersee\/freibad-snackbar.jpg\" border=\"1\" alt=\"freibad snackbar\"\/> <\/p>\n<p>Eine kleine Kapelle vor dem Wetterstein.<\/p>\n<p><img decoding=\"async\" src=\"https:\/\/www.weltweit-urlaub.de\/bilder\/blogs\/blog-urlaub\/deutschland\/bayer\/mittenwald\/zum-lautersee\/kapelle-wetterstein.jpg\" border=\"1\" alt=\"kapelle wetterstein\"\/><\/p>\n<p>Den Abstieg vom Lautersee unternahmen wir durchs Laintal.<\/p>\n<p><img decoding=\"async\" src=\"https:\/\/www.weltweit-urlaub.de\/bilder\/blogs\/blog-urlaub\/deutschland\/bayer\/mittenwald\/zum-lautersee\/laintal-wasserfall.jpg\" border=\"1\" alt=\"laintal wasserfall\"\/><br \/>\n<em>Wasserfall im Laintal<\/em><\/p>\n<p>Wir bekommen etliche solcher Wasserf\u00e4lle zu Gesicht, bis zu einer H\u00f6he von 40m.<\/p>\n<p><img decoding=\"async\" src=\"https:\/\/www.weltweit-urlaub.de\/bilder\/blogs\/blog-urlaub\/deutschland\/bayer\/mittenwald\/zum-lautersee\/wasserfall-laintal.jpg\" border=\"1\" alt=\"wasserfall laintal\"\/><\/p>\n<p>Br\u00fccke \u00fcber das Laintal, und eine Grotte:<\/p>\n<p><img decoding=\"async\" src=\"https:\/\/www.weltweit-urlaub.de\/bilder\/blogs\/blog-urlaub\/deutschland\/bayer\/mittenwald\/zum-lautersee\/grotte-laintal.jpg\" border=\"1\" alt=\"grotte laintal\"\/><\/p>\n<p><img decoding=\"async\" src=\"https:\/\/www.weltweit-urlaub.de\/bilder\/blogs\/blog-urlaub\/deutschland\/bayer\/mittenwald\/zum-lautersee\/wasserfaelle-laintal.jpg\" border=\"1\" alt=\"wasserfaelle laintal\"\/><br \/>\n<em>Wie sch\u00f6n, die Wasserf\u00e4lle in diesem Tal sind<\/em><\/p>\n<p>Im Laintal, wieder in <a href=\"https:\/\/www.weltweit-urlaub.de\/blog\/urlaub-in-mittenwald\/\"  target=\"_blank\">Mittenwald<\/a>:<\/p>\n<p><img decoding=\"async\" src=\"https:\/\/www.weltweit-urlaub.de\/bilder\/blogs\/blog-urlaub\/deutschland\/bayer\/mittenwald\/zum-lautersee\/laintal-mittenwald.jpg\" border=\"1\" alt=\"laintal mittenwald\"\/><\/p>\n","protected":false},"excerpt":{"rendered":"<p>Von Mittenwald zum Lautersee Von der Isar aus unternahmen wir eine zweist\u00fcndige Wanderung zum idyllischen Lautersee in Oberbayern. Der See liegt am Fu\u00dfe des Wettersteingebirges, zu dem auch die Zugspitze geh\u00f6rt. Vor einem heftigen Gewitter fl\u00fcchteten wir in eines der Lokale am Seeufer. Eine wundersch\u00f6ne Wanderung von Mittenwald zum Lautersee. Herrlich sind diese kleinen Kapellen [&hellip;]<\/p>\n","protected":false},"author":10,"featured_media":0,"comment_status":"open","ping_status":"open","sticky":false,"template":"","format":"standard","meta":{"footnotes":""},"categories":[1,59,209,45,290],"tags":[],"class_list":["post-349","post","type-post","status-publish","format-standard","hentry","category-urlaubsblog","category-urlaubsfotos","category-bayern","category-deutschland","category-oberbayern"],"yoast_head":"<!-- This site is optimized with the Yoast SEO plugin v25.6 - https:\/\/yoast.com\/wordpress\/plugins\/seo\/ -->\n<title>Zum Lautersee - Reisebericht, Fotos, Urlaub &amp; Reise<\/title>\n<meta name=\"description\" content=\"Zum Lautersee - Weltweit Urlaub Blog - Urlaub und Kurzurlaub, Reisebericht \u00fcber Reise u. Urlaubsorte in Deutschland und Reiseziele in Europa und weltweit.\" \/>\n<meta name=\"robots\" content=\"index, follow, max-snippet:-1, max-image-preview:large, max-video-preview:-1\" \/>\n<link rel=\"canonical\" href=\"https:\/\/www.weltweit-urlaub.de\/blog\/zum-lautersee\/\" \/>\n<meta property=\"og:locale\" content=\"de_DE\" \/>\n<meta property=\"og:type\" content=\"article\" \/>\n<meta property=\"og:title\" content=\"Zum Lautersee - Reisebericht, Fotos, Urlaub &amp; Reise\" \/>\n<meta property=\"og:description\" content=\"Zum Lautersee - Weltweit Urlaub Blog - Urlaub und Kurzurlaub, Reisebericht \u00fcber Reise u. Urlaubsorte in Deutschland und Reiseziele in Europa und weltweit.\" \/>\n<meta property=\"og:url\" content=\"https:\/\/www.weltweit-urlaub.de\/blog\/zum-lautersee\/\" \/>\n<meta property=\"og:site_name\" content=\"Weltweit Urlaub Blog\" \/>\n<meta property=\"article:publisher\" content=\"https:\/\/www.facebook.com\/pages\/Weltweit-Urlaub\/180623258643736\" \/>\n<meta property=\"article:published_time\" content=\"2008-10-01T00:01:13+00:00\" \/>\n<meta property=\"article:modified_time\" content=\"2011-11-22T21:29:04+00:00\" \/>\n<meta property=\"og:image\" content=\"https:\/\/www.weltweit-urlaub.de\/bilder\/blogs\/blog-urlaub\/deutschland\/bayer\/mittenwald\/zum-lautersee\/wanderung-mittenwald-lauter.jpg\" \/>\n<meta name=\"author\" content=\"Franz\" \/>\n<meta name=\"twitter:label1\" content=\"Verfasst von\" \/>\n\t<meta name=\"twitter:data1\" content=\"Franz\" \/>\n\t<meta name=\"twitter:label2\" content=\"Gesch\u00e4tzte Lesezeit\" \/>\n\t<meta name=\"twitter:data2\" content=\"1\u00a0Minute\" \/>\n<script type=\"application\/ld+json\" class=\"yoast-schema-graph\">{\"@context\":\"https:\/\/schema.org\",\"@graph\":[{\"@type\":\"WebPage\",\"@id\":\"https:\/\/www.weltweit-urlaub.de\/blog\/zum-lautersee\/\",\"url\":\"https:\/\/www.weltweit-urlaub.de\/blog\/zum-lautersee\/\",\"name\":\"Zum Lautersee - Reisebericht, Fotos, Urlaub & Reise\",\"isPartOf\":{\"@id\":\"https:\/\/www.weltweit-urlaub.de\/blog\/#website\"},\"primaryImageOfPage\":{\"@id\":\"https:\/\/www.weltweit-urlaub.de\/blog\/zum-lautersee\/#primaryimage\"},\"image\":{\"@id\":\"https:\/\/www.weltweit-urlaub.de\/blog\/zum-lautersee\/#primaryimage\"},\"thumbnailUrl\":\"https:\/\/www.weltweit-urlaub.de\/bilder\/blogs\/blog-urlaub\/deutschland\/bayer\/mittenwald\/zum-lautersee\/wanderung-mittenwald-lauter.jpg\",\"datePublished\":\"2008-10-01T00:01:13+00:00\",\"dateModified\":\"2011-11-22T21:29:04+00:00\",\"author\":{\"@id\":\"https:\/\/www.weltweit-urlaub.de\/blog\/#\/schema\/person\/580334b794d1d84c44ed185071077fc3\"},\"description\":\"Zum Lautersee - Weltweit Urlaub Blog - Urlaub und Kurzurlaub, Reisebericht \u00fcber Reise u. Urlaubsorte in Deutschland und Reiseziele in Europa und weltweit.\",\"breadcrumb\":{\"@id\":\"https:\/\/www.weltweit-urlaub.de\/blog\/zum-lautersee\/#breadcrumb\"},\"inLanguage\":\"de\",\"potentialAction\":[{\"@type\":\"ReadAction\",\"target\":[\"https:\/\/www.weltweit-urlaub.de\/blog\/zum-lautersee\/\"]}]},{\"@type\":\"ImageObject\",\"inLanguage\":\"de\",\"@id\":\"https:\/\/www.weltweit-urlaub.de\/blog\/zum-lautersee\/#primaryimage\",\"url\":\"https:\/\/www.weltweit-urlaub.de\/bilder\/blogs\/blog-urlaub\/deutschland\/bayer\/mittenwald\/zum-lautersee\/wanderung-mittenwald-lauter.jpg\",\"contentUrl\":\"https:\/\/www.weltweit-urlaub.de\/bilder\/blogs\/blog-urlaub\/deutschland\/bayer\/mittenwald\/zum-lautersee\/wanderung-mittenwald-lauter.jpg\"},{\"@type\":\"BreadcrumbList\",\"@id\":\"https:\/\/www.weltweit-urlaub.de\/blog\/zum-lautersee\/#breadcrumb\",\"itemListElement\":[{\"@type\":\"ListItem\",\"position\":1,\"name\":\"Home\",\"item\":\"https:\/\/www.weltweit-urlaub.de\/blog\/\"},{\"@type\":\"ListItem\",\"position\":2,\"name\":\"Zum Lautersee\"}]},{\"@type\":\"WebSite\",\"@id\":\"https:\/\/www.weltweit-urlaub.de\/blog\/#website\",\"url\":\"https:\/\/www.weltweit-urlaub.de\/blog\/\",\"name\":\"Weltweit Urlaub Blog\",\"description\":\"Das Weltweit Urlaub Blog berichtet von L\u00e4ndern, St\u00e4dten und Regionen rund um den Globus...\",\"potentialAction\":[{\"@type\":\"SearchAction\",\"target\":{\"@type\":\"EntryPoint\",\"urlTemplate\":\"https:\/\/www.weltweit-urlaub.de\/blog\/?s={search_term_string}\"},\"query-input\":{\"@type\":\"PropertyValueSpecification\",\"valueRequired\":true,\"valueName\":\"search_term_string\"}}],\"inLanguage\":\"de\"},{\"@type\":\"Person\",\"@id\":\"https:\/\/www.weltweit-urlaub.de\/blog\/#\/schema\/person\/580334b794d1d84c44ed185071077fc3\",\"name\":\"Franz\",\"image\":{\"@type\":\"ImageObject\",\"inLanguage\":\"de\",\"@id\":\"https:\/\/www.weltweit-urlaub.de\/blog\/#\/schema\/person\/image\/\",\"url\":\"https:\/\/secure.gravatar.com\/avatar\/61e4c9d2e568c90c06cae6dfa71dc329?s=96&d=mm&r=g\",\"contentUrl\":\"https:\/\/secure.gravatar.com\/avatar\/61e4c9d2e568c90c06cae6dfa71dc329?s=96&d=mm&r=g\",\"caption\":\"Franz\"},\"sameAs\":[\"https:\/\/www.weltweit-urlaub.de\/blog\/\"]}]}<\/script>\n<!-- \/ Yoast SEO plugin. -->","yoast_head_json":{"title":"Zum Lautersee - Reisebericht, Fotos, Urlaub & Reise","description":"Zum Lautersee - Weltweit Urlaub Blog - Urlaub und Kurzurlaub, Reisebericht \u00fcber Reise u. Urlaubsorte in Deutschland und Reiseziele in Europa und weltweit.","robots":{"index":"index","follow":"follow","max-snippet":"max-snippet:-1","max-image-preview":"max-image-preview:large","max-video-preview":"max-video-preview:-1"},"canonical":"https:\/\/www.weltweit-urlaub.de\/blog\/zum-lautersee\/","og_locale":"de_DE","og_type":"article","og_title":"Zum Lautersee - Reisebericht, Fotos, Urlaub & Reise","og_description":"Zum Lautersee - Weltweit Urlaub Blog - Urlaub und Kurzurlaub, Reisebericht \u00fcber Reise u. Urlaubsorte in Deutschland und Reiseziele in Europa und weltweit.","og_url":"https:\/\/www.weltweit-urlaub.de\/blog\/zum-lautersee\/","og_site_name":"Weltweit Urlaub Blog","article_publisher":"https:\/\/www.facebook.com\/pages\/Weltweit-Urlaub\/180623258643736","article_published_time":"2008-10-01T00:01:13+00:00","article_modified_time":"2011-11-22T21:29:04+00:00","og_image":[{"url":"https:\/\/www.weltweit-urlaub.de\/bilder\/blogs\/blog-urlaub\/deutschland\/bayer\/mittenwald\/zum-lautersee\/wanderung-mittenwald-lauter.jpg","type":"","width":"","height":""}],"author":"Franz","twitter_misc":{"Verfasst von":"Franz","Gesch\u00e4tzte Lesezeit":"1\u00a0Minute"},"schema":{"@context":"https:\/\/schema.org","@graph":[{"@type":"WebPage","@id":"https:\/\/www.weltweit-urlaub.de\/blog\/zum-lautersee\/","url":"https:\/\/www.weltweit-urlaub.de\/blog\/zum-lautersee\/","name":"Zum Lautersee - Reisebericht, Fotos, Urlaub & Reise","isPartOf":{"@id":"https:\/\/www.weltweit-urlaub.de\/blog\/#website"},"primaryImageOfPage":{"@id":"https:\/\/www.weltweit-urlaub.de\/blog\/zum-lautersee\/#primaryimage"},"image":{"@id":"https:\/\/www.weltweit-urlaub.de\/blog\/zum-lautersee\/#primaryimage"},"thumbnailUrl":"https:\/\/www.weltweit-urlaub.de\/bilder\/blogs\/blog-urlaub\/deutschland\/bayer\/mittenwald\/zum-lautersee\/wanderung-mittenwald-lauter.jpg","datePublished":"2008-10-01T00:01:13+00:00","dateModified":"2011-11-22T21:29:04+00:00","author":{"@id":"https:\/\/www.weltweit-urlaub.de\/blog\/#\/schema\/person\/580334b794d1d84c44ed185071077fc3"},"description":"Zum Lautersee - Weltweit Urlaub Blog - Urlaub und Kurzurlaub, Reisebericht \u00fcber Reise u. Urlaubsorte in Deutschland und Reiseziele in Europa und weltweit.","breadcrumb":{"@id":"https:\/\/www.weltweit-urlaub.de\/blog\/zum-lautersee\/#breadcrumb"},"inLanguage":"de","potentialAction":[{"@type":"ReadAction","target":["https:\/\/www.weltweit-urlaub.de\/blog\/zum-lautersee\/"]}]},{"@type":"ImageObject","inLanguage":"de","@id":"https:\/\/www.weltweit-urlaub.de\/blog\/zum-lautersee\/#primaryimage","url":"https:\/\/www.weltweit-urlaub.de\/bilder\/blogs\/blog-urlaub\/deutschland\/bayer\/mittenwald\/zum-lautersee\/wanderung-mittenwald-lauter.jpg","contentUrl":"https:\/\/www.weltweit-urlaub.de\/bilder\/blogs\/blog-urlaub\/deutschland\/bayer\/mittenwald\/zum-lautersee\/wanderung-mittenwald-lauter.jpg"},{"@type":"BreadcrumbList","@id":"https:\/\/www.weltweit-urlaub.de\/blog\/zum-lautersee\/#breadcrumb","itemListElement":[{"@type":"ListItem","position":1,"name":"Home","item":"https:\/\/www.weltweit-urlaub.de\/blog\/"},{"@type":"ListItem","position":2,"name":"Zum Lautersee"}]},{"@type":"WebSite","@id":"https:\/\/www.weltweit-urlaub.de\/blog\/#website","url":"https:\/\/www.weltweit-urlaub.de\/blog\/","name":"Weltweit Urlaub Blog","description":"Das Weltweit Urlaub Blog berichtet von L\u00e4ndern, St\u00e4dten und Regionen rund um den Globus...","potentialAction":[{"@type":"SearchAction","target":{"@type":"EntryPoint","urlTemplate":"https:\/\/www.weltweit-urlaub.de\/blog\/?s={search_term_string}"},"query-input":{"@type":"PropertyValueSpecification","valueRequired":true,"valueName":"search_term_string"}}],"inLanguage":"de"},{"@type":"Person","@id":"https:\/\/www.weltweit-urlaub.de\/blog\/#\/schema\/person\/580334b794d1d84c44ed185071077fc3","name":"Franz","image":{"@type":"ImageObject","inLanguage":"de","@id":"https:\/\/www.weltweit-urlaub.de\/blog\/#\/schema\/person\/image\/","url":"https:\/\/secure.gravatar.com\/avatar\/61e4c9d2e568c90c06cae6dfa71dc329?s=96&d=mm&r=g","contentUrl":"https:\/\/secure.gravatar.com\/avatar\/61e4c9d2e568c90c06cae6dfa71dc329?s=96&d=mm&r=g","caption":"Franz"},"sameAs":["https:\/\/www.weltweit-urlaub.de\/blog\/"]}]}},"_links":{"self":[{"href":"https:\/\/www.weltweit-urlaub.de\/blog\/wp-json\/wp\/v2\/posts\/349"}],"collection":[{"href":"https:\/\/www.weltweit-urlaub.de\/blog\/wp-json\/wp\/v2\/posts"}],"about":[{"href":"https:\/\/www.weltweit-urlaub.de\/blog\/wp-json\/wp\/v2\/types\/post"}],"author":[{"embeddable":true,"href":"https:\/\/www.weltweit-urlaub.de\/blog\/wp-json\/wp\/v2\/users\/10"}],"replies":[{"embeddable":true,"href":"https:\/\/www.weltweit-urlaub.de\/blog\/wp-json\/wp\/v2\/comments?post=349"}],"version-history":[{"count":5,"href":"https:\/\/www.weltweit-urlaub.de\/blog\/wp-json\/wp\/v2\/posts\/349\/revisions"}],"predecessor-version":[{"id":8510,"href":"https:\/\/www.weltweit-urlaub.de\/blog\/wp-json\/wp\/v2\/posts\/349\/revisions\/8510"}],"wp:attachment":[{"href":"https:\/\/www.weltweit-urlaub.de\/blog\/wp-json\/wp\/v2\/media?parent=349"}],"wp:term":[{"taxonomy":"category","embeddable":true,"href":"https:\/\/www.weltweit-urlaub.de\/blog\/wp-json\/wp\/v2\/categories?post=349"},{"taxonomy":"post_tag","embeddable":true,"href":"https:\/\/www.weltweit-urlaub.de\/blog\/wp-json\/wp\/v2\/tags?post=349"}],"curies":[{"name":"wp","href":"https:\/\/api.w.org\/{rel}","templated":true}]}}