{"id":2201,"date":"2009-11-29T00:01:04","date_gmt":"2009-11-29T00:01:04","guid":{"rendered":"http:\/\/www.weltweit-urlaub.de\/blog\/?p=2201"},"modified":"2012-08-06T14:59:43","modified_gmt":"2012-08-06T12:59:43","slug":"schwarzes-moor-rhoen","status":"publish","type":"post","link":"https:\/\/www.weltweit-urlaub.de\/blog\/schwarzes-moor-rhoen\/","title":{"rendered":"Schwarzes Moor in der Rh\u00f6n"},"content":{"rendered":"<p>Wir fahren heute wieder die ber\u00fchmte Hochrh\u00f6nstra\u00dfe von <a href=\"https:\/\/www.weltweit-urlaub.de\/blog\/bischofsheim-rhoen\/\" target=\"_blank\" ><strong>Bischofsheim<\/strong><\/a> aus (Beschilderung: Fladungen) mitten durch das <strong>Biosph\u00e4ren-Reservat<\/strong> bis zum Parkplatz <strong>Schwarzes Moor<\/strong>.<br \/>\nHier ist allerhand los, es gibt ein Infozentrum, einen Kiosk, eine Imbi\u00df-Gastst\u00e4tte und einen Honigstand. Wir <a target=\"_blank\" href=\"https:\/\/www.weltweit-urlaub.de\/wanderreisen\/\" >wandern<\/a> zun\u00e4chst zum Eingangstor des Schwarzen Moores. Der Eintritt ist frei, genauso wie das Parken.<\/p>\n<p align=\"center\"><img decoding=\"async\" src=\"https:\/\/www.weltweit-urlaub.de\/bilder\/blogs\/blog-urlaub\/rhoen\/infotafel.jpg\" border=\"1\" alt=\"Eine der zahlreichen Infotafeln\"\/><br \/>\n<em>Eine der zahlreichen Infotafeln<\/em><\/p>\n<p>Wir nehmen den Rundweg im Uhrzeigersinn. Wir gehen auf <strong>Holzstegen<\/strong> von einer Informationstafel zur n\u00e4chsten. Die Holzstege d\u00fcrfen wir nicht verlassen, es gibt laut Warnschildern Kreuzottern. Und die geh\u00f6ren zu den Giftschlangen. Aber keine Panik, seit den 50er-Jahren ist in <a href=\"https:\/\/www.weltweit-urlaub.de\/deutschland\/\" target=\"_blank\" >Deutschland<\/a> noch niemand t\u00f6dlich gebissen worden. Und der letzte Fall betraf eine ca. 85-j\u00e4hrige Frau, die wahrscheinlich durch den Schock am Herzinfarkt gestorben ist. <\/p>\n<p align=\"center\"><img decoding=\"async\" src=\"https:\/\/www.weltweit-urlaub.de\/bilder\/blogs\/blog-urlaub\/rhoen\/holzsteg.jpg\" border=\"1\" alt=\"Holzsteg mit Gel\u00e4nder\"\/><br \/>\n<em>Holzsteg mit Gel\u00e4nder<\/em><\/p>\n<p>Wir wandern also weiter durch das <strong>Hochmoor<\/strong>, in der Ferne liegt ein <strong>Moorsee<\/strong>, bis wir an einen <strong>h\u00f6lzernen Aussichtsturm<\/strong> gelangen. Wir haben die Wahl zwischen zwei R\u00fcckwegen zum Parkplatz.<\/p>\n<p align=\"center\"><img decoding=\"async\" src=\"https:\/\/www.weltweit-urlaub.de\/bilder\/blogs\/blog-urlaub\/rhoen\/moorsee.jpg\" border=\"1\" alt=\"Moorsee mit Birken\n\"\/><br \/>\n<em>Moorsee mit Birken<\/em><\/p>\n<p>Am hinteren Ende des Parkplatzes zweigt links ein Weg ab, der uns zu einem Museums-Wachturm der ehemaligen DDR-Grenze f\u00fchrt. Auch ein Teil des Grenzzaunes wurde hier zur Besichtigung erhalten. In der N\u00e4he des <strong>Schwarzen Moores<\/strong> befindet sich auch das <strong>Dreil\u00e4ndereck<\/strong>. Es treffen <strong><a href=\"https:\/\/www.weltweit-urlaub.de\/deutschland\/hessen\/\" target=\"_blank\" ><u>Hessen<\/u><\/a><\/strong>, <strong><a href=\"https:\/\/www.weltweit-urlaub.de\/deutschland\/bayern\/\" target=\"_blank\" ><u>Bayern<\/u><\/a><\/strong> und <strong><a href=\"https:\/\/www.weltweit-urlaub.de\/deutschland\/thueringen\/\" target=\"_blank\" ><u>Th\u00fcringen<\/u><\/a><\/strong> aneinander. Wir aber bleiben in der Bayerischen <a href=\"https:\/\/www.weltweit-urlaub.de\/deutschland\/rhoen\/\" target=\"_blank\" ><strong><u>Rh\u00f6n<\/u><\/strong><\/a> und treten den R\u00fcckweg an. Unterwegs sehen wir mit etwas Gl\u00fcck noch eine Rh\u00f6nschafherde. Das sind die Schafe mit der schwarzen Schnauze und den schwarzen Ohren.<\/p>\n<p align=\"center\"><img decoding=\"async\" src=\"https:\/\/www.weltweit-urlaub.de\/bilder\/blogs\/blog-urlaub\/rhoen\/rhoenschaf.jpg\" border=\"1\" alt=\"Rh\u00f6nschaf, erkenntlich am schwarzen Kopf\"\/><br \/>\n<em>Rh\u00f6nschaf, erkenntlich am schwarzem Kopf<\/em><\/p>\n<p align=\"center\"><img decoding=\"async\" src=\"https:\/\/www.weltweit-urlaub.de\/bilder\/blogs\/blog-urlaub\/rhoen\/grenzweg.jpg\" border=\"1\" alt=\"Museumsgrenze mit Wachtturm\"\/><br \/>\n<em>Museumsgrenze mit Wachtturm<br \/>\n<\/em><\/p>\n<p align=\"center\"><img decoding=\"async\" src=\"https:\/\/www.weltweit-urlaub.de\/bilder\/blogs\/blog-urlaub\/rhoen\/wachturm.jpg\" border=\"1\" alt=\"Ehemaliger Wachturm zwischen Th\u00fcringen und Bayern\"\/><br \/>\n<em>Ehemaliger Wachturm zwischen Th\u00fcringen und Bayern<br \/>\n<\/em><\/p>\n<p align=\"center\"><img decoding=\"async\" src=\"https:\/\/www.weltweit-urlaub.de\/bilder\/blogs\/blog-urlaub\/rhoen\/grenzzaun.jpg\" border=\"1\" alt=\"Ein St\u00fcck Nostalgie: Grenzzaun\n\"\/><br \/>\n<em>Ein St\u00fcck Nostalgie: Grenzzaun<br \/>\n<\/em><\/p>\n<p align=\"center\"><img decoding=\"async\" src=\"https:\/\/www.weltweit-urlaub.de\/bilder\/blogs\/blog-urlaub\/rhoen\/torbogen.jpg\" border=\"1\" alt=\" Natur-Torbogen\n\"\/><br \/>\n<em> Natur-Torbogen<br \/>\n<\/em><\/p>\n<p align=\"center\"><img decoding=\"async\" src=\"https:\/\/www.weltweit-urlaub.de\/bilder\/blogs\/blog-urlaub\/rhoen\/torbogen-schwarzes-moor.jpg\" border=\"1\" alt=\"Torbogen am Schwarzen Moor\n\"\/><br \/>\n<em>Torbogen am Schwarzen Moor<br \/>\n<\/em><\/p>\n<p align=\"center\"><img decoding=\"async\" src=\"https:\/\/www.weltweit-urlaub.de\/bilder\/blogs\/blog-urlaub\/rhoen\/typischer-holzsteg.jpg\" border=\"1\" alt=\"Typischer Holzsteg\n\"\/><br \/>\n<em>Typischer Holzsteg<br \/>\n<\/em><\/p>\n<p align=\"center\"><img decoding=\"async\" src=\"https:\/\/www.weltweit-urlaub.de\/bilder\/blogs\/blog-urlaub\/rhoen\/moor.jpg\" border=\"1\" alt=\"Echtes Moor, beim Verlassen der Wege drohen Versinken und Kreuzotternbisse\n\"\/><br \/>\n<em>Echtes Moor, beim Verlassen der Wege drohen Versinken und Kreuzotternbisse<br \/>\n<\/em><\/p>\n<p><strong>Hier finden Sie Unterk\u00fcnfte in der Rh\u00f6n:<\/strong><br \/>\n&bull; <a href=\"https:\/\/www.weltweit-urlaub.de\/service\/ferienhaeuser-fewos\/deutschland\/rhoen\/\" target=\"_blank\" rel=\"nofollow\" >Ferienh\u00e4user in der Rh\u00f6n<\/a><br \/>\n&bull; <a href=\"https:\/\/www.weltweit-urlaub.de\/service\/hotels\/deutschland\/rhoen\/\" target=\"_blank\" rel=\"nofollow\" >Hotels in der Rh\u00f6n<\/a><br \/>\n&bull; <a href=\"https:\/\/www.weltweit-urlaub.de\/deutschland\/rhoen\/\" target=\"_blank\" >Rh\u00f6n Urlaub<\/a><\/p>\n","protected":false},"excerpt":{"rendered":"<p>Wir fahren heute wieder die ber\u00fchmte Hochrh\u00f6nstra\u00dfe von Bischofsheim aus (Beschilderung: Fladungen) mitten durch das Biosph\u00e4ren-Reservat bis zum Parkplatz Schwarzes Moor. Hier ist allerhand los, es gibt ein Infozentrum, einen Kiosk, eine Imbi\u00df-Gastst\u00e4tte und einen Honigstand. Wir wandern zun\u00e4chst zum Eingangstor des Schwarzen Moores. Der Eintritt ist frei, genauso wie das Parken. Eine der zahlreichen [&hellip;]<\/p>\n","protected":false},"author":10,"featured_media":0,"comment_status":"open","ping_status":"open","sticky":false,"template":"","format":"standard","meta":{"footnotes":""},"categories":[87,59,209,45,8,273],"tags":[],"class_list":["post-2201","post","type-post","status-publish","format-standard","hentry","category-reiseberichte","category-urlaubsfotos","category-bayern","category-deutschland","category-laender","category-rhoen"],"yoast_head":"<!-- This site is optimized with the Yoast SEO plugin v25.6 - https:\/\/yoast.com\/wordpress\/plugins\/seo\/ -->\n<title>Schwarzes Moor in der Rh\u00f6n - Reisebericht, Fotos, Urlaub &amp; Reise<\/title>\n<meta name=\"description\" content=\"Schwarzes Moor in der Rh\u00f6n - Weltweit Urlaub Blog - Urlaub und Kurzurlaub, Reisebericht \u00fcber Reise u. Urlaubsorte in Deutschland und Reiseziele in Europa und weltweit.\" \/>\n<meta name=\"robots\" content=\"index, follow, max-snippet:-1, max-image-preview:large, max-video-preview:-1\" \/>\n<link rel=\"canonical\" href=\"https:\/\/www.weltweit-urlaub.de\/blog\/schwarzes-moor-rhoen\/\" \/>\n<meta property=\"og:locale\" content=\"de_DE\" \/>\n<meta property=\"og:type\" content=\"article\" \/>\n<meta property=\"og:title\" content=\"Schwarzes Moor in der Rh\u00f6n - Reisebericht, Fotos, Urlaub &amp; Reise\" \/>\n<meta property=\"og:description\" content=\"Schwarzes Moor in der Rh\u00f6n - Weltweit Urlaub Blog - Urlaub und Kurzurlaub, Reisebericht \u00fcber Reise u. Urlaubsorte in Deutschland und Reiseziele in Europa und weltweit.\" \/>\n<meta property=\"og:url\" content=\"https:\/\/www.weltweit-urlaub.de\/blog\/schwarzes-moor-rhoen\/\" \/>\n<meta property=\"og:site_name\" content=\"Weltweit Urlaub Blog\" \/>\n<meta property=\"article:publisher\" content=\"https:\/\/www.facebook.com\/pages\/Weltweit-Urlaub\/180623258643736\" \/>\n<meta property=\"article:published_time\" content=\"2009-11-29T00:01:04+00:00\" \/>\n<meta property=\"article:modified_time\" content=\"2012-08-06T12:59:43+00:00\" \/>\n<meta property=\"og:image\" content=\"https:\/\/www.weltweit-urlaub.de\/bilder\/blogs\/blog-urlaub\/rhoen\/infotafel.jpg\" \/>\n<meta name=\"author\" content=\"Franz\" \/>\n<meta name=\"twitter:label1\" content=\"Verfasst von\" \/>\n\t<meta name=\"twitter:data1\" content=\"Franz\" \/>\n\t<meta name=\"twitter:label2\" content=\"Gesch\u00e4tzte Lesezeit\" \/>\n\t<meta name=\"twitter:data2\" content=\"2\u00a0Minuten\" \/>\n<script type=\"application\/ld+json\" class=\"yoast-schema-graph\">{\"@context\":\"https:\/\/schema.org\",\"@graph\":[{\"@type\":\"WebPage\",\"@id\":\"https:\/\/www.weltweit-urlaub.de\/blog\/schwarzes-moor-rhoen\/\",\"url\":\"https:\/\/www.weltweit-urlaub.de\/blog\/schwarzes-moor-rhoen\/\",\"name\":\"Schwarzes Moor in der Rh\u00f6n - Reisebericht, Fotos, Urlaub & Reise\",\"isPartOf\":{\"@id\":\"https:\/\/www.weltweit-urlaub.de\/blog\/#website\"},\"primaryImageOfPage\":{\"@id\":\"https:\/\/www.weltweit-urlaub.de\/blog\/schwarzes-moor-rhoen\/#primaryimage\"},\"image\":{\"@id\":\"https:\/\/www.weltweit-urlaub.de\/blog\/schwarzes-moor-rhoen\/#primaryimage\"},\"thumbnailUrl\":\"https:\/\/www.weltweit-urlaub.de\/bilder\/blogs\/blog-urlaub\/rhoen\/infotafel.jpg\",\"datePublished\":\"2009-11-29T00:01:04+00:00\",\"dateModified\":\"2012-08-06T12:59:43+00:00\",\"author\":{\"@id\":\"https:\/\/www.weltweit-urlaub.de\/blog\/#\/schema\/person\/580334b794d1d84c44ed185071077fc3\"},\"description\":\"Schwarzes Moor in der Rh\u00f6n - Weltweit Urlaub Blog - Urlaub und Kurzurlaub, Reisebericht \u00fcber Reise u. Urlaubsorte in Deutschland und Reiseziele in Europa und weltweit.\",\"breadcrumb\":{\"@id\":\"https:\/\/www.weltweit-urlaub.de\/blog\/schwarzes-moor-rhoen\/#breadcrumb\"},\"inLanguage\":\"de\",\"potentialAction\":[{\"@type\":\"ReadAction\",\"target\":[\"https:\/\/www.weltweit-urlaub.de\/blog\/schwarzes-moor-rhoen\/\"]}]},{\"@type\":\"ImageObject\",\"inLanguage\":\"de\",\"@id\":\"https:\/\/www.weltweit-urlaub.de\/blog\/schwarzes-moor-rhoen\/#primaryimage\",\"url\":\"https:\/\/www.weltweit-urlaub.de\/bilder\/blogs\/blog-urlaub\/rhoen\/infotafel.jpg\",\"contentUrl\":\"https:\/\/www.weltweit-urlaub.de\/bilder\/blogs\/blog-urlaub\/rhoen\/infotafel.jpg\"},{\"@type\":\"BreadcrumbList\",\"@id\":\"https:\/\/www.weltweit-urlaub.de\/blog\/schwarzes-moor-rhoen\/#breadcrumb\",\"itemListElement\":[{\"@type\":\"ListItem\",\"position\":1,\"name\":\"Home\",\"item\":\"https:\/\/www.weltweit-urlaub.de\/blog\/\"},{\"@type\":\"ListItem\",\"position\":2,\"name\":\"Schwarzes Moor in der Rh\u00f6n\"}]},{\"@type\":\"WebSite\",\"@id\":\"https:\/\/www.weltweit-urlaub.de\/blog\/#website\",\"url\":\"https:\/\/www.weltweit-urlaub.de\/blog\/\",\"name\":\"Weltweit Urlaub Blog\",\"description\":\"Das Weltweit Urlaub Blog berichtet von L\u00e4ndern, St\u00e4dten und Regionen rund um den Globus...\",\"potentialAction\":[{\"@type\":\"SearchAction\",\"target\":{\"@type\":\"EntryPoint\",\"urlTemplate\":\"https:\/\/www.weltweit-urlaub.de\/blog\/?s={search_term_string}\"},\"query-input\":{\"@type\":\"PropertyValueSpecification\",\"valueRequired\":true,\"valueName\":\"search_term_string\"}}],\"inLanguage\":\"de\"},{\"@type\":\"Person\",\"@id\":\"https:\/\/www.weltweit-urlaub.de\/blog\/#\/schema\/person\/580334b794d1d84c44ed185071077fc3\",\"name\":\"Franz\",\"image\":{\"@type\":\"ImageObject\",\"inLanguage\":\"de\",\"@id\":\"https:\/\/www.weltweit-urlaub.de\/blog\/#\/schema\/person\/image\/\",\"url\":\"https:\/\/secure.gravatar.com\/avatar\/61e4c9d2e568c90c06cae6dfa71dc329?s=96&d=mm&r=g\",\"contentUrl\":\"https:\/\/secure.gravatar.com\/avatar\/61e4c9d2e568c90c06cae6dfa71dc329?s=96&d=mm&r=g\",\"caption\":\"Franz\"},\"sameAs\":[\"https:\/\/www.weltweit-urlaub.de\/blog\/\"]}]}<\/script>\n<!-- \/ Yoast SEO plugin. -->","yoast_head_json":{"title":"Schwarzes Moor in der Rh\u00f6n - Reisebericht, Fotos, Urlaub & Reise","description":"Schwarzes Moor in der Rh\u00f6n - Weltweit Urlaub Blog - Urlaub und Kurzurlaub, Reisebericht \u00fcber Reise u. Urlaubsorte in Deutschland und Reiseziele in Europa und weltweit.","robots":{"index":"index","follow":"follow","max-snippet":"max-snippet:-1","max-image-preview":"max-image-preview:large","max-video-preview":"max-video-preview:-1"},"canonical":"https:\/\/www.weltweit-urlaub.de\/blog\/schwarzes-moor-rhoen\/","og_locale":"de_DE","og_type":"article","og_title":"Schwarzes Moor in der Rh\u00f6n - Reisebericht, Fotos, Urlaub & Reise","og_description":"Schwarzes Moor in der Rh\u00f6n - Weltweit Urlaub Blog - Urlaub und Kurzurlaub, Reisebericht \u00fcber Reise u. Urlaubsorte in Deutschland und Reiseziele in Europa und weltweit.","og_url":"https:\/\/www.weltweit-urlaub.de\/blog\/schwarzes-moor-rhoen\/","og_site_name":"Weltweit Urlaub Blog","article_publisher":"https:\/\/www.facebook.com\/pages\/Weltweit-Urlaub\/180623258643736","article_published_time":"2009-11-29T00:01:04+00:00","article_modified_time":"2012-08-06T12:59:43+00:00","og_image":[{"url":"https:\/\/www.weltweit-urlaub.de\/bilder\/blogs\/blog-urlaub\/rhoen\/infotafel.jpg","type":"","width":"","height":""}],"author":"Franz","twitter_misc":{"Verfasst von":"Franz","Gesch\u00e4tzte Lesezeit":"2\u00a0Minuten"},"schema":{"@context":"https:\/\/schema.org","@graph":[{"@type":"WebPage","@id":"https:\/\/www.weltweit-urlaub.de\/blog\/schwarzes-moor-rhoen\/","url":"https:\/\/www.weltweit-urlaub.de\/blog\/schwarzes-moor-rhoen\/","name":"Schwarzes Moor in der Rh\u00f6n - Reisebericht, Fotos, Urlaub & Reise","isPartOf":{"@id":"https:\/\/www.weltweit-urlaub.de\/blog\/#website"},"primaryImageOfPage":{"@id":"https:\/\/www.weltweit-urlaub.de\/blog\/schwarzes-moor-rhoen\/#primaryimage"},"image":{"@id":"https:\/\/www.weltweit-urlaub.de\/blog\/schwarzes-moor-rhoen\/#primaryimage"},"thumbnailUrl":"https:\/\/www.weltweit-urlaub.de\/bilder\/blogs\/blog-urlaub\/rhoen\/infotafel.jpg","datePublished":"2009-11-29T00:01:04+00:00","dateModified":"2012-08-06T12:59:43+00:00","author":{"@id":"https:\/\/www.weltweit-urlaub.de\/blog\/#\/schema\/person\/580334b794d1d84c44ed185071077fc3"},"description":"Schwarzes Moor in der Rh\u00f6n - Weltweit Urlaub Blog - Urlaub und Kurzurlaub, Reisebericht \u00fcber Reise u. Urlaubsorte in Deutschland und Reiseziele in Europa und weltweit.","breadcrumb":{"@id":"https:\/\/www.weltweit-urlaub.de\/blog\/schwarzes-moor-rhoen\/#breadcrumb"},"inLanguage":"de","potentialAction":[{"@type":"ReadAction","target":["https:\/\/www.weltweit-urlaub.de\/blog\/schwarzes-moor-rhoen\/"]}]},{"@type":"ImageObject","inLanguage":"de","@id":"https:\/\/www.weltweit-urlaub.de\/blog\/schwarzes-moor-rhoen\/#primaryimage","url":"https:\/\/www.weltweit-urlaub.de\/bilder\/blogs\/blog-urlaub\/rhoen\/infotafel.jpg","contentUrl":"https:\/\/www.weltweit-urlaub.de\/bilder\/blogs\/blog-urlaub\/rhoen\/infotafel.jpg"},{"@type":"BreadcrumbList","@id":"https:\/\/www.weltweit-urlaub.de\/blog\/schwarzes-moor-rhoen\/#breadcrumb","itemListElement":[{"@type":"ListItem","position":1,"name":"Home","item":"https:\/\/www.weltweit-urlaub.de\/blog\/"},{"@type":"ListItem","position":2,"name":"Schwarzes Moor in der Rh\u00f6n"}]},{"@type":"WebSite","@id":"https:\/\/www.weltweit-urlaub.de\/blog\/#website","url":"https:\/\/www.weltweit-urlaub.de\/blog\/","name":"Weltweit Urlaub Blog","description":"Das Weltweit Urlaub Blog berichtet von L\u00e4ndern, St\u00e4dten und Regionen rund um den Globus...","potentialAction":[{"@type":"SearchAction","target":{"@type":"EntryPoint","urlTemplate":"https:\/\/www.weltweit-urlaub.de\/blog\/?s={search_term_string}"},"query-input":{"@type":"PropertyValueSpecification","valueRequired":true,"valueName":"search_term_string"}}],"inLanguage":"de"},{"@type":"Person","@id":"https:\/\/www.weltweit-urlaub.de\/blog\/#\/schema\/person\/580334b794d1d84c44ed185071077fc3","name":"Franz","image":{"@type":"ImageObject","inLanguage":"de","@id":"https:\/\/www.weltweit-urlaub.de\/blog\/#\/schema\/person\/image\/","url":"https:\/\/secure.gravatar.com\/avatar\/61e4c9d2e568c90c06cae6dfa71dc329?s=96&d=mm&r=g","contentUrl":"https:\/\/secure.gravatar.com\/avatar\/61e4c9d2e568c90c06cae6dfa71dc329?s=96&d=mm&r=g","caption":"Franz"},"sameAs":["https:\/\/www.weltweit-urlaub.de\/blog\/"]}]}},"_links":{"self":[{"href":"https:\/\/www.weltweit-urlaub.de\/blog\/wp-json\/wp\/v2\/posts\/2201"}],"collection":[{"href":"https:\/\/www.weltweit-urlaub.de\/blog\/wp-json\/wp\/v2\/posts"}],"about":[{"href":"https:\/\/www.weltweit-urlaub.de\/blog\/wp-json\/wp\/v2\/types\/post"}],"author":[{"embeddable":true,"href":"https:\/\/www.weltweit-urlaub.de\/blog\/wp-json\/wp\/v2\/users\/10"}],"replies":[{"embeddable":true,"href":"https:\/\/www.weltweit-urlaub.de\/blog\/wp-json\/wp\/v2\/comments?post=2201"}],"version-history":[{"count":30,"href":"https:\/\/www.weltweit-urlaub.de\/blog\/wp-json\/wp\/v2\/posts\/2201\/revisions"}],"predecessor-version":[{"id":9861,"href":"https:\/\/www.weltweit-urlaub.de\/blog\/wp-json\/wp\/v2\/posts\/2201\/revisions\/9861"}],"wp:attachment":[{"href":"https:\/\/www.weltweit-urlaub.de\/blog\/wp-json\/wp\/v2\/media?parent=2201"}],"wp:term":[{"taxonomy":"category","embeddable":true,"href":"https:\/\/www.weltweit-urlaub.de\/blog\/wp-json\/wp\/v2\/categories?post=2201"},{"taxonomy":"post_tag","embeddable":true,"href":"https:\/\/www.weltweit-urlaub.de\/blog\/wp-json\/wp\/v2\/tags?post=2201"}],"curies":[{"name":"wp","href":"https:\/\/api.w.org\/{rel}","templated":true}]}}