{"id":1530,"date":"2009-10-01T15:10:31","date_gmt":"2009-10-01T15:10:31","guid":{"rendered":"http:\/\/www.weltweit-urlaub.de\/blog\/?p=1530"},"modified":"2011-11-25T02:46:34","modified_gmt":"2011-11-25T00:46:34","slug":"gramai-alm-am-achensee","status":"publish","type":"post","link":"https:\/\/www.weltweit-urlaub.de\/blog\/gramai-alm-am-achensee\/","title":{"rendered":"Gramai Alm am Achensee"},"content":{"rendered":"<p>Der <a target=\"_blank\" href=\"https:\/\/www.weltweit-urlaub.de\/blog\/achensee\/\"  title=\"Urlaub Achensee\">Achensee<\/a> ist der gr\u00f6\u00dfte See <a target=\"_blank\" href=\"https:\/\/www.weltweit-urlaub.de\/oesterreich\/tirol\/\"  title=\"Urlaub Tirol Reise\">Tirols<\/a> in <a target=\"_blank\" href=\"https:\/\/www.weltweit-urlaub.de\/oesterreich\/\"  title=\"Urlaub Oesterreich\">\u00d6sterreich<\/a>. Rund um diesen wundersch\u00f6nen See finden wir unz\u00e4hlige <strong>D\u00f6rfer<\/strong> und <strong>Anlegestellen f\u00fcr Schiffe<\/strong>, mit denen man \u00fcber den Achensee fahren kann.<\/p>\n<p>Au\u00dferdem ist das Gebiet Achensee in Tirol ein <strong>Wanderparadies<\/strong> und ein beliebtes <strong>Ausflugsziel<\/strong> nicht nur f\u00fcr Tiroler, sondern auch f\u00fcr Urlauber und Besucher.<\/p>\n<p>Bei meinem letzten <strong>Urlaub in \u00d6sterreich<\/strong>, genauer gesagt in <strong>Tirol<\/strong>, hat mein Papa einen sch\u00f6nen <strong>Ausflug<\/strong> geplant. Er kennt sich in ganz Tirol gut aus und ist ein Kenner der sch\u00f6nsten Flecken in der Gegend. Unser Ausflug hatte als Ziel die <strong>Gramai Alm<\/strong>. Diese Alm ist von einem <strong>Parkplatz in Pertisau<\/strong> aus erreichbar. Von hier aus f\u00fchren verschiedene <strong>Wanderungen<\/strong> zu beeindruckenden <strong>Aussichtspunkten<\/strong> und in unber\u00fchrte <strong>Naturlandschaften<\/strong>.<\/p>\n<p>Der <strong>Weg zur Gramai Alm<\/strong> ist nicht besonders anspruchsvoll und auch Wanderer und Naturliebhaber mit wenig Steigung und einem gut begehbarem Weg. <\/p>\n<p>Man wandert vom Parkplatz aus zuerst durch einen sch\u00f6nen, aber asphaltierten <strong>Waldweg<\/strong> und kommt sp\u00e4ter ins eigentliche <strong>Wandergebiet<\/strong>. <\/p>\n<p><img decoding=\"async\" src=\"https:\/\/www.weltweit-urlaub.de\/bilder\/blogs\/gramai_alm\/landschaft_achensee.jpg\" alt=\"Wandern Achensee\" class=\"bild\"\/><br \/><em>Die idyllische Wanderlandschaft zur Gramai Alm beim Achensee<\/em><\/p>\n<p>Ein besonderes Bild bot sich uns auf halber Strecke. Es handelt sich auf dem Bild um einen <strong>Lawinenkegel<\/strong>, der mit <strong>Schneefr\u00e4sen<\/strong> durchbohrt wurde um die Stra\u00dfe f\u00fcr <a target=\"_blank\" href=\"https:\/\/www.weltweit-urlaub.de\/rubrik\/mietwagen\/\" >Autos<\/a> frei zu halten. Die H\u00f6he der W\u00e4nde aus Schnee hat mich wirklich beeindruckt. Ich denke, dass es sich um in etwa <strong>8 m hohe<\/strong> <strong>Schneew\u00e4nde<\/strong> auf beiden Seiten der Stra\u00dfe handelte.<\/p>\n<p><img decoding=\"async\" src=\"https:\/\/www.weltweit-urlaub.de\/bilder\/blogs\/gramai_alm\/lawine_wand.jpg\" alt=\"Lawinenkegel\" class=\"bild\"\/><br \/><em>Atemberaubende Schneewand eines Lawinenkegels<\/em><\/p>\n<p>Wenn man den Weg weiter in Richtung Gramai Alm spaziert, kommt man an einladenden <strong>Tiroler Almen und Cafes<\/strong> vorbei. Hier sitzen die Einheimischen und spielen Gitarre oder erz\u00e4hlen lustige Alltagsgeschichten. Hier k\u00f6nnen Sie auch <strong>Spezialit\u00e4ten wie Tiroler Speckkn\u00f6del<\/strong> probieren.<\/p>\n<p>Als wir dann in der <strong>Gramai Alm<\/strong> angekommen waren, haben wir uns erst einmal bei einem guten Kaffee und Kuchen oder einem erfrischenden Radler ausgeruht.<\/p>\n<p><img decoding=\"async\" src=\"https:\/\/www.weltweit-urlaub.de\/bilder\/blogs\/gramai_alm\/gramai_alm.jpg\" alt=\"Gramai Alm\" class=\"bild\" \/><br \/><em>Urige Rastst\u00e4tten in der Gramai Alm<\/em><\/p>\n<p>Die Gramai Alm besitzt auch einen <strong>Streichelzoo<\/strong>, was das Ganze f\u00fcr Kinder besonders attraktiv macht.<\/p>\n<p><img decoding=\"async\" src=\"https:\/\/www.weltweit-urlaub.de\/bilder\/blogs\/gramai_alm\/streichelzoo.jpg\" alt=\"Streichelzoo Gramai Alm\" class=\"bild\"\/><br \/><em>Ziegen im Streichelzoo der Gramai Alm<\/em><\/p>\n<p>Wer die Strecke bis Pertisau nicht mehr zu Fu\u00df zur\u00fccklegen will, der kann mit einem so genannten <strong>Melancholie Bus<\/strong> wieder zur\u00fcck fahren. Dieser Bus stammt aus den 60er Jahren und zieht viele Blicke auf sich.<\/p>\n<p><img decoding=\"async\" src=\"https:\/\/www.weltweit-urlaub.de\/bilder\/blogs\/gramai_alm\/melancholie_bus.jpg\" alt=\"Der Melancholie Bus\" class=\"bild\" \/><br \/><em>Der Melancholie Bus, der zwischen Gramai Alm und Pertisau verkehrt<\/em><\/p>\n<p>Nach dieser sch\u00f6nen Wanderung sind wir zufrieden wieder in unser Auto eingestiegen und nach Hause gefahren. Die <strong>Umgebung Achensee<\/strong> ist f\u00fcr <strong>Wanderer, <a target=\"_blank\" href=\"https:\/\/www.weltweit-urlaub.de\/rubrik\/fahrrad-bike-reisen\/\" >Mountainbiker<\/a> und Naturliebhaber<\/strong> in <a href=\"https:\/\/www.weltweit-urlaub.de\/oesterreich\/tirol\/\"  target=\"_blank\">Tirol<\/a> wirklich zu empfehlen. Den Sommer in dieser sch\u00f6nen Umgebung zu verleben, ist wirklich ein Geschenk. Doch auch im Winter zieht es viele Urlauber hierher, denn wenn die Skisaison beginnt, kommen viele aus Deutschland und anderen L\u00e4ndern angereist &#8211; f\u00fcr Ihren <a target=\"_blank\" href=\"https:\/\/www.weltweit-urlaub.de\/winter\/skigebiete\/achensee.htm\"  title=\"Wintersport Achensee\">Skiurlaub am Achensee<\/a>.<\/p>\n","protected":false},"excerpt":{"rendered":"<p>Der Achensee ist der gr\u00f6\u00dfte See Tirols in \u00d6sterreich. Rund um diesen wundersch\u00f6nen See finden wir unz\u00e4hlige D\u00f6rfer und Anlegestellen f\u00fcr Schiffe, mit denen man \u00fcber den Achensee fahren kann. Au\u00dferdem ist das Gebiet Achensee in Tirol ein Wanderparadies und ein beliebtes Ausflugsziel nicht nur f\u00fcr Tiroler, sondern auch f\u00fcr Urlauber und Besucher. Bei meinem [&hellip;]<\/p>\n","protected":false},"author":18,"featured_media":0,"comment_status":"open","ping_status":"open","sticky":false,"template":"","format":"standard","meta":{"footnotes":""},"categories":[1,59,26,102],"tags":[],"class_list":["post-1530","post","type-post","status-publish","format-standard","hentry","category-urlaubsblog","category-urlaubsfotos","category-oesterreich","category-tirol"],"yoast_head":"<!-- This site is optimized with the Yoast SEO plugin v25.6 - https:\/\/yoast.com\/wordpress\/plugins\/seo\/ -->\n<title>Gramai Alm am Achensee - Reisebericht, Fotos, Urlaub &amp; Reise<\/title>\n<meta name=\"description\" content=\"Gramai Alm am Achensee - Weltweit Urlaub Blog - Urlaub und Kurzurlaub, Reisebericht \u00fcber Reise u. Urlaubsorte in Deutschland und Reiseziele in Europa und weltweit.\" \/>\n<meta name=\"robots\" content=\"index, follow, max-snippet:-1, max-image-preview:large, max-video-preview:-1\" \/>\n<link rel=\"canonical\" href=\"https:\/\/www.weltweit-urlaub.de\/blog\/gramai-alm-am-achensee\/\" \/>\n<meta property=\"og:locale\" content=\"de_DE\" \/>\n<meta property=\"og:type\" content=\"article\" \/>\n<meta property=\"og:title\" content=\"Gramai Alm am Achensee - Reisebericht, Fotos, Urlaub &amp; Reise\" \/>\n<meta property=\"og:description\" content=\"Gramai Alm am Achensee - Weltweit Urlaub Blog - Urlaub und Kurzurlaub, Reisebericht \u00fcber Reise u. Urlaubsorte in Deutschland und Reiseziele in Europa und weltweit.\" \/>\n<meta property=\"og:url\" content=\"https:\/\/www.weltweit-urlaub.de\/blog\/gramai-alm-am-achensee\/\" \/>\n<meta property=\"og:site_name\" content=\"Weltweit Urlaub Blog\" \/>\n<meta property=\"article:publisher\" content=\"https:\/\/www.facebook.com\/pages\/Weltweit-Urlaub\/180623258643736\" \/>\n<meta property=\"article:published_time\" content=\"2009-10-01T15:10:31+00:00\" \/>\n<meta property=\"article:modified_time\" content=\"2011-11-25T00:46:34+00:00\" \/>\n<meta property=\"og:image\" content=\"https:\/\/www.weltweit-urlaub.de\/bilder\/blogs\/gramai_alm\/landschaft_achensee.jpg\" \/>\n<meta name=\"author\" content=\"Anne\" \/>\n<meta name=\"twitter:label1\" content=\"Verfasst von\" \/>\n\t<meta name=\"twitter:data1\" content=\"Anne\" \/>\n\t<meta name=\"twitter:label2\" content=\"Gesch\u00e4tzte Lesezeit\" \/>\n\t<meta name=\"twitter:data2\" content=\"2\u00a0Minuten\" \/>\n<script type=\"application\/ld+json\" class=\"yoast-schema-graph\">{\"@context\":\"https:\/\/schema.org\",\"@graph\":[{\"@type\":\"WebPage\",\"@id\":\"https:\/\/www.weltweit-urlaub.de\/blog\/gramai-alm-am-achensee\/\",\"url\":\"https:\/\/www.weltweit-urlaub.de\/blog\/gramai-alm-am-achensee\/\",\"name\":\"Gramai Alm am Achensee - Reisebericht, Fotos, Urlaub & Reise\",\"isPartOf\":{\"@id\":\"https:\/\/www.weltweit-urlaub.de\/blog\/#website\"},\"primaryImageOfPage\":{\"@id\":\"https:\/\/www.weltweit-urlaub.de\/blog\/gramai-alm-am-achensee\/#primaryimage\"},\"image\":{\"@id\":\"https:\/\/www.weltweit-urlaub.de\/blog\/gramai-alm-am-achensee\/#primaryimage\"},\"thumbnailUrl\":\"https:\/\/www.weltweit-urlaub.de\/bilder\/blogs\/gramai_alm\/landschaft_achensee.jpg\",\"datePublished\":\"2009-10-01T15:10:31+00:00\",\"dateModified\":\"2011-11-25T00:46:34+00:00\",\"author\":{\"@id\":\"https:\/\/www.weltweit-urlaub.de\/blog\/#\/schema\/person\/85325cbb8b94672b9a6c3975e6f39f1c\"},\"description\":\"Gramai Alm am Achensee - Weltweit Urlaub Blog - Urlaub und Kurzurlaub, Reisebericht \u00fcber Reise u. Urlaubsorte in Deutschland und Reiseziele in Europa und weltweit.\",\"breadcrumb\":{\"@id\":\"https:\/\/www.weltweit-urlaub.de\/blog\/gramai-alm-am-achensee\/#breadcrumb\"},\"inLanguage\":\"de\",\"potentialAction\":[{\"@type\":\"ReadAction\",\"target\":[\"https:\/\/www.weltweit-urlaub.de\/blog\/gramai-alm-am-achensee\/\"]}]},{\"@type\":\"ImageObject\",\"inLanguage\":\"de\",\"@id\":\"https:\/\/www.weltweit-urlaub.de\/blog\/gramai-alm-am-achensee\/#primaryimage\",\"url\":\"https:\/\/www.weltweit-urlaub.de\/bilder\/blogs\/gramai_alm\/landschaft_achensee.jpg\",\"contentUrl\":\"https:\/\/www.weltweit-urlaub.de\/bilder\/blogs\/gramai_alm\/landschaft_achensee.jpg\"},{\"@type\":\"BreadcrumbList\",\"@id\":\"https:\/\/www.weltweit-urlaub.de\/blog\/gramai-alm-am-achensee\/#breadcrumb\",\"itemListElement\":[{\"@type\":\"ListItem\",\"position\":1,\"name\":\"Home\",\"item\":\"https:\/\/www.weltweit-urlaub.de\/blog\/\"},{\"@type\":\"ListItem\",\"position\":2,\"name\":\"Gramai Alm am Achensee\"}]},{\"@type\":\"WebSite\",\"@id\":\"https:\/\/www.weltweit-urlaub.de\/blog\/#website\",\"url\":\"https:\/\/www.weltweit-urlaub.de\/blog\/\",\"name\":\"Weltweit Urlaub Blog\",\"description\":\"Das Weltweit Urlaub Blog berichtet von L\u00e4ndern, St\u00e4dten und Regionen rund um den Globus...\",\"potentialAction\":[{\"@type\":\"SearchAction\",\"target\":{\"@type\":\"EntryPoint\",\"urlTemplate\":\"https:\/\/www.weltweit-urlaub.de\/blog\/?s={search_term_string}\"},\"query-input\":{\"@type\":\"PropertyValueSpecification\",\"valueRequired\":true,\"valueName\":\"search_term_string\"}}],\"inLanguage\":\"de\"},{\"@type\":\"Person\",\"@id\":\"https:\/\/www.weltweit-urlaub.de\/blog\/#\/schema\/person\/85325cbb8b94672b9a6c3975e6f39f1c\",\"name\":\"Anne\",\"image\":{\"@type\":\"ImageObject\",\"inLanguage\":\"de\",\"@id\":\"https:\/\/www.weltweit-urlaub.de\/blog\/#\/schema\/person\/image\/\",\"url\":\"https:\/\/secure.gravatar.com\/avatar\/db218fabf6b8ecdf141c9eebc0c387c1?s=96&d=mm&r=g\",\"contentUrl\":\"https:\/\/secure.gravatar.com\/avatar\/db218fabf6b8ecdf141c9eebc0c387c1?s=96&d=mm&r=g\",\"caption\":\"Anne\"},\"sameAs\":[\"https:\/\/www.weltweit-urlaub.de\/\"]}]}<\/script>\n<!-- \/ Yoast SEO plugin. -->","yoast_head_json":{"title":"Gramai Alm am Achensee - Reisebericht, Fotos, Urlaub & Reise","description":"Gramai Alm am Achensee - Weltweit Urlaub Blog - Urlaub und Kurzurlaub, Reisebericht \u00fcber Reise u. Urlaubsorte in Deutschland und Reiseziele in Europa und weltweit.","robots":{"index":"index","follow":"follow","max-snippet":"max-snippet:-1","max-image-preview":"max-image-preview:large","max-video-preview":"max-video-preview:-1"},"canonical":"https:\/\/www.weltweit-urlaub.de\/blog\/gramai-alm-am-achensee\/","og_locale":"de_DE","og_type":"article","og_title":"Gramai Alm am Achensee - Reisebericht, Fotos, Urlaub & Reise","og_description":"Gramai Alm am Achensee - Weltweit Urlaub Blog - Urlaub und Kurzurlaub, Reisebericht \u00fcber Reise u. Urlaubsorte in Deutschland und Reiseziele in Europa und weltweit.","og_url":"https:\/\/www.weltweit-urlaub.de\/blog\/gramai-alm-am-achensee\/","og_site_name":"Weltweit Urlaub Blog","article_publisher":"https:\/\/www.facebook.com\/pages\/Weltweit-Urlaub\/180623258643736","article_published_time":"2009-10-01T15:10:31+00:00","article_modified_time":"2011-11-25T00:46:34+00:00","og_image":[{"url":"https:\/\/www.weltweit-urlaub.de\/bilder\/blogs\/gramai_alm\/landschaft_achensee.jpg","type":"","width":"","height":""}],"author":"Anne","twitter_misc":{"Verfasst von":"Anne","Gesch\u00e4tzte Lesezeit":"2\u00a0Minuten"},"schema":{"@context":"https:\/\/schema.org","@graph":[{"@type":"WebPage","@id":"https:\/\/www.weltweit-urlaub.de\/blog\/gramai-alm-am-achensee\/","url":"https:\/\/www.weltweit-urlaub.de\/blog\/gramai-alm-am-achensee\/","name":"Gramai Alm am Achensee - Reisebericht, Fotos, Urlaub & Reise","isPartOf":{"@id":"https:\/\/www.weltweit-urlaub.de\/blog\/#website"},"primaryImageOfPage":{"@id":"https:\/\/www.weltweit-urlaub.de\/blog\/gramai-alm-am-achensee\/#primaryimage"},"image":{"@id":"https:\/\/www.weltweit-urlaub.de\/blog\/gramai-alm-am-achensee\/#primaryimage"},"thumbnailUrl":"https:\/\/www.weltweit-urlaub.de\/bilder\/blogs\/gramai_alm\/landschaft_achensee.jpg","datePublished":"2009-10-01T15:10:31+00:00","dateModified":"2011-11-25T00:46:34+00:00","author":{"@id":"https:\/\/www.weltweit-urlaub.de\/blog\/#\/schema\/person\/85325cbb8b94672b9a6c3975e6f39f1c"},"description":"Gramai Alm am Achensee - Weltweit Urlaub Blog - Urlaub und Kurzurlaub, Reisebericht \u00fcber Reise u. Urlaubsorte in Deutschland und Reiseziele in Europa und weltweit.","breadcrumb":{"@id":"https:\/\/www.weltweit-urlaub.de\/blog\/gramai-alm-am-achensee\/#breadcrumb"},"inLanguage":"de","potentialAction":[{"@type":"ReadAction","target":["https:\/\/www.weltweit-urlaub.de\/blog\/gramai-alm-am-achensee\/"]}]},{"@type":"ImageObject","inLanguage":"de","@id":"https:\/\/www.weltweit-urlaub.de\/blog\/gramai-alm-am-achensee\/#primaryimage","url":"https:\/\/www.weltweit-urlaub.de\/bilder\/blogs\/gramai_alm\/landschaft_achensee.jpg","contentUrl":"https:\/\/www.weltweit-urlaub.de\/bilder\/blogs\/gramai_alm\/landschaft_achensee.jpg"},{"@type":"BreadcrumbList","@id":"https:\/\/www.weltweit-urlaub.de\/blog\/gramai-alm-am-achensee\/#breadcrumb","itemListElement":[{"@type":"ListItem","position":1,"name":"Home","item":"https:\/\/www.weltweit-urlaub.de\/blog\/"},{"@type":"ListItem","position":2,"name":"Gramai Alm am Achensee"}]},{"@type":"WebSite","@id":"https:\/\/www.weltweit-urlaub.de\/blog\/#website","url":"https:\/\/www.weltweit-urlaub.de\/blog\/","name":"Weltweit Urlaub Blog","description":"Das Weltweit Urlaub Blog berichtet von L\u00e4ndern, St\u00e4dten und Regionen rund um den Globus...","potentialAction":[{"@type":"SearchAction","target":{"@type":"EntryPoint","urlTemplate":"https:\/\/www.weltweit-urlaub.de\/blog\/?s={search_term_string}"},"query-input":{"@type":"PropertyValueSpecification","valueRequired":true,"valueName":"search_term_string"}}],"inLanguage":"de"},{"@type":"Person","@id":"https:\/\/www.weltweit-urlaub.de\/blog\/#\/schema\/person\/85325cbb8b94672b9a6c3975e6f39f1c","name":"Anne","image":{"@type":"ImageObject","inLanguage":"de","@id":"https:\/\/www.weltweit-urlaub.de\/blog\/#\/schema\/person\/image\/","url":"https:\/\/secure.gravatar.com\/avatar\/db218fabf6b8ecdf141c9eebc0c387c1?s=96&d=mm&r=g","contentUrl":"https:\/\/secure.gravatar.com\/avatar\/db218fabf6b8ecdf141c9eebc0c387c1?s=96&d=mm&r=g","caption":"Anne"},"sameAs":["https:\/\/www.weltweit-urlaub.de\/"]}]}},"_links":{"self":[{"href":"https:\/\/www.weltweit-urlaub.de\/blog\/wp-json\/wp\/v2\/posts\/1530"}],"collection":[{"href":"https:\/\/www.weltweit-urlaub.de\/blog\/wp-json\/wp\/v2\/posts"}],"about":[{"href":"https:\/\/www.weltweit-urlaub.de\/blog\/wp-json\/wp\/v2\/types\/post"}],"author":[{"embeddable":true,"href":"https:\/\/www.weltweit-urlaub.de\/blog\/wp-json\/wp\/v2\/users\/18"}],"replies":[{"embeddable":true,"href":"https:\/\/www.weltweit-urlaub.de\/blog\/wp-json\/wp\/v2\/comments?post=1530"}],"version-history":[{"count":16,"href":"https:\/\/www.weltweit-urlaub.de\/blog\/wp-json\/wp\/v2\/posts\/1530\/revisions"}],"predecessor-version":[{"id":1534,"href":"https:\/\/www.weltweit-urlaub.de\/blog\/wp-json\/wp\/v2\/posts\/1530\/revisions\/1534"}],"wp:attachment":[{"href":"https:\/\/www.weltweit-urlaub.de\/blog\/wp-json\/wp\/v2\/media?parent=1530"}],"wp:term":[{"taxonomy":"category","embeddable":true,"href":"https:\/\/www.weltweit-urlaub.de\/blog\/wp-json\/wp\/v2\/categories?post=1530"},{"taxonomy":"post_tag","embeddable":true,"href":"https:\/\/www.weltweit-urlaub.de\/blog\/wp-json\/wp\/v2\/tags?post=1530"}],"curies":[{"name":"wp","href":"https:\/\/api.w.org\/{rel}","templated":true}]}}