{"id":14767,"date":"2016-03-15T09:47:08","date_gmt":"2016-03-15T08:47:08","guid":{"rendered":"http:\/\/www.weltweit-urlaub.de\/blog\/?p=14767"},"modified":"2016-03-09T17:04:57","modified_gmt":"2016-03-09T16:04:57","slug":"steinheim-im-meteoritenkrater","status":"publish","type":"post","link":"https:\/\/www.weltweit-urlaub.de\/blog\/steinheim-im-meteoritenkrater\/","title":{"rendered":"Steinheim im Meteoritenkrater"},"content":{"rendered":"<p><strong>Steinheim am Albuch<\/strong> liegt auf der <strong><a href=\"https:\/\/www.weltweit-urlaub.de\/deutschland\/schwaebische_alb\/\"  target=\"_blank\">Schw\u00e4bischen Alb<\/a><\/strong> in <strong><a href=\"https:\/\/www.weltweit-urlaub.de\/deutschland\/baden-wuerttemberg\/\"  target=\"_blank\">Baden-W\u00fcrttemberg<\/a><\/strong>.<\/p>\n<p>Das St\u00e4dtchen liegt mitten in einem <strong>Meteoritenkrater<\/strong>, dem sogenannten <strong>Steinheimer Becken<\/strong>. Hier verbringen wir unseren Jahresurlaub, nicht zuletzt wegen der leicht h\u00fcgeligen und lieblichen Landschaft. Im Mittelpunkt des Kraters, der einen Durchmesser von cirka 30 Kilometern hat und durch einen Meteoriteneinschlag entstanden ist, befindet sich ein kleiner Berg mit einem Felsen, der <strong>Steinhirt<\/strong>.<\/p>\n<p style=\"text-align: center;\"><img loading=\"lazy\" decoding=\"async\" class=\"aligncenter wp-image-14768 size-full\" title=\"Steinheim-Sontheim\" src=\"https:\/\/www.weltweit-urlaub.de\/blog\/wp-content\/uploads\/steinheim-sontheim.jpg\" alt=\"Steinheim-Sontheim\" width=\"555\" height=\"416\" \/><em><strong>Steinheim-Sontheim<\/strong><\/em><\/p>\n<p>Unsere Wanderung durch das <strong>Steinheimer Becken<\/strong> beginnt in\u00a0 <strong>Steinheim-Sontheim<\/strong> am Rande des Kraters. Wir gehen auf den <strong>Steinhirt<\/strong> zu, einem Berg mit einem Felsen in der Kratermitte.<\/p>\n<p style=\"text-align: center;\"><em><img loading=\"lazy\" decoding=\"async\" class=\"aligncenter wp-image-14779 size-full\" title=\"Der Steinhirt bei Steinheim\" src=\"https:\/\/www.weltweit-urlaub.de\/blog\/wp-content\/uploads\/steinhirt.jpg\" alt=\"Steinhirt\" width=\"555\" height=\"416\" \/> Der <strong>Steinhirt<\/strong> &#8211; Wir wandern ihm entgegen.<br \/>\n<\/em><\/p>\n<p style=\"text-align: center;\"><img loading=\"lazy\" decoding=\"async\" class=\"aligncenter wp-image-14781 size-full\" title=\"Steinhirt-Fels bei Steinheim\" src=\"https:\/\/www.weltweit-urlaub.de\/blog\/wp-content\/uploads\/steinheim-steinhirt.jpg\" alt=\"Steinhirt Fels, Steinheim\" width=\"416\" height=\"555\" \/><strong><em>Steinhirt-Obelisk<\/em><\/strong><em> &#8211; der 8 m hohe Felsblock <strong>W\u00e4ldlesfels<\/strong> bei Steinheim, <strong><br \/>\n<\/strong>ein <strong>Naturdenkmal<\/strong> und gleichzeitig ein beliebter<strong> Kletterfels<\/strong> aus Kalk<\/em><\/p>\n<p style=\"text-align: center;\">\u00a0<img loading=\"lazy\" decoding=\"async\" class=\"aligncenter wp-image-14780 size-full\" title=\"Rundgang auf der Wanderung um den Fels am Steinhirt\" src=\"https:\/\/www.weltweit-urlaub.de\/blog\/wp-content\/uploads\/wanderung-steinhirt.jpg\" alt=\"Wanderung am Steinhirt\" width=\"416\" height=\"555\" \/><em>Rundgang auf der Wanderung um den Fels am Steinhirt<\/em><\/p>\n<p style=\"text-align: center;\"><img loading=\"lazy\" decoding=\"async\" class=\"aligncenter wp-image-14782 size-full\" title=\"Steinheim\" src=\"https:\/\/www.weltweit-urlaub.de\/blog\/wp-content\/uploads\/steinheim.jpg\" alt=\"Steinheim\" width=\"555\" height=\"416\" \/><em>Blick vom<strong> Steinhirt-Klosterberg<\/strong> auf den Ort<strong> Steinheim<\/strong><\/em><\/p>\n<p style=\"text-align: left;\">Immer wieder genie\u00dfen wir den einmaligen Rundblick vom <strong>Steinhirt<\/strong> auf das <strong>Steinheimer Becken<\/strong> und den Kraterrand des riesigen Einschlagkraters am Horizont. In der Bildmitte und gleichzeitig in der Ortsmitte sehen wir schon die Kirche. Wir wandern zu Fu\u00df dort hin.<\/p>\n<p style=\"text-align: center;\"><img loading=\"lazy\" decoding=\"async\" class=\"aligncenter wp-image-14772 size-full\" title=\"Kirche Steinheim\" src=\"https:\/\/www.weltweit-urlaub.de\/blog\/wp-content\/uploads\/kirche-steinheim.jpg\" alt=\"Kirche Steinheim\" width=\"555\" height=\"416\" \/>Die<strong> Kirche in Steinheim<\/strong><\/p>\n<p style=\"text-align: center;\"><img loading=\"lazy\" decoding=\"async\" class=\"aligncenter wp-image-14769 size-full\" title=\"In der Kirche Steinheim\" src=\"https:\/\/www.weltweit-urlaub.de\/blog\/wp-content\/uploads\/kirche-steinheim-innen.jpg\" alt=\"In der Kirche Steinheim\" width=\"555\" height=\"416\" \/><em>Im Inneren der <strong>Kirche<br \/>\n<\/strong><\/em><\/p>\n<p style=\"text-align: left;\">Vom Zentrum aus wandern wir zum s\u00fcdlichen Rand des Kraterbeckens. Hier befindet sich der kleine Berg <strong>Burgstall<\/strong>. Wir steigen hinauf und blicken auf den Ortsteil <strong>Sontheim im Stubental<\/strong>, in dem sich auch das <strong>Meteoriten-Museum<\/strong> befindet, auf den <strong>Steinhirt<\/strong>, den <strong>Knillberg<\/strong> mit der Heidelandschaft und das <strong>Sontheimer Wirtsh\u00e4usle<\/strong>.<\/p>\n<p style=\"text-align: center;\"><img loading=\"lazy\" decoding=\"async\" class=\"aligncenter wp-image-14774 size-full\" title=\"Der Burgstall mit seiner H\u00f6hle\" src=\"https:\/\/www.weltweit-urlaub.de\/blog\/wp-content\/uploads\/burgstall-mit-hoehle.jpg\" alt=\"Der Burgstall mit H\u00f6hle\" width=\"555\" height=\"416\" \/><em>Der <strong>Burgstall<\/strong> mit seiner <strong>H\u00f6hle<\/strong><\/em><\/p>\n<p style=\"text-align: center;\"><img loading=\"lazy\" decoding=\"async\" class=\"aligncenter wp-image-14773 size-full\" title=\"Der Burgstall\" src=\"https:\/\/www.weltweit-urlaub.de\/blog\/wp-content\/uploads\/steinheim-burgstall.jpg\" alt=\"Der Burgstall\" width=\"555\" height=\"416\" \/><em>Der <strong>Burgstall<\/strong> in Steinheim<\/em><\/p>\n<p style=\"text-align: center;\"><img loading=\"lazy\" decoding=\"async\" class=\"aligncenter wp-image-14776 size-full\" title=\"Burgstall mit Sontheimer Wirtsh\u00e4usle\" src=\"https:\/\/www.weltweit-urlaub.de\/blog\/wp-content\/uploads\/burgstall-sontheimer-wirtshaeusle.jpg\" alt=\"Burgstall mit Sontheimer Wirtsh\u00e4usle\" width=\"555\" height=\"416\" \/><strong><em>Burgstall<\/em><\/strong><em> mit<\/em><strong><em> Sontheimer Wirtsh\u00e4usle<\/em><\/strong><\/p>\n<p style=\"text-align: center;\"><img loading=\"lazy\" decoding=\"async\" class=\"aligncenter wp-image-14775 size-full\" title=\"Wandern auf dem Bergpfad auf dem Burgstall\" src=\"https:\/\/www.weltweit-urlaub.de\/blog\/wp-content\/uploads\/wandern-bergpfad-burgstall.jpg\" alt=\"Wandern - Bergpfad - Burgstall\" width=\"555\" height=\"416\" \/><em>Wir wandern den Bergpfad auf dem <strong>Burgstall<\/strong> entlang<\/em><\/p>\n<p style=\"text-align: center;\"><img loading=\"lazy\" decoding=\"async\" class=\"aligncenter wp-image-14778 size-full\" title=\"Blick auf Sontheim im Stubental\" src=\"https:\/\/www.weltweit-urlaub.de\/blog\/wp-content\/uploads\/sontheim-stubental.jpg\" alt=\"Blick auf Sontheim im Stubental\" width=\"555\" height=\"416\" \/><em>Blick von der Sitzgruppe auf <strong>Sontheim im Stubental<\/strong>, den<strong> Steinhirt<\/strong> und im Hintergrund<strong> Steinheim.<br \/>\n<\/strong><\/em><\/p>\n<p style=\"text-align: center;\"><img loading=\"lazy\" decoding=\"async\" class=\"aligncenter wp-image-14777 size-full\" title=\"Sontheimer Wirtsh\u00e4usle\" src=\"https:\/\/www.weltweit-urlaub.de\/blog\/wp-content\/uploads\/sontheimer-wirtshaeusle.jpg\" alt=\"Sontheimer Wirtsh\u00e4usle\" width=\"555\" height=\"416\" \/><em><strong>Sontheimer Wirtsh\u00e4usle<\/strong><\/em><\/p>\n<p style=\"text-align: center;\"><img loading=\"lazy\" decoding=\"async\" class=\"aligncenter wp-image-14771 size-full\" title=\"Blumenhang am Burgstall\" src=\"https:\/\/www.weltweit-urlaub.de\/blog\/wp-content\/uploads\/steinheim-blumenwiese-burgstall.jpg\" alt=\"Blumenhang am Burgstall\" width=\"555\" height=\"416\" \/><em>Blumenwiese am Hang, <strong>Burgstall<\/strong><\/em><\/p>\n<p style=\"text-align: center;\"><img loading=\"lazy\" decoding=\"async\" class=\"aligncenter wp-image-14770 size-full\" title=\"Blumenwiese im Meteoritenkrater\" src=\"https:\/\/www.weltweit-urlaub.de\/blog\/wp-content\/uploads\/steinheim-blumenwiese.jpg\" alt=\"Blumenwiese im Meteoritenkrater\" width=\"555\" height=\"416\" \/><em>Blumenwiese im <strong>Meteoritenkrater<\/strong><\/em><\/p>\n<p style=\"text-align: left;\">Das war nur ein kurzer Einblick in die reizvolle Landschaft. Beim n\u00e4chsten Mal suchen wir das liebliche <strong>Wental<\/strong> auf, das ganz in der N\u00e4he liegt.<\/p>\n","protected":false},"excerpt":{"rendered":"<p>Steinheim am Albuch liegt auf der Schw\u00e4bischen Alb in Baden-W\u00fcrttemberg. Das St\u00e4dtchen liegt mitten in einem Meteoritenkrater, dem sogenannten Steinheimer Becken. Hier verbringen wir unseren Jahresurlaub, nicht zuletzt wegen der leicht h\u00fcgeligen und lieblichen Landschaft. Im Mittelpunkt des Kraters, der einen Durchmesser von cirka 30 Kilometern hat und durch einen Meteoriteneinschlag entstanden ist, befindet sich [&hellip;]<\/p>\n","protected":false},"author":10,"featured_media":0,"comment_status":"open","ping_status":"open","sticky":false,"template":"","format":"standard","meta":{"footnotes":""},"categories":[87,1,59,271,45,291],"tags":[],"class_list":["post-14767","post","type-post","status-publish","format-standard","hentry","category-reiseberichte","category-urlaubsblog","category-urlaubsfotos","category-baden-wuerttemberg","category-deutschland","category-wanderurlaub"],"yoast_head":"<!-- This site is optimized with the Yoast SEO plugin v25.6 - https:\/\/yoast.com\/wordpress\/plugins\/seo\/ -->\n<title>Steinheim im Meteoritenkrater - Wanderung - Schw\u00e4bische Alb<\/title>\n<meta name=\"description\" content=\"Wanderung bei Steinheim im Urlaub in der Region Ostalb \/ Schw\u00e4bische Alb. Wandern im Meteoritenkrater. Blumenwiese, Burgstall, Kirche in Baden-W\u00fcrttemberg.\" \/>\n<meta name=\"robots\" content=\"index, follow, max-snippet:-1, max-image-preview:large, max-video-preview:-1\" \/>\n<link rel=\"canonical\" href=\"https:\/\/www.weltweit-urlaub.de\/blog\/steinheim-im-meteoritenkrater\/\" \/>\n<meta property=\"og:locale\" content=\"de_DE\" \/>\n<meta property=\"og:type\" content=\"article\" \/>\n<meta property=\"og:title\" content=\"Steinheim im Meteoritenkrater - Wanderung - Schw\u00e4bische Alb\" \/>\n<meta property=\"og:description\" content=\"Wanderung bei Steinheim im Urlaub in der Region Ostalb \/ Schw\u00e4bische Alb. Wandern im Meteoritenkrater. Blumenwiese, Burgstall, Kirche in Baden-W\u00fcrttemberg.\" \/>\n<meta property=\"og:url\" content=\"https:\/\/www.weltweit-urlaub.de\/blog\/steinheim-im-meteoritenkrater\/\" \/>\n<meta property=\"og:site_name\" content=\"Weltweit Urlaub Blog\" \/>\n<meta property=\"article:publisher\" content=\"https:\/\/www.facebook.com\/pages\/Weltweit-Urlaub\/180623258643736\" \/>\n<meta property=\"article:published_time\" content=\"2016-03-15T08:47:08+00:00\" \/>\n<meta property=\"og:image\" content=\"https:\/\/www.weltweit-urlaub.de\/blog\/wp-content\/uploads\/steinheim-sontheim.jpg\" \/>\n<meta name=\"author\" content=\"Franz\" \/>\n<meta name=\"twitter:label1\" content=\"Verfasst von\" \/>\n\t<meta name=\"twitter:data1\" content=\"Franz\" \/>\n\t<meta name=\"twitter:label2\" content=\"Gesch\u00e4tzte Lesezeit\" \/>\n\t<meta name=\"twitter:data2\" content=\"2\u00a0Minuten\" \/>\n<script type=\"application\/ld+json\" class=\"yoast-schema-graph\">{\"@context\":\"https:\/\/schema.org\",\"@graph\":[{\"@type\":\"WebPage\",\"@id\":\"https:\/\/www.weltweit-urlaub.de\/blog\/steinheim-im-meteoritenkrater\/\",\"url\":\"https:\/\/www.weltweit-urlaub.de\/blog\/steinheim-im-meteoritenkrater\/\",\"name\":\"Steinheim im Meteoritenkrater - Wanderung - Schw\u00e4bische Alb\",\"isPartOf\":{\"@id\":\"https:\/\/www.weltweit-urlaub.de\/blog\/#website\"},\"primaryImageOfPage\":{\"@id\":\"https:\/\/www.weltweit-urlaub.de\/blog\/steinheim-im-meteoritenkrater\/#primaryimage\"},\"image\":{\"@id\":\"https:\/\/www.weltweit-urlaub.de\/blog\/steinheim-im-meteoritenkrater\/#primaryimage\"},\"thumbnailUrl\":\"https:\/\/www.weltweit-urlaub.de\/blog\/wp-content\/uploads\/steinheim-sontheim.jpg\",\"datePublished\":\"2016-03-15T08:47:08+00:00\",\"author\":{\"@id\":\"https:\/\/www.weltweit-urlaub.de\/blog\/#\/schema\/person\/580334b794d1d84c44ed185071077fc3\"},\"description\":\"Wanderung bei Steinheim im Urlaub in der Region Ostalb \/ Schw\u00e4bische Alb. Wandern im Meteoritenkrater. Blumenwiese, Burgstall, Kirche in Baden-W\u00fcrttemberg.\",\"breadcrumb\":{\"@id\":\"https:\/\/www.weltweit-urlaub.de\/blog\/steinheim-im-meteoritenkrater\/#breadcrumb\"},\"inLanguage\":\"de\",\"potentialAction\":[{\"@type\":\"ReadAction\",\"target\":[\"https:\/\/www.weltweit-urlaub.de\/blog\/steinheim-im-meteoritenkrater\/\"]}]},{\"@type\":\"ImageObject\",\"inLanguage\":\"de\",\"@id\":\"https:\/\/www.weltweit-urlaub.de\/blog\/steinheim-im-meteoritenkrater\/#primaryimage\",\"url\":\"https:\/\/www.weltweit-urlaub.de\/blog\/wp-content\/uploads\/img_0545.jpg\",\"contentUrl\":\"https:\/\/www.weltweit-urlaub.de\/blog\/wp-content\/uploads\/img_0545.jpg\",\"width\":555,\"height\":416,\"caption\":\"Steinheim-Sontheim\"},{\"@type\":\"BreadcrumbList\",\"@id\":\"https:\/\/www.weltweit-urlaub.de\/blog\/steinheim-im-meteoritenkrater\/#breadcrumb\",\"itemListElement\":[{\"@type\":\"ListItem\",\"position\":1,\"name\":\"Home\",\"item\":\"https:\/\/www.weltweit-urlaub.de\/blog\/\"},{\"@type\":\"ListItem\",\"position\":2,\"name\":\"Steinheim im Meteoritenkrater\"}]},{\"@type\":\"WebSite\",\"@id\":\"https:\/\/www.weltweit-urlaub.de\/blog\/#website\",\"url\":\"https:\/\/www.weltweit-urlaub.de\/blog\/\",\"name\":\"Weltweit Urlaub Blog\",\"description\":\"Das Weltweit Urlaub Blog berichtet von L\u00e4ndern, St\u00e4dten und Regionen rund um den Globus...\",\"potentialAction\":[{\"@type\":\"SearchAction\",\"target\":{\"@type\":\"EntryPoint\",\"urlTemplate\":\"https:\/\/www.weltweit-urlaub.de\/blog\/?s={search_term_string}\"},\"query-input\":{\"@type\":\"PropertyValueSpecification\",\"valueRequired\":true,\"valueName\":\"search_term_string\"}}],\"inLanguage\":\"de\"},{\"@type\":\"Person\",\"@id\":\"https:\/\/www.weltweit-urlaub.de\/blog\/#\/schema\/person\/580334b794d1d84c44ed185071077fc3\",\"name\":\"Franz\",\"image\":{\"@type\":\"ImageObject\",\"inLanguage\":\"de\",\"@id\":\"https:\/\/www.weltweit-urlaub.de\/blog\/#\/schema\/person\/image\/\",\"url\":\"https:\/\/secure.gravatar.com\/avatar\/61e4c9d2e568c90c06cae6dfa71dc329?s=96&d=mm&r=g\",\"contentUrl\":\"https:\/\/secure.gravatar.com\/avatar\/61e4c9d2e568c90c06cae6dfa71dc329?s=96&d=mm&r=g\",\"caption\":\"Franz\"},\"sameAs\":[\"https:\/\/www.weltweit-urlaub.de\/blog\/\"]}]}<\/script>\n<!-- \/ Yoast SEO plugin. -->","yoast_head_json":{"title":"Steinheim im Meteoritenkrater - Wanderung - Schw\u00e4bische Alb","description":"Wanderung bei Steinheim im Urlaub in der Region Ostalb \/ Schw\u00e4bische Alb. Wandern im Meteoritenkrater. Blumenwiese, Burgstall, Kirche in Baden-W\u00fcrttemberg.","robots":{"index":"index","follow":"follow","max-snippet":"max-snippet:-1","max-image-preview":"max-image-preview:large","max-video-preview":"max-video-preview:-1"},"canonical":"https:\/\/www.weltweit-urlaub.de\/blog\/steinheim-im-meteoritenkrater\/","og_locale":"de_DE","og_type":"article","og_title":"Steinheim im Meteoritenkrater - Wanderung - Schw\u00e4bische Alb","og_description":"Wanderung bei Steinheim im Urlaub in der Region Ostalb \/ Schw\u00e4bische Alb. Wandern im Meteoritenkrater. Blumenwiese, Burgstall, Kirche in Baden-W\u00fcrttemberg.","og_url":"https:\/\/www.weltweit-urlaub.de\/blog\/steinheim-im-meteoritenkrater\/","og_site_name":"Weltweit Urlaub Blog","article_publisher":"https:\/\/www.facebook.com\/pages\/Weltweit-Urlaub\/180623258643736","article_published_time":"2016-03-15T08:47:08+00:00","og_image":[{"url":"https:\/\/www.weltweit-urlaub.de\/blog\/wp-content\/uploads\/steinheim-sontheim.jpg","type":"","width":"","height":""}],"author":"Franz","twitter_misc":{"Verfasst von":"Franz","Gesch\u00e4tzte Lesezeit":"2\u00a0Minuten"},"schema":{"@context":"https:\/\/schema.org","@graph":[{"@type":"WebPage","@id":"https:\/\/www.weltweit-urlaub.de\/blog\/steinheim-im-meteoritenkrater\/","url":"https:\/\/www.weltweit-urlaub.de\/blog\/steinheim-im-meteoritenkrater\/","name":"Steinheim im Meteoritenkrater - Wanderung - Schw\u00e4bische Alb","isPartOf":{"@id":"https:\/\/www.weltweit-urlaub.de\/blog\/#website"},"primaryImageOfPage":{"@id":"https:\/\/www.weltweit-urlaub.de\/blog\/steinheim-im-meteoritenkrater\/#primaryimage"},"image":{"@id":"https:\/\/www.weltweit-urlaub.de\/blog\/steinheim-im-meteoritenkrater\/#primaryimage"},"thumbnailUrl":"https:\/\/www.weltweit-urlaub.de\/blog\/wp-content\/uploads\/steinheim-sontheim.jpg","datePublished":"2016-03-15T08:47:08+00:00","author":{"@id":"https:\/\/www.weltweit-urlaub.de\/blog\/#\/schema\/person\/580334b794d1d84c44ed185071077fc3"},"description":"Wanderung bei Steinheim im Urlaub in der Region Ostalb \/ Schw\u00e4bische Alb. Wandern im Meteoritenkrater. Blumenwiese, Burgstall, Kirche in Baden-W\u00fcrttemberg.","breadcrumb":{"@id":"https:\/\/www.weltweit-urlaub.de\/blog\/steinheim-im-meteoritenkrater\/#breadcrumb"},"inLanguage":"de","potentialAction":[{"@type":"ReadAction","target":["https:\/\/www.weltweit-urlaub.de\/blog\/steinheim-im-meteoritenkrater\/"]}]},{"@type":"ImageObject","inLanguage":"de","@id":"https:\/\/www.weltweit-urlaub.de\/blog\/steinheim-im-meteoritenkrater\/#primaryimage","url":"https:\/\/www.weltweit-urlaub.de\/blog\/wp-content\/uploads\/img_0545.jpg","contentUrl":"https:\/\/www.weltweit-urlaub.de\/blog\/wp-content\/uploads\/img_0545.jpg","width":555,"height":416,"caption":"Steinheim-Sontheim"},{"@type":"BreadcrumbList","@id":"https:\/\/www.weltweit-urlaub.de\/blog\/steinheim-im-meteoritenkrater\/#breadcrumb","itemListElement":[{"@type":"ListItem","position":1,"name":"Home","item":"https:\/\/www.weltweit-urlaub.de\/blog\/"},{"@type":"ListItem","position":2,"name":"Steinheim im Meteoritenkrater"}]},{"@type":"WebSite","@id":"https:\/\/www.weltweit-urlaub.de\/blog\/#website","url":"https:\/\/www.weltweit-urlaub.de\/blog\/","name":"Weltweit Urlaub Blog","description":"Das Weltweit Urlaub Blog berichtet von L\u00e4ndern, St\u00e4dten und Regionen rund um den Globus...","potentialAction":[{"@type":"SearchAction","target":{"@type":"EntryPoint","urlTemplate":"https:\/\/www.weltweit-urlaub.de\/blog\/?s={search_term_string}"},"query-input":{"@type":"PropertyValueSpecification","valueRequired":true,"valueName":"search_term_string"}}],"inLanguage":"de"},{"@type":"Person","@id":"https:\/\/www.weltweit-urlaub.de\/blog\/#\/schema\/person\/580334b794d1d84c44ed185071077fc3","name":"Franz","image":{"@type":"ImageObject","inLanguage":"de","@id":"https:\/\/www.weltweit-urlaub.de\/blog\/#\/schema\/person\/image\/","url":"https:\/\/secure.gravatar.com\/avatar\/61e4c9d2e568c90c06cae6dfa71dc329?s=96&d=mm&r=g","contentUrl":"https:\/\/secure.gravatar.com\/avatar\/61e4c9d2e568c90c06cae6dfa71dc329?s=96&d=mm&r=g","caption":"Franz"},"sameAs":["https:\/\/www.weltweit-urlaub.de\/blog\/"]}]}},"_links":{"self":[{"href":"https:\/\/www.weltweit-urlaub.de\/blog\/wp-json\/wp\/v2\/posts\/14767"}],"collection":[{"href":"https:\/\/www.weltweit-urlaub.de\/blog\/wp-json\/wp\/v2\/posts"}],"about":[{"href":"https:\/\/www.weltweit-urlaub.de\/blog\/wp-json\/wp\/v2\/types\/post"}],"author":[{"embeddable":true,"href":"https:\/\/www.weltweit-urlaub.de\/blog\/wp-json\/wp\/v2\/users\/10"}],"replies":[{"embeddable":true,"href":"https:\/\/www.weltweit-urlaub.de\/blog\/wp-json\/wp\/v2\/comments?post=14767"}],"version-history":[{"count":12,"href":"https:\/\/www.weltweit-urlaub.de\/blog\/wp-json\/wp\/v2\/posts\/14767\/revisions"}],"predecessor-version":[{"id":15031,"href":"https:\/\/www.weltweit-urlaub.de\/blog\/wp-json\/wp\/v2\/posts\/14767\/revisions\/15031"}],"wp:attachment":[{"href":"https:\/\/www.weltweit-urlaub.de\/blog\/wp-json\/wp\/v2\/media?parent=14767"}],"wp:term":[{"taxonomy":"category","embeddable":true,"href":"https:\/\/www.weltweit-urlaub.de\/blog\/wp-json\/wp\/v2\/categories?post=14767"},{"taxonomy":"post_tag","embeddable":true,"href":"https:\/\/www.weltweit-urlaub.de\/blog\/wp-json\/wp\/v2\/tags?post=14767"}],"curies":[{"name":"wp","href":"https:\/\/api.w.org\/{rel}","templated":true}]}}