{"id":13563,"date":"2014-10-23T10:48:04","date_gmt":"2014-10-23T08:48:04","guid":{"rendered":"http:\/\/www.weltweit-urlaub.de\/blog\/?p=13563"},"modified":"2021-07-16T16:47:26","modified_gmt":"2021-07-16T14:47:26","slug":"emmerich-mit-rheinpromenade","status":"publish","type":"post","link":"https:\/\/www.weltweit-urlaub.de\/blog\/emmerich-mit-rheinpromenade\/","title":{"rendered":"Emmerich mit sch\u00f6ner Rheinpromenade"},"content":{"rendered":"<p>Auf unserer Reise am Niederrhein ist<strong> Emmerich<\/strong> die letzte Stadt in <a target=\"_blank\" href=\"https:\/\/www.weltweit-urlaub.de\/deutschland\/nordrhein-westfalen\/\" title=\"NRW\" >NRW<\/a> vor der <strong>niederl\u00e4ndischen Grenze<\/strong>. Es handelt sich um eine alte Hansestadt am <strong>Niederrhein<\/strong>. Wir besuchen diesen herrlichen Ort leider an einem bedeckten Tag mit Nieselregen und doch ist die Atmosph\u00e4re einzigartig. Wir besichtigen zwei der Hauptkirchen und schlendern \u00fcber die ber\u00fchmte <strong>Rheinpromenade<\/strong>. Hier gibt es jede Menge Speise- und Trinklokale.<\/p>\n<p style=\"text-align: center;\"><img loading=\"lazy\" decoding=\"async\" class=\"aligncenter size-full wp-image-13435\" style=\"border: 1px solid black;\" title=\"Die Martinikirche\" src=\"https:\/\/www.weltweit-urlaub.de\/blog\/wp-content\/uploads\/emmerich-martinikirche.jpg\" alt=\"Martinikirche\" width=\"555\" height=\"416\"\/><br \/>\n<em>Die <strong>Martinikirche<\/strong> am <strong>Rheinufer<\/strong>.<\/em><\/p>\n<p>Wir finden einen Parkplatz in der N\u00e4he der <strong>Martinikirche<\/strong>. Da Regenwetter ist, suchen wir zun\u00e4chst die Innenstadt auf. Wir gehen parallel zum <strong>Rhein<\/strong> bis zur<strong> Aldegundiskirche<\/strong>.<\/p>\n<p style=\"text-align: center;\"><img loading=\"lazy\" decoding=\"async\" class=\"aligncenter size-full wp-image-13436\" style=\"border: 1px solid black;\" title=\"Emmerich\" src=\"https:\/\/www.weltweit-urlaub.de\/blog\/wp-content\/uploads\/emmerich.jpg\" alt=\"Emmerich\" width=\"555\" height=\"416\"\/><br \/>\n<em><strong>Emmerich am Niederrhein<\/strong>, man sieht ein typisches<strong> Treppengiebelhaus<\/strong><\/em><\/p>\n<p style=\"text-align: center;\"><img loading=\"lazy\" decoding=\"async\" class=\"aligncenter size-full wp-image-13564\" style=\"border: 1px solid black;\" title=\"St. Aldegundis\" src=\"https:\/\/www.weltweit-urlaub.de\/blog\/wp-content\/uploads\/emmerich-st-aldegundis.jpg\" alt=\"St. Aldegundis\" width=\"416\" height=\"555\"\/><br \/>\n<em><strong>St. Aldegundis<\/strong> (ohne Spitzturm)<\/em><\/p>\n<p style=\"text-align: left;\">Wir gehen hinunter zur <strong>Rheinpromenade<\/strong>, wo sich die Lokale aneinanderreihen.<\/p>\n<p style=\"text-align: center;\"><img loading=\"lazy\" decoding=\"async\" class=\"aligncenter size-full wp-image-13446\" style=\"border: 1px solid black;\" title=\"Rheinpromenade, Martinikirche\" src=\"https:\/\/www.weltweit-urlaub.de\/blog\/wp-content\/uploads\/emmerich-rheinpromenade.jpg\" alt=\"Rheinpromenade, Martinikirche\" width=\"555\" height=\"416\"\/><br \/>\n<em><strong>Rheinpromenade, Martinikirche<\/strong> und die gewaltige <strong>Rheinbr\u00fccke<\/strong>.<\/em><\/p>\n<p style=\"text-align: center;\"><img loading=\"lazy\" decoding=\"async\" class=\"aligncenter size-full wp-image-13445\" style=\"border: 1px solid black;\" title=\"Die l\u00e4ngste H\u00e4ngebr\u00fccke Deutschlands\" src=\"https:\/\/www.weltweit-urlaub.de\/blog\/wp-content\/uploads\/emmerich-rheinbruecke.jpg\" alt=\"Die l\u00e4ngste H\u00e4ngebr\u00fccke Deutschlands\" width=\"555\" height=\"416\"\/><br \/>\n<em>Die <strong>Rheinbr\u00fccke, l\u00e4ngste H\u00e4ngebr\u00fccke<\/strong> Deutschlands.<\/em><\/p>\n<p>Dies ist mit <strong>803 Metern<\/strong> die <strong>l\u00e4ngste H\u00e4ngebr\u00fccke<\/strong> Deutschlands mit der gr\u00f6\u00dften St\u00fctzweite zwischen zwei Pfeilern, n\u00e4mlich<strong> 500 Meter.<\/strong><\/p>\n<p style=\"text-align: center;\"><img loading=\"lazy\" decoding=\"async\" class=\"aligncenter size-full wp-image-13444\" style=\"border: 1px solid black;\" title=\"Schiffsanlegestelle\" src=\"https:\/\/www.weltweit-urlaub.de\/blog\/wp-content\/uploads\/emmerich-schiffsanlegestelle.jpg\" alt=\"Schiffsanlegestelle\" width=\"555\" height=\"416\"\/><br \/>\n<strong><em>Schiffsanlegestelle<\/em><\/strong><\/p>\n<p style=\"text-align: center;\"><img loading=\"lazy\" decoding=\"async\" class=\"aligncenter size-full wp-image-13448\" style=\"border: 1px solid black;\" title=\"Die Promenade\" src=\"https:\/\/www.weltweit-urlaub.de\/blog\/wp-content\/uploads\/emmerich-promenade.jpg\" alt=\"Promenade\" width=\"555\" height=\"416\"\/><br \/>\n<em>Die begr\u00fcnte<\/em><strong><em> Promenade<\/em><\/strong><\/p>\n<p style=\"text-align: center;\"><img loading=\"lazy\" decoding=\"async\" class=\"aligncenter size-full wp-image-13449\" style=\"border: 1px solid black;\" title=\"Passagierschiff von Emmerich nach Holland\" src=\"https:\/\/www.weltweit-urlaub.de\/blog\/wp-content\/uploads\/emmerich-passagierschiff.jpg\" alt=\"Passagierschiff\" width=\"555\" height=\"416\"\/><br \/>\n<em>Passagierschiff nach <strong>Holland<\/strong>.<\/em><\/p>\n<p style=\"text-align: center;\"><img loading=\"lazy\" decoding=\"async\" class=\"aligncenter size-full wp-image-13451\" style=\"border: 1px solid black;\" title=\"An der Rheinpromenade sitzt der Poortekerl\" src=\"https:\/\/www.weltweit-urlaub.de\/blog\/wp-content\/uploads\/rheinpromenade-poortekerl.jpg\" alt=\"Poortekerl, Rheinpromenade\" width=\"555\" height=\"416\"\/><br \/>\n<em>Am n\u00f6rdlichen Ende der <strong>Rheinpromenade<\/strong> sitzt der <strong>Poortekerl<\/strong> zwischen den Felsen. Er ist so etwas wie ein Denkmal des typischen Tagel\u00f6hners, die hier fr\u00fcher auf die Schiffe warteten, um f\u00fcr ein paar Pfennige beim Be- und Entladen zu helfen. <\/em><\/p>\n<p style=\"text-align: center;\"><img loading=\"lazy\" decoding=\"async\" class=\"aligncenter size-full wp-image-13450\" style=\"border: 1px solid black;\" title=\"Der &quot;Poortekerl&quot; am Rhein\" src=\"https:\/\/www.weltweit-urlaub.de\/blog\/wp-content\/uploads\/emmerich-poortekerl.jpg\" alt=\"Poortekerl\" width=\"555\" height=\"416\"\/><br \/>\n<strong><em>Der &#8222;Poortekerl&#8220;<\/em><\/strong><\/p>\n<p style=\"text-align: center;\"><img loading=\"lazy\" decoding=\"async\" class=\"aligncenter size-full wp-image-13453\" style=\"border: 1px solid black;\" title=\"Bollwerk am Rhein\" src=\"https:\/\/www.weltweit-urlaub.de\/blog\/wp-content\/uploads\/emmerich-rhein-bollwerk.jpg\" alt=\"Bollwerk am Rhein\" width=\"555\" height=\"416\"\/><br \/>\n<em>Bollwerk am Rhein<\/em><\/p>\n<p style=\"text-align: center;\"><img loading=\"lazy\" decoding=\"async\" class=\"aligncenter size-full wp-image-13452\" style=\"border: 1px solid black;\" title=\"Die Kirche St. Martini\" src=\"https:\/\/www.weltweit-urlaub.de\/blog\/wp-content\/uploads\/emmerich-kirche-st-martini.jpg\" alt=\"Kirche St. Martini, Emmerich\" width=\"555\" height=\"416\"\/><br \/>\n<em>Die Kirche St. Martini<\/em><\/p>\n<p style=\"text-align: center;\"><img loading=\"lazy\" decoding=\"async\" class=\"aligncenter size-full wp-image-13434\" style=\"border: 1px solid black;\" title=\"Der Rhein bei Emmerich\" src=\"https:\/\/www.weltweit-urlaub.de\/blog\/wp-content\/uploads\/emmerich-rhein.jpg\" alt=\"Rhein, Emmerich\" width=\"555\" height=\"416\"\/><br \/>\n<em>Tsch\u00fcss, lieber Rhein!<\/em><\/p>\n<p style=\"text-align: left;\">Wir beenden unseren Rundgang und somit unsere <strong>Niederrheinfahrt<\/strong>.<\/p>\n<p style=\"text-align: left;\">Bis sp\u00e4ter!<\/p>\n<p><strong>Unterk\u00fcnfte in Emmerich:<\/strong><br \/>\n\u2022 <a target=\"_blank\" href=\"https:\/\/www.weltweit-urlaub.de\/service\/hotels\/deutschland\/nordrhein-westfalen\/emmerich\/\" rel=\"nofollow\" >B&amp;B und Hotels in Emmerich<\/a>: Bed &amp; Breakfast Haus unter den Linden, Gr\u00fcnort Bed &amp; Breakfast, Hotel Am Pan, Hotel Stadt Emmerich, Bed and Breakfast Elten, Hotel Societ\u00e4t sowie weitere Apartments und Ferienwohnungen.<br \/>\n\u2022 <a target=\"_blank\" href=\"https:\/\/www.weltweit-urlaub.de\/service\/hotels\/deutschland\/emmerich\/\" rel=\"nofollow\" >Ferienwohnungen in Emmerich<\/a><\/p>\n<p><strong>Mehr Infos zu Emmerich &amp; Niederrhein:<\/strong><br \/>\n\u2022 <a target=\"_blank\" href=\"https:\/\/www.weltweit-urlaub.de\/service\/reisen\/busreisen\/niederrhein\/\" rel=\"nofollow\" >Busreisen zum Niederrhein<\/a><br \/>\n\u2022 <a target=\"_blank\" href=\"https:\/\/www.weltweit-urlaub.de\/service\/hotels\/deutschland\/nordrhein-westfalen\/kalkar\/\" rel=\"nofollow\" >Hotels in Kalkar<\/a><br \/>\n\u2022 <a target=\"_blank\" href=\"https:\/\/www.weltweit-urlaub.de\/service\/hotels\/deutschland\/nordrhein-westfalen\/niederrhein\/\" rel=\"nofollow\" >Hotels am Niederrhein<\/a><br \/>\n\u2022 <a target=\"_blank\" href=\"https:\/\/www.weltweit-urlaub.de\/service\/ferienhaeuser-fewos\/deutschland\/niederrhein\/\" rel=\"nofollow\" >Ferienwohnungen am Niederrhein<\/a>: Ferienh\u00e4user und Ferienwohnungen in Emmerich, Kempen, D\u00fcsseldorf, Kranenburg, Nettetal, Oberhausen, Wesel u.a.<\/p>\n","protected":false},"excerpt":{"rendered":"<p>Auf unserer Reise am Niederrhein ist Emmerich die letzte Stadt in NRW vor der niederl\u00e4ndischen Grenze. Es handelt sich um eine alte Hansestadt am Niederrhein. Wir besuchen diesen herrlichen Ort leider an einem bedeckten Tag mit Nieselregen und doch ist die Atmosph\u00e4re einzigartig. Wir besichtigen zwei der Hauptkirchen und schlendern \u00fcber die ber\u00fchmte Rheinpromenade. Hier [&hellip;]<\/p>\n","protected":false},"author":10,"featured_media":0,"comment_status":"open","ping_status":"open","sticky":false,"template":"","format":"standard","meta":{"footnotes":""},"categories":[87,1,45,96],"tags":[],"class_list":["post-13563","post","type-post","status-publish","format-standard","hentry","category-reiseberichte","category-urlaubsblog","category-deutschland","category-nordrhein-westfalen"],"yoast_head":"<!-- This site is optimized with the Yoast SEO plugin v25.6 - https:\/\/yoast.com\/wordpress\/plugins\/seo\/ -->\n<title>Emmerich mit Rheinpromenade - Reisebericht Niederrhein<\/title>\n<meta name=\"description\" content=\"Emmerich mit sch\u00f6ner Rheinpromenade. Reisebericht \u00fcber einen Ausflug nach Emmerich am Niederrhein, mit Spaziergang am und zur Rheinbr\u00fccke, H\u00e4ngebr\u00fccke.\" \/>\n<meta name=\"robots\" content=\"index, follow, max-snippet:-1, max-image-preview:large, max-video-preview:-1\" \/>\n<link rel=\"canonical\" href=\"https:\/\/www.weltweit-urlaub.de\/blog\/emmerich-mit-rheinpromenade\/\" \/>\n<meta property=\"og:locale\" content=\"de_DE\" \/>\n<meta property=\"og:type\" content=\"article\" \/>\n<meta property=\"og:title\" content=\"Emmerich mit Rheinpromenade - Reisebericht Niederrhein\" \/>\n<meta property=\"og:description\" content=\"Emmerich mit sch\u00f6ner Rheinpromenade. Reisebericht \u00fcber einen Ausflug nach Emmerich am Niederrhein, mit Spaziergang am und zur Rheinbr\u00fccke, H\u00e4ngebr\u00fccke.\" \/>\n<meta property=\"og:url\" content=\"https:\/\/www.weltweit-urlaub.de\/blog\/emmerich-mit-rheinpromenade\/\" \/>\n<meta property=\"og:site_name\" content=\"Weltweit Urlaub Blog\" \/>\n<meta property=\"article:publisher\" content=\"https:\/\/www.facebook.com\/pages\/Weltweit-Urlaub\/180623258643736\" \/>\n<meta property=\"article:published_time\" content=\"2014-10-23T08:48:04+00:00\" \/>\n<meta property=\"article:modified_time\" content=\"2021-07-16T14:47:26+00:00\" \/>\n<meta property=\"og:image\" content=\"https:\/\/www.weltweit-urlaub.de\/blog\/wp-content\/uploads\/emmerich-martinikirche.jpg\" \/>\n<meta name=\"author\" content=\"Franz\" \/>\n<meta name=\"twitter:label1\" content=\"Verfasst von\" \/>\n\t<meta name=\"twitter:data1\" content=\"Franz\" \/>\n\t<meta name=\"twitter:label2\" content=\"Gesch\u00e4tzte Lesezeit\" \/>\n\t<meta name=\"twitter:data2\" content=\"2\u00a0Minuten\" \/>\n<script type=\"application\/ld+json\" class=\"yoast-schema-graph\">{\"@context\":\"https:\/\/schema.org\",\"@graph\":[{\"@type\":\"WebPage\",\"@id\":\"https:\/\/www.weltweit-urlaub.de\/blog\/emmerich-mit-rheinpromenade\/\",\"url\":\"https:\/\/www.weltweit-urlaub.de\/blog\/emmerich-mit-rheinpromenade\/\",\"name\":\"Emmerich mit Rheinpromenade - Reisebericht Niederrhein\",\"isPartOf\":{\"@id\":\"https:\/\/www.weltweit-urlaub.de\/blog\/#website\"},\"primaryImageOfPage\":{\"@id\":\"https:\/\/www.weltweit-urlaub.de\/blog\/emmerich-mit-rheinpromenade\/#primaryimage\"},\"image\":{\"@id\":\"https:\/\/www.weltweit-urlaub.de\/blog\/emmerich-mit-rheinpromenade\/#primaryimage\"},\"thumbnailUrl\":\"https:\/\/www.weltweit-urlaub.de\/blog\/wp-content\/uploads\/emmerich-martinikirche.jpg\",\"datePublished\":\"2014-10-23T08:48:04+00:00\",\"dateModified\":\"2021-07-16T14:47:26+00:00\",\"author\":{\"@id\":\"https:\/\/www.weltweit-urlaub.de\/blog\/#\/schema\/person\/580334b794d1d84c44ed185071077fc3\"},\"description\":\"Emmerich mit sch\u00f6ner Rheinpromenade. Reisebericht \u00fcber einen Ausflug nach Emmerich am Niederrhein, mit Spaziergang am und zur Rheinbr\u00fccke, H\u00e4ngebr\u00fccke.\",\"breadcrumb\":{\"@id\":\"https:\/\/www.weltweit-urlaub.de\/blog\/emmerich-mit-rheinpromenade\/#breadcrumb\"},\"inLanguage\":\"de\",\"potentialAction\":[{\"@type\":\"ReadAction\",\"target\":[\"https:\/\/www.weltweit-urlaub.de\/blog\/emmerich-mit-rheinpromenade\/\"]}]},{\"@type\":\"ImageObject\",\"inLanguage\":\"de\",\"@id\":\"https:\/\/www.weltweit-urlaub.de\/blog\/emmerich-mit-rheinpromenade\/#primaryimage\",\"url\":\"https:\/\/www.weltweit-urlaub.de\/blog\/wp-content\/uploads\/niederrhein-036.jpg\",\"contentUrl\":\"https:\/\/www.weltweit-urlaub.de\/blog\/wp-content\/uploads\/niederrhein-036.jpg\",\"width\":555,\"height\":416},{\"@type\":\"BreadcrumbList\",\"@id\":\"https:\/\/www.weltweit-urlaub.de\/blog\/emmerich-mit-rheinpromenade\/#breadcrumb\",\"itemListElement\":[{\"@type\":\"ListItem\",\"position\":1,\"name\":\"Home\",\"item\":\"https:\/\/www.weltweit-urlaub.de\/blog\/\"},{\"@type\":\"ListItem\",\"position\":2,\"name\":\"Emmerich mit sch\u00f6ner Rheinpromenade\"}]},{\"@type\":\"WebSite\",\"@id\":\"https:\/\/www.weltweit-urlaub.de\/blog\/#website\",\"url\":\"https:\/\/www.weltweit-urlaub.de\/blog\/\",\"name\":\"Weltweit Urlaub Blog\",\"description\":\"Das Weltweit Urlaub Blog berichtet von L\u00e4ndern, St\u00e4dten und Regionen rund um den Globus...\",\"potentialAction\":[{\"@type\":\"SearchAction\",\"target\":{\"@type\":\"EntryPoint\",\"urlTemplate\":\"https:\/\/www.weltweit-urlaub.de\/blog\/?s={search_term_string}\"},\"query-input\":{\"@type\":\"PropertyValueSpecification\",\"valueRequired\":true,\"valueName\":\"search_term_string\"}}],\"inLanguage\":\"de\"},{\"@type\":\"Person\",\"@id\":\"https:\/\/www.weltweit-urlaub.de\/blog\/#\/schema\/person\/580334b794d1d84c44ed185071077fc3\",\"name\":\"Franz\",\"image\":{\"@type\":\"ImageObject\",\"inLanguage\":\"de\",\"@id\":\"https:\/\/www.weltweit-urlaub.de\/blog\/#\/schema\/person\/image\/\",\"url\":\"https:\/\/secure.gravatar.com\/avatar\/61e4c9d2e568c90c06cae6dfa71dc329?s=96&d=mm&r=g\",\"contentUrl\":\"https:\/\/secure.gravatar.com\/avatar\/61e4c9d2e568c90c06cae6dfa71dc329?s=96&d=mm&r=g\",\"caption\":\"Franz\"},\"sameAs\":[\"https:\/\/www.weltweit-urlaub.de\/blog\/\"]}]}<\/script>\n<!-- \/ Yoast SEO plugin. -->","yoast_head_json":{"title":"Emmerich mit Rheinpromenade - Reisebericht Niederrhein","description":"Emmerich mit sch\u00f6ner Rheinpromenade. Reisebericht \u00fcber einen Ausflug nach Emmerich am Niederrhein, mit Spaziergang am und zur Rheinbr\u00fccke, H\u00e4ngebr\u00fccke.","robots":{"index":"index","follow":"follow","max-snippet":"max-snippet:-1","max-image-preview":"max-image-preview:large","max-video-preview":"max-video-preview:-1"},"canonical":"https:\/\/www.weltweit-urlaub.de\/blog\/emmerich-mit-rheinpromenade\/","og_locale":"de_DE","og_type":"article","og_title":"Emmerich mit Rheinpromenade - Reisebericht Niederrhein","og_description":"Emmerich mit sch\u00f6ner Rheinpromenade. Reisebericht \u00fcber einen Ausflug nach Emmerich am Niederrhein, mit Spaziergang am und zur Rheinbr\u00fccke, H\u00e4ngebr\u00fccke.","og_url":"https:\/\/www.weltweit-urlaub.de\/blog\/emmerich-mit-rheinpromenade\/","og_site_name":"Weltweit Urlaub Blog","article_publisher":"https:\/\/www.facebook.com\/pages\/Weltweit-Urlaub\/180623258643736","article_published_time":"2014-10-23T08:48:04+00:00","article_modified_time":"2021-07-16T14:47:26+00:00","og_image":[{"url":"https:\/\/www.weltweit-urlaub.de\/blog\/wp-content\/uploads\/emmerich-martinikirche.jpg","type":"","width":"","height":""}],"author":"Franz","twitter_misc":{"Verfasst von":"Franz","Gesch\u00e4tzte Lesezeit":"2\u00a0Minuten"},"schema":{"@context":"https:\/\/schema.org","@graph":[{"@type":"WebPage","@id":"https:\/\/www.weltweit-urlaub.de\/blog\/emmerich-mit-rheinpromenade\/","url":"https:\/\/www.weltweit-urlaub.de\/blog\/emmerich-mit-rheinpromenade\/","name":"Emmerich mit Rheinpromenade - Reisebericht Niederrhein","isPartOf":{"@id":"https:\/\/www.weltweit-urlaub.de\/blog\/#website"},"primaryImageOfPage":{"@id":"https:\/\/www.weltweit-urlaub.de\/blog\/emmerich-mit-rheinpromenade\/#primaryimage"},"image":{"@id":"https:\/\/www.weltweit-urlaub.de\/blog\/emmerich-mit-rheinpromenade\/#primaryimage"},"thumbnailUrl":"https:\/\/www.weltweit-urlaub.de\/blog\/wp-content\/uploads\/emmerich-martinikirche.jpg","datePublished":"2014-10-23T08:48:04+00:00","dateModified":"2021-07-16T14:47:26+00:00","author":{"@id":"https:\/\/www.weltweit-urlaub.de\/blog\/#\/schema\/person\/580334b794d1d84c44ed185071077fc3"},"description":"Emmerich mit sch\u00f6ner Rheinpromenade. Reisebericht \u00fcber einen Ausflug nach Emmerich am Niederrhein, mit Spaziergang am und zur Rheinbr\u00fccke, H\u00e4ngebr\u00fccke.","breadcrumb":{"@id":"https:\/\/www.weltweit-urlaub.de\/blog\/emmerich-mit-rheinpromenade\/#breadcrumb"},"inLanguage":"de","potentialAction":[{"@type":"ReadAction","target":["https:\/\/www.weltweit-urlaub.de\/blog\/emmerich-mit-rheinpromenade\/"]}]},{"@type":"ImageObject","inLanguage":"de","@id":"https:\/\/www.weltweit-urlaub.de\/blog\/emmerich-mit-rheinpromenade\/#primaryimage","url":"https:\/\/www.weltweit-urlaub.de\/blog\/wp-content\/uploads\/niederrhein-036.jpg","contentUrl":"https:\/\/www.weltweit-urlaub.de\/blog\/wp-content\/uploads\/niederrhein-036.jpg","width":555,"height":416},{"@type":"BreadcrumbList","@id":"https:\/\/www.weltweit-urlaub.de\/blog\/emmerich-mit-rheinpromenade\/#breadcrumb","itemListElement":[{"@type":"ListItem","position":1,"name":"Home","item":"https:\/\/www.weltweit-urlaub.de\/blog\/"},{"@type":"ListItem","position":2,"name":"Emmerich mit sch\u00f6ner Rheinpromenade"}]},{"@type":"WebSite","@id":"https:\/\/www.weltweit-urlaub.de\/blog\/#website","url":"https:\/\/www.weltweit-urlaub.de\/blog\/","name":"Weltweit Urlaub Blog","description":"Das Weltweit Urlaub Blog berichtet von L\u00e4ndern, St\u00e4dten und Regionen rund um den Globus...","potentialAction":[{"@type":"SearchAction","target":{"@type":"EntryPoint","urlTemplate":"https:\/\/www.weltweit-urlaub.de\/blog\/?s={search_term_string}"},"query-input":{"@type":"PropertyValueSpecification","valueRequired":true,"valueName":"search_term_string"}}],"inLanguage":"de"},{"@type":"Person","@id":"https:\/\/www.weltweit-urlaub.de\/blog\/#\/schema\/person\/580334b794d1d84c44ed185071077fc3","name":"Franz","image":{"@type":"ImageObject","inLanguage":"de","@id":"https:\/\/www.weltweit-urlaub.de\/blog\/#\/schema\/person\/image\/","url":"https:\/\/secure.gravatar.com\/avatar\/61e4c9d2e568c90c06cae6dfa71dc329?s=96&d=mm&r=g","contentUrl":"https:\/\/secure.gravatar.com\/avatar\/61e4c9d2e568c90c06cae6dfa71dc329?s=96&d=mm&r=g","caption":"Franz"},"sameAs":["https:\/\/www.weltweit-urlaub.de\/blog\/"]}]}},"_links":{"self":[{"href":"https:\/\/www.weltweit-urlaub.de\/blog\/wp-json\/wp\/v2\/posts\/13563"}],"collection":[{"href":"https:\/\/www.weltweit-urlaub.de\/blog\/wp-json\/wp\/v2\/posts"}],"about":[{"href":"https:\/\/www.weltweit-urlaub.de\/blog\/wp-json\/wp\/v2\/types\/post"}],"author":[{"embeddable":true,"href":"https:\/\/www.weltweit-urlaub.de\/blog\/wp-json\/wp\/v2\/users\/10"}],"replies":[{"embeddable":true,"href":"https:\/\/www.weltweit-urlaub.de\/blog\/wp-json\/wp\/v2\/comments?post=13563"}],"version-history":[{"count":20,"href":"https:\/\/www.weltweit-urlaub.de\/blog\/wp-json\/wp\/v2\/posts\/13563\/revisions"}],"predecessor-version":[{"id":18154,"href":"https:\/\/www.weltweit-urlaub.de\/blog\/wp-json\/wp\/v2\/posts\/13563\/revisions\/18154"}],"wp:attachment":[{"href":"https:\/\/www.weltweit-urlaub.de\/blog\/wp-json\/wp\/v2\/media?parent=13563"}],"wp:term":[{"taxonomy":"category","embeddable":true,"href":"https:\/\/www.weltweit-urlaub.de\/blog\/wp-json\/wp\/v2\/categories?post=13563"},{"taxonomy":"post_tag","embeddable":true,"href":"https:\/\/www.weltweit-urlaub.de\/blog\/wp-json\/wp\/v2\/tags?post=13563"}],"curies":[{"name":"wp","href":"https:\/\/api.w.org\/{rel}","templated":true}]}}