{"id":12891,"date":"2014-08-07T11:31:45","date_gmt":"2014-08-07T09:31:45","guid":{"rendered":"http:\/\/www.weltweit-urlaub.de\/blog\/?p=12891"},"modified":"2021-07-16T22:00:05","modified_gmt":"2021-07-16T20:00:05","slug":"die-veste-coburg","status":"publish","type":"post","link":"https:\/\/www.weltweit-urlaub.de\/blog\/die-veste-coburg\/","title":{"rendered":"Die Veste Coburg"},"content":{"rendered":"<p>Wir fahren mit der sogenannten <strong>&#8222;Gecko-Bahn&#8220;<\/strong> vom Zentrum hoch zur <strong>Veste Coburg<\/strong>. Es handelt sich um eine Art Eisenbahn auf Gummir\u00e4dern.<\/p>\n<p>So k\u00f6nnen wir unsere Kr\u00e4fte sparen, denn die Kraxelei auf der <strong>Burganlage <\/strong> erfordert auch noch einige Kondition.<\/p>\n<p>Die <strong>Veste Coburg<\/strong> ist &#8211; wie auch die Rosenburg in Kronach &#8211; eine der gr\u00f6\u00dften <strong>Burganlagen<\/strong> Deutschlands.<\/p>\n<p>Vom Parkplatz aus m\u00fcssen wir zun\u00e4chst aufsteigen.<\/p>\n<div class=\"wp-caption aligncenter\" id=\"attachment-12871\" style=\"width: 500px;\"><img loading=\"lazy\" decoding=\"async\" class=\"aligncenter size-full wp-image-12871\" style=\"border: 1px solid black;\" title=\"Veste Coburg\" alt=\"Veste Coburg\" src=\"https:\/\/www.weltweit-urlaub.de\/blog\/wp-content\/uploads\/veste-coburg-aufstieg.jpg\" width=\"500\" height=\"375\"\/><em>Aufstieg zur <strong>Veste Coburg<\/strong><\/em><\/div>\n<div class=\"wp-caption aligncenter\" id=\"attachment-12875\" style=\"width: 500px;\"><img loading=\"lazy\" decoding=\"async\" class=\"aligncenter size-full wp-image-12875\" style=\"border: 1px solid black;\" title=\"Einer der Burgt\u00fcrme\" alt=\"Einer der Burgt\u00fcrme\" src=\"https:\/\/www.weltweit-urlaub.de\/blog\/wp-content\/uploads\/veste-coburg-burgturm.jpg\" width=\"500\" height=\"375\"\/><em>Einer der <strong>Burgt\u00fcrme<\/strong><\/em><\/div>\n<div class=\"wp-caption aligncenter\" id=\"attachment-12879\" style=\"width: 500px;\"><img loading=\"lazy\" decoding=\"async\" class=\"aligncenter size-full wp-image-12879\" style=\"border: 1px solid black;\" title=\"Die Burg r\u00fcckt n\u00e4her\" alt=\"Die Burg r\u00fcckt n\u00e4her\" src=\"https:\/\/www.weltweit-urlaub.de\/blog\/wp-content\/uploads\/veste-coburg-von-unten.jpg\" width=\"500\" height=\"375\"\/><em>Die <strong>Burg<\/strong> r\u00fcckt n\u00e4her<\/em><\/div>\n<div class=\"wp-caption aligncenter\" id=\"attachment-12883\" style=\"width: 375px;\"><img loading=\"lazy\" decoding=\"async\" class=\"aligncenter size-full wp-image-12883\" style=\"border: 1px solid black;\" title=\"Der Innenhof\" alt=\"Der Innenhof ist ein kleiner Park\" src=\"https:\/\/www.weltweit-urlaub.de\/blog\/wp-content\/uploads\/veste-coburg-innenhof.jpg\" width=\"375\" height=\"500\"\/><em>Der <strong>Innenhof<\/strong> ist ein kleiner <strong>Park<\/strong><\/em><\/div>\n<p>Wir erklimmen die letzten Stufen und haben einen unwahrscheinlichen Weitblick \u00fcber <strong>Coburg<\/strong> und das gesamte <strong>Coburger Land<\/strong>.<\/p>\n<div class=\"wp-caption aligncenter\" id=\"attachment-12858\" style=\"width: 500px;\"><img loading=\"lazy\" decoding=\"async\" class=\"aligncenter size-full wp-image-12858\" style=\"border: 1px solid black;\" title=\"Ausblick auf Coburg\" alt=\"Ausblick auf Coburg\" src=\"https:\/\/www.weltweit-urlaub.de\/blog\/wp-content\/uploads\/veste-coburg-ausblick.jpg\" width=\"500\" height=\"375\"\/><em>Ausblick auf <strong>Coburg<\/strong><\/em><\/div>\n<div class=\"wp-caption aligncenter\" id=\"attachment-12863\" style=\"width: 500px;\"><img loading=\"lazy\" decoding=\"async\" class=\"aligncenter size-full wp-image-12863\" style=\"border: 1px solid black;\" title=\"Das weite Coburger Land\" alt=\"Das weite Coburger Land\" src=\"https:\/\/www.weltweit-urlaub.de\/blog\/wp-content\/uploads\/coburger-land.jpg\" width=\"500\" height=\"375\"\/><em>Das weite <strong>Coburger Land<\/strong><\/em><\/div>\n<div class=\"wp-caption aligncenter\" id=\"attachment-12868\" style=\"width: 500px;\"><img loading=\"lazy\" decoding=\"async\" class=\"aligncenter size-full wp-image-12868\" style=\"border: 1px solid black;\" title=\"Rundblick\" alt=\"Rundblick\" src=\"https:\/\/www.weltweit-urlaub.de\/blog\/wp-content\/uploads\/veste-coburg-rundblick.jpg\" width=\"500\" height=\"375\"\/><em>Rundblick<\/em><\/div>\n<div class=\"wp-caption aligncenter\" id=\"attachment-12872\" style=\"width: 500px;\"><img loading=\"lazy\" decoding=\"async\" class=\"aligncenter size-full wp-image-12872\" style=\"border: 1px solid black;\" title=\"Blick \u00fcber die breite Festungsmauer\" alt=\"Blick \u00fcber die breite Festungsmauer\" src=\"https:\/\/www.weltweit-urlaub.de\/blog\/wp-content\/uploads\/veste-coburg-festungsmauer.jpg\" width=\"500\" height=\"375\"\/><em>Blick \u00fcber die breite <strong>Festungsmauer<\/strong><\/em><\/div>\n<div class=\"wp-caption aligncenter\" id=\"attachment-12876\" style=\"width: 375px;\"><img loading=\"lazy\" decoding=\"async\" class=\"aligncenter size-full wp-image-12876\" style=\"border: 1px solid black;\" title=\"Von dort sind wir aufgestiegen\" alt=\"Von dort sind wir aufgestiegen\" src=\"https:\/\/www.weltweit-urlaub.de\/blog\/wp-content\/uploads\/veste-coburg-parkplatz.jpg\" width=\"375\" height=\"500\"\/><em><strong>Parkplatz<\/strong>, von dort sind wir aufgestiegen<\/em><\/div>\n<div class=\"wp-caption aligncenter\" id=\"attachment-12880\" style=\"width: 500px;\"><img loading=\"lazy\" decoding=\"async\" class=\"aligncenter size-full wp-image-12880\" style=\"border: 1px solid black;\" title=\"Breite Mauer als Bollwerk\" alt=\"Breite Mauer als Bollwerk\" src=\"https:\/\/www.weltweit-urlaub.de\/blog\/wp-content\/uploads\/veste-coburg-festung-mauer.jpg\" width=\"500\" height=\"375\"\/><em>Breite <strong>Mauer<\/strong> als Bollwerk<\/em><\/div>\n<p>N\u00e4chstes Mal steigen wir von der <strong>Burg<\/strong> ab und schlendern noch einmal durch die Stadt.<\/p>\n<p>Wir setzen unseren Rundgang durch <strong>Coburg<\/strong> und die <strong>Veste Coburg<\/strong> fort. Jetzt gehen wir erst einmal in das <strong>Burg-Restaurant<\/strong> und essen eine Kleinigkeit.<\/p>\n<div class=\"wp-caption aligncenter\" id=\"attachment-12884\" style=\"width: 500px;\"><img loading=\"lazy\" decoding=\"async\" class=\"aligncenter size-full wp-image-12884\" style=\"border: 1px solid black;\" title=\"Der Innenhof der Festung mit Museum\" alt=\"Der Innenhof der Festung mit Museum\" src=\"https:\/\/www.weltweit-urlaub.de\/blog\/wp-content\/uploads\/veste-coburg-innen-hof.jpg\" width=\"500\" height=\"375\"\/><em>Der <strong>Innenhof der Festung<\/strong> mit <strong>Museum<\/strong> und <strong>Burgkapelle<\/strong>.<\/em><\/div>\n<div class=\"wp-caption aligncenter\" id=\"attachment-12859\" style=\"width: 500px;\"><img loading=\"lazy\" decoding=\"async\" class=\"aligncenter size-full wp-image-12859\" style=\"border: 1px solid black;\" title=\"Innenhof\" alt=\"Innenhof\" src=\"https:\/\/www.weltweit-urlaub.de\/blog\/wp-content\/uploads\/veste-coburg-innen.jpg\" width=\"500\" height=\"375\"\/><em>Innenhof<\/em><\/div>\n<div class=\"wp-caption aligncenter\" id=\"attachment-12864\" style=\"width: 500px;\"><img loading=\"lazy\" decoding=\"async\" class=\"aligncenter size-full wp-image-12864\" style=\"border: 1px solid black;\" title=\"Burg-Innenpark\" alt=\"Burg-Innenpark\" src=\"https:\/\/www.weltweit-urlaub.de\/blog\/wp-content\/uploads\/veste-coburg-innenpark.jpg\" width=\"500\" height=\"375\"\/><em><strong>Burg<\/strong>-Innenpark<\/em><\/div>\n<div class=\"wp-caption aligncenter\" id=\"attachment-12869\" style=\"width: 500px;\"><img loading=\"lazy\" decoding=\"async\" class=\"aligncenter size-full wp-image-12869\" style=\"border: 1px solid black;\" title=\"Burg-Restaurant\" alt=\"Burg-Restaurant zwischen den Burgmauern\" src=\"https:\/\/www.weltweit-urlaub.de\/blog\/wp-content\/uploads\/veste-coburg-burgrestaurant.jpg\" width=\"500\" height=\"375\"\/><em><strong>Burg-Restaurant<\/strong> zwischen den <strong>Burgmauern<\/strong><\/em><\/div>\n<p>Hier setzen wir uns ein St\u00fcndchen in den Garten des <strong>Burg-Restaurants<\/strong> und genie\u00dfen das Essen und die Aussicht.<\/p>\n<p>Danach fahren wir gest\u00e4rkt mit der <strong>&#8222;Gecko-Bahn&#8220;<\/strong> zur\u00fcck ins Zentrum. Mitten in <strong>Coburg<\/strong> liegt das <strong>Schloss Ehrenburg<\/strong> am <strong>Schlossplatz<\/strong>. Wir bummeln durch die <strong>Altstadt<\/strong> und besichtigen kurz die <strong>Moritzkirche<\/strong>. Dann fahren wir zur\u00fcck in die <a target=\"_blank\" href=\"https:\/\/www.weltweit-urlaub.de\/blog\/urlaub-lichtenfels-franken\/\" ><strong>Korbstadt Lichtenfels<\/strong><\/a>.<\/p>\n<div class=\"wp-caption aligncenter\" id=\"attachment-12873\" style=\"width: 375px;\"><img loading=\"lazy\" decoding=\"async\" class=\"aligncenter size-full wp-image-12873\" style=\"border: 1px solid black;\" title=\"Restaurant\" alt=\"Restaurant\" src=\"https:\/\/www.weltweit-urlaub.de\/blog\/wp-content\/uploads\/veste-coburg-restaurant.jpg\" width=\"375\" height=\"500\"\/><em><strong>Restaurant<\/strong><\/em><\/div>\n<div class=\"wp-caption aligncenter\" id=\"attachment-12877\" style=\"width: 500px;\"><img loading=\"lazy\" decoding=\"async\" class=\"aligncenter size-full wp-image-12877\" style=\"border: 1px solid black;\" title=\"Albertsplatz\" alt=\"Albertsplatz\" src=\"https:\/\/www.weltweit-urlaub.de\/blog\/wp-content\/uploads\/veste-coburg-albertsplatz.jpg\" width=\"500\" height=\"375\"\/><em>Der <strong>Albertsplatz: Springbrunnen<\/strong> vor herrlicher <strong>Fachwerkskulisse<\/strong><\/em><\/div>\n<p>Unsere n\u00e4chste Station auf dem Rundgang ist die evangelische <strong>Moritzkirche<\/strong>, die \u00e4lteste Kirche <strong>Coburgs<\/strong>. Der ber\u00fchmteste Prediger in der <strong>Kirche<\/strong> war <strong>Martin Luther<\/strong> pers\u00f6nlich. Er wohnte einige Zeit oben auf der <strong>Veste<\/strong>.<\/p>\n<div class=\"wp-caption aligncenter\" id=\"attachment-12881\" style=\"width: 375px;\"><img loading=\"lazy\" decoding=\"async\" class=\"aligncenter size-full wp-image-12881\" style=\"border: 1px solid black;\" title=\"Die Moritzkirche\" alt=\"Die Moritzkirche r\u00fcckt n\u00e4her\" src=\"https:\/\/www.weltweit-urlaub.de\/blog\/wp-content\/uploads\/coburg-moritzkirche.jpg\" width=\"375\" height=\"500\"\/><em>Die <strong>Moritzkirche<\/strong> r\u00fcckt n\u00e4her<\/em><\/div>\n<div class=\"wp-caption aligncenter\" id=\"attachment-12885\" style=\"width: 375px;\"><img loading=\"lazy\" decoding=\"async\" class=\"aligncenter size-full wp-image-12885\" alt=\"In St. Moritz\" src=\"https:\/\/www.weltweit-urlaub.de\/blog\/wp-content\/uploads\/coburg-kirche-st-moritz.jpg\" width=\"375\" height=\"500\"\/><em>In <strong>St. Moritz<\/strong><\/em><\/div>\n<div class=\"wp-caption aligncenter\" id=\"attachment-12860\" style=\"width: 375px;\"><img loading=\"lazy\" decoding=\"async\" class=\"aligncenter size-full wp-image-12860\" style=\"border: 1px solid black;\" title=\"Der Altar\" alt=\"Der Altar\" src=\"https:\/\/www.weltweit-urlaub.de\/blog\/wp-content\/uploads\/coburg-st-moritz-altar.jpg\" width=\"375\" height=\"500\"\/><em>Der einmalige <strong>Altar<\/strong><\/em><\/div>\n<div class=\"wp-caption aligncenter\" id=\"attachment-12865\" style=\"width: 500px;\"><img loading=\"lazy\" decoding=\"async\" class=\"aligncenter size-full wp-image-12865\" style=\"border: 1px solid black;\" title=\"Sehenswertes Geb\u00e4ude\" alt=\"Sehenswertes Geb\u00e4ude\" src=\"https:\/\/www.weltweit-urlaub.de\/blog\/wp-content\/uploads\/coburg-schoenes-haus.jpg\" width=\"500\" height=\"375\"\/><em>Sehenswertes Haus<\/em><\/div>\n<p>Wir entdecken noch ein sehenswertes Bauwerk auf unserem R\u00fcckweg. Dann fahren wir zur\u00fcck nach <a target=\"_blank\" href=\"https:\/\/www.weltweit-urlaub.de\/blog\/urlaub-lichtenfels-franken\/\" ><strong>Lichtenfels<\/strong><\/a>. Bis sp\u00e4ter!<\/p>\n<p>&nbsp;<\/p>\n<p><em>Urlaub und Unterk\u00fcnfte in Coburg:<\/em><br \/>\n<a href=\"https:\/\/www.weltweit-urlaub.de\/service\/hotels\/deutschland\/bayern\/coburg\/\" target=\"_blank\" rel=\"nofollow\"  title=\"Coburg Hotels\">Hotels in Coburg<\/a><br \/>\n<a href=\"https:\/\/www.weltweit-urlaub.de\/service\/ferienhaeuser-fewos\/deutschland\/coburg\/\" target=\"_blank\" rel=\"nofollow\"  title=\"Coburg Hotels\">Ferienh\u00e4user und Ferienwohnungen in Coburg<\/a><br \/>\n<a href=\"https:\/\/www.weltweit-urlaub.de\/service\/reisen\/busreisen\/coburg\/\" target=\"_blank\" rel=\"nofollow\"  title=\"Coburg Busreisen\">Busreisen nach Coburg<\/a><\/p>\n<p><a href=\"https:\/\/www.weltweit-urlaub.de\/service\/rubrik\/mietwagen\/deutschland\/\" target=\"_blank\" rel=\"nofollow\"  title=\"Franken Mietwagen\">Mietwagen<\/a><\/p>\n","protected":false},"excerpt":{"rendered":"<p>Wir fahren mit der sogenannten &#8222;Gecko-Bahn&#8220; vom Zentrum hoch zur Veste Coburg. Es handelt sich um eine Art Eisenbahn auf Gummir\u00e4dern. So k\u00f6nnen wir unsere Kr\u00e4fte sparen, denn die Kraxelei auf der Burganlage erfordert auch noch einige Kondition. Die Veste Coburg ist &#8211; wie auch die Rosenburg in Kronach &#8211; eine der gr\u00f6\u00dften Burganlagen Deutschlands. [&hellip;]<\/p>\n","protected":false},"author":10,"featured_media":0,"comment_status":"open","ping_status":"open","sticky":false,"template":"","format":"standard","meta":{"footnotes":""},"categories":[87,1,59,209,45,303,291],"tags":[],"class_list":["post-12891","post","type-post","status-publish","format-standard","hentry","category-reiseberichte","category-urlaubsblog","category-urlaubsfotos","category-bayern","category-deutschland","category-franken","category-wanderurlaub"],"yoast_head":"<!-- This site is optimized with the Yoast SEO plugin v25.6 - https:\/\/yoast.com\/wordpress\/plugins\/seo\/ -->\n<title>Die Veste Coburg - Reisebericht, Fotos, Urlaub &amp; Reise<\/title>\n<meta name=\"description\" content=\"Die Veste Coburg - Weltweit Urlaub Blog - Urlaub und Kurzurlaub, Reisebericht \u00fcber Reise u. Urlaubsorte in Deutschland und Reiseziele in Europa und weltweit.\" \/>\n<meta name=\"robots\" content=\"index, follow, max-snippet:-1, max-image-preview:large, max-video-preview:-1\" \/>\n<link rel=\"canonical\" href=\"https:\/\/www.weltweit-urlaub.de\/blog\/die-veste-coburg\/\" \/>\n<meta property=\"og:locale\" content=\"de_DE\" \/>\n<meta property=\"og:type\" content=\"article\" \/>\n<meta property=\"og:title\" content=\"Die Veste Coburg - Reisebericht, Fotos, Urlaub &amp; Reise\" \/>\n<meta property=\"og:description\" content=\"Die Veste Coburg - Weltweit Urlaub Blog - Urlaub und Kurzurlaub, Reisebericht \u00fcber Reise u. Urlaubsorte in Deutschland und Reiseziele in Europa und weltweit.\" \/>\n<meta property=\"og:url\" content=\"https:\/\/www.weltweit-urlaub.de\/blog\/die-veste-coburg\/\" \/>\n<meta property=\"og:site_name\" content=\"Weltweit Urlaub Blog\" \/>\n<meta property=\"article:publisher\" content=\"https:\/\/www.facebook.com\/pages\/Weltweit-Urlaub\/180623258643736\" \/>\n<meta property=\"article:published_time\" content=\"2014-08-07T09:31:45+00:00\" \/>\n<meta property=\"article:modified_time\" content=\"2021-07-16T20:00:05+00:00\" \/>\n<meta property=\"og:image\" content=\"https:\/\/www.weltweit-urlaub.de\/blog\/wp-content\/uploads\/veste-coburg-aufstieg.jpg\" \/>\n<meta name=\"author\" content=\"Franz\" \/>\n<meta name=\"twitter:label1\" content=\"Verfasst von\" \/>\n\t<meta name=\"twitter:data1\" content=\"Franz\" \/>\n\t<meta name=\"twitter:label2\" content=\"Gesch\u00e4tzte Lesezeit\" \/>\n\t<meta name=\"twitter:data2\" content=\"2\u00a0Minuten\" \/>\n<script type=\"application\/ld+json\" class=\"yoast-schema-graph\">{\"@context\":\"https:\/\/schema.org\",\"@graph\":[{\"@type\":\"WebPage\",\"@id\":\"https:\/\/www.weltweit-urlaub.de\/blog\/die-veste-coburg\/\",\"url\":\"https:\/\/www.weltweit-urlaub.de\/blog\/die-veste-coburg\/\",\"name\":\"Die Veste Coburg - Reisebericht, Fotos, Urlaub & Reise\",\"isPartOf\":{\"@id\":\"https:\/\/www.weltweit-urlaub.de\/blog\/#website\"},\"primaryImageOfPage\":{\"@id\":\"https:\/\/www.weltweit-urlaub.de\/blog\/die-veste-coburg\/#primaryimage\"},\"image\":{\"@id\":\"https:\/\/www.weltweit-urlaub.de\/blog\/die-veste-coburg\/#primaryimage\"},\"thumbnailUrl\":\"https:\/\/www.weltweit-urlaub.de\/blog\/wp-content\/uploads\/veste-coburg-aufstieg.jpg\",\"datePublished\":\"2014-08-07T09:31:45+00:00\",\"dateModified\":\"2021-07-16T20:00:05+00:00\",\"author\":{\"@id\":\"https:\/\/www.weltweit-urlaub.de\/blog\/#\/schema\/person\/580334b794d1d84c44ed185071077fc3\"},\"description\":\"Die Veste Coburg - Weltweit Urlaub Blog - Urlaub und Kurzurlaub, Reisebericht \u00fcber Reise u. Urlaubsorte in Deutschland und Reiseziele in Europa und weltweit.\",\"breadcrumb\":{\"@id\":\"https:\/\/www.weltweit-urlaub.de\/blog\/die-veste-coburg\/#breadcrumb\"},\"inLanguage\":\"de\",\"potentialAction\":[{\"@type\":\"ReadAction\",\"target\":[\"https:\/\/www.weltweit-urlaub.de\/blog\/die-veste-coburg\/\"]}]},{\"@type\":\"ImageObject\",\"inLanguage\":\"de\",\"@id\":\"https:\/\/www.weltweit-urlaub.de\/blog\/die-veste-coburg\/#primaryimage\",\"url\":\"https:\/\/www.weltweit-urlaub.de\/blog\/wp-content\/uploads\/franken-409.jpg\",\"contentUrl\":\"https:\/\/www.weltweit-urlaub.de\/blog\/wp-content\/uploads\/franken-409.jpg\",\"width\":500,\"height\":375,\"caption\":\"Veste Coburg\"},{\"@type\":\"BreadcrumbList\",\"@id\":\"https:\/\/www.weltweit-urlaub.de\/blog\/die-veste-coburg\/#breadcrumb\",\"itemListElement\":[{\"@type\":\"ListItem\",\"position\":1,\"name\":\"Home\",\"item\":\"https:\/\/www.weltweit-urlaub.de\/blog\/\"},{\"@type\":\"ListItem\",\"position\":2,\"name\":\"Die Veste Coburg\"}]},{\"@type\":\"WebSite\",\"@id\":\"https:\/\/www.weltweit-urlaub.de\/blog\/#website\",\"url\":\"https:\/\/www.weltweit-urlaub.de\/blog\/\",\"name\":\"Weltweit Urlaub Blog\",\"description\":\"Das Weltweit Urlaub Blog berichtet von L\u00e4ndern, St\u00e4dten und Regionen rund um den Globus...\",\"potentialAction\":[{\"@type\":\"SearchAction\",\"target\":{\"@type\":\"EntryPoint\",\"urlTemplate\":\"https:\/\/www.weltweit-urlaub.de\/blog\/?s={search_term_string}\"},\"query-input\":{\"@type\":\"PropertyValueSpecification\",\"valueRequired\":true,\"valueName\":\"search_term_string\"}}],\"inLanguage\":\"de\"},{\"@type\":\"Person\",\"@id\":\"https:\/\/www.weltweit-urlaub.de\/blog\/#\/schema\/person\/580334b794d1d84c44ed185071077fc3\",\"name\":\"Franz\",\"image\":{\"@type\":\"ImageObject\",\"inLanguage\":\"de\",\"@id\":\"https:\/\/www.weltweit-urlaub.de\/blog\/#\/schema\/person\/image\/\",\"url\":\"https:\/\/secure.gravatar.com\/avatar\/61e4c9d2e568c90c06cae6dfa71dc329?s=96&d=mm&r=g\",\"contentUrl\":\"https:\/\/secure.gravatar.com\/avatar\/61e4c9d2e568c90c06cae6dfa71dc329?s=96&d=mm&r=g\",\"caption\":\"Franz\"},\"sameAs\":[\"https:\/\/www.weltweit-urlaub.de\/blog\/\"]}]}<\/script>\n<!-- \/ Yoast SEO plugin. -->","yoast_head_json":{"title":"Die Veste Coburg - Reisebericht, Fotos, Urlaub & Reise","description":"Die Veste Coburg - Weltweit Urlaub Blog - Urlaub und Kurzurlaub, Reisebericht \u00fcber Reise u. Urlaubsorte in Deutschland und Reiseziele in Europa und weltweit.","robots":{"index":"index","follow":"follow","max-snippet":"max-snippet:-1","max-image-preview":"max-image-preview:large","max-video-preview":"max-video-preview:-1"},"canonical":"https:\/\/www.weltweit-urlaub.de\/blog\/die-veste-coburg\/","og_locale":"de_DE","og_type":"article","og_title":"Die Veste Coburg - Reisebericht, Fotos, Urlaub & Reise","og_description":"Die Veste Coburg - Weltweit Urlaub Blog - Urlaub und Kurzurlaub, Reisebericht \u00fcber Reise u. Urlaubsorte in Deutschland und Reiseziele in Europa und weltweit.","og_url":"https:\/\/www.weltweit-urlaub.de\/blog\/die-veste-coburg\/","og_site_name":"Weltweit Urlaub Blog","article_publisher":"https:\/\/www.facebook.com\/pages\/Weltweit-Urlaub\/180623258643736","article_published_time":"2014-08-07T09:31:45+00:00","article_modified_time":"2021-07-16T20:00:05+00:00","og_image":[{"url":"https:\/\/www.weltweit-urlaub.de\/blog\/wp-content\/uploads\/veste-coburg-aufstieg.jpg","type":"","width":"","height":""}],"author":"Franz","twitter_misc":{"Verfasst von":"Franz","Gesch\u00e4tzte Lesezeit":"2\u00a0Minuten"},"schema":{"@context":"https:\/\/schema.org","@graph":[{"@type":"WebPage","@id":"https:\/\/www.weltweit-urlaub.de\/blog\/die-veste-coburg\/","url":"https:\/\/www.weltweit-urlaub.de\/blog\/die-veste-coburg\/","name":"Die Veste Coburg - Reisebericht, Fotos, Urlaub & Reise","isPartOf":{"@id":"https:\/\/www.weltweit-urlaub.de\/blog\/#website"},"primaryImageOfPage":{"@id":"https:\/\/www.weltweit-urlaub.de\/blog\/die-veste-coburg\/#primaryimage"},"image":{"@id":"https:\/\/www.weltweit-urlaub.de\/blog\/die-veste-coburg\/#primaryimage"},"thumbnailUrl":"https:\/\/www.weltweit-urlaub.de\/blog\/wp-content\/uploads\/veste-coburg-aufstieg.jpg","datePublished":"2014-08-07T09:31:45+00:00","dateModified":"2021-07-16T20:00:05+00:00","author":{"@id":"https:\/\/www.weltweit-urlaub.de\/blog\/#\/schema\/person\/580334b794d1d84c44ed185071077fc3"},"description":"Die Veste Coburg - Weltweit Urlaub Blog - Urlaub und Kurzurlaub, Reisebericht \u00fcber Reise u. Urlaubsorte in Deutschland und Reiseziele in Europa und weltweit.","breadcrumb":{"@id":"https:\/\/www.weltweit-urlaub.de\/blog\/die-veste-coburg\/#breadcrumb"},"inLanguage":"de","potentialAction":[{"@type":"ReadAction","target":["https:\/\/www.weltweit-urlaub.de\/blog\/die-veste-coburg\/"]}]},{"@type":"ImageObject","inLanguage":"de","@id":"https:\/\/www.weltweit-urlaub.de\/blog\/die-veste-coburg\/#primaryimage","url":"https:\/\/www.weltweit-urlaub.de\/blog\/wp-content\/uploads\/franken-409.jpg","contentUrl":"https:\/\/www.weltweit-urlaub.de\/blog\/wp-content\/uploads\/franken-409.jpg","width":500,"height":375,"caption":"Veste Coburg"},{"@type":"BreadcrumbList","@id":"https:\/\/www.weltweit-urlaub.de\/blog\/die-veste-coburg\/#breadcrumb","itemListElement":[{"@type":"ListItem","position":1,"name":"Home","item":"https:\/\/www.weltweit-urlaub.de\/blog\/"},{"@type":"ListItem","position":2,"name":"Die Veste Coburg"}]},{"@type":"WebSite","@id":"https:\/\/www.weltweit-urlaub.de\/blog\/#website","url":"https:\/\/www.weltweit-urlaub.de\/blog\/","name":"Weltweit Urlaub Blog","description":"Das Weltweit Urlaub Blog berichtet von L\u00e4ndern, St\u00e4dten und Regionen rund um den Globus...","potentialAction":[{"@type":"SearchAction","target":{"@type":"EntryPoint","urlTemplate":"https:\/\/www.weltweit-urlaub.de\/blog\/?s={search_term_string}"},"query-input":{"@type":"PropertyValueSpecification","valueRequired":true,"valueName":"search_term_string"}}],"inLanguage":"de"},{"@type":"Person","@id":"https:\/\/www.weltweit-urlaub.de\/blog\/#\/schema\/person\/580334b794d1d84c44ed185071077fc3","name":"Franz","image":{"@type":"ImageObject","inLanguage":"de","@id":"https:\/\/www.weltweit-urlaub.de\/blog\/#\/schema\/person\/image\/","url":"https:\/\/secure.gravatar.com\/avatar\/61e4c9d2e568c90c06cae6dfa71dc329?s=96&d=mm&r=g","contentUrl":"https:\/\/secure.gravatar.com\/avatar\/61e4c9d2e568c90c06cae6dfa71dc329?s=96&d=mm&r=g","caption":"Franz"},"sameAs":["https:\/\/www.weltweit-urlaub.de\/blog\/"]}]}},"_links":{"self":[{"href":"https:\/\/www.weltweit-urlaub.de\/blog\/wp-json\/wp\/v2\/posts\/12891"}],"collection":[{"href":"https:\/\/www.weltweit-urlaub.de\/blog\/wp-json\/wp\/v2\/posts"}],"about":[{"href":"https:\/\/www.weltweit-urlaub.de\/blog\/wp-json\/wp\/v2\/types\/post"}],"author":[{"embeddable":true,"href":"https:\/\/www.weltweit-urlaub.de\/blog\/wp-json\/wp\/v2\/users\/10"}],"replies":[{"embeddable":true,"href":"https:\/\/www.weltweit-urlaub.de\/blog\/wp-json\/wp\/v2\/comments?post=12891"}],"version-history":[{"count":8,"href":"https:\/\/www.weltweit-urlaub.de\/blog\/wp-json\/wp\/v2\/posts\/12891\/revisions"}],"predecessor-version":[{"id":18171,"href":"https:\/\/www.weltweit-urlaub.de\/blog\/wp-json\/wp\/v2\/posts\/12891\/revisions\/18171"}],"wp:attachment":[{"href":"https:\/\/www.weltweit-urlaub.de\/blog\/wp-json\/wp\/v2\/media?parent=12891"}],"wp:term":[{"taxonomy":"category","embeddable":true,"href":"https:\/\/www.weltweit-urlaub.de\/blog\/wp-json\/wp\/v2\/categories?post=12891"},{"taxonomy":"post_tag","embeddable":true,"href":"https:\/\/www.weltweit-urlaub.de\/blog\/wp-json\/wp\/v2\/tags?post=12891"}],"curies":[{"name":"wp","href":"https:\/\/api.w.org\/{rel}","templated":true}]}}