{"id":10736,"date":"2013-06-15T00:10:08","date_gmt":"2013-06-14T22:10:08","guid":{"rendered":"http:\/\/www.weltweit-urlaub.de\/blog\/?p=10736"},"modified":"2013-04-04T14:03:23","modified_gmt":"2013-04-04T12:03:23","slug":"berlin-am-alexanderplatz","status":"publish","type":"post","link":"https:\/\/www.weltweit-urlaub.de\/blog\/berlin-am-alexanderplatz\/","title":{"rendered":"Berlin &#8211; Am Alexanderplatz"},"content":{"rendered":"<p>Wir sind noch einmal in <a target=\"_blank\" href=\"https:\/\/www.weltweit-urlaub.de\/deutschland\/berlin\/\" >Berlin<\/a> und gehen vom <a target=\"_blank\" href=\"https:\/\/www.weltweit-urlaub.de\/blog\/berlin-der-alexanderplatz\/\" ><strong>Alexanderplatz<\/strong><\/a> zum <a target=\"_blank\" href=\"https:\/\/www.weltweit-urlaub.de\/blog\/berlin-das-nikolaiviertel\/\" ><strong>Nikolaiviertel<\/strong><\/a>. Diese kurze Wanderung sollte eine Pflicht\u00fcbung f\u00fcr jeden Berlin-Besucher sein. Es gibt immer etwas \u00dcberraschendes zu sehen. Als wir hier waren, fand mal wieder eine der obligatorischen Demonstrationen statt. W\u00e4hrend unseres kurzen Berlin-Aufenthaltes wollten wir zweimal mit dem Bus vom <strong>Potsdamer Platz<\/strong> zum <strong>Alex<\/strong> fahren und sind beide Male nicht dort angekommen. Jedes Mal wurde \u00fcber den Buslautsprecher eine Routen\u00e4nderung bekanntgegeben. Beim letzten Mal hielt der Bus nicht einmal an einer Haltestelle, sondern wendete am <strong>Nikolaiviertel<\/strong> und setzte die Fahrg\u00e4ste auf freier Strecke am Stra\u00dfenrand ab.\u00a0 Somit mussten wir zu Fu\u00df zum <strong>Bahnhof <a target=\"_blank\" href=\"https:\/\/www.weltweit-urlaub.de\/blog\/berlin-alexanderplatz\/\" >Alexanderplatz<\/a><\/strong> laufen und gerieten mitten zwischen die Demonstranten. Der Busfahrer verabschiedete die Fahrg\u00e4ste humorvoll mit den Worten: <em><strong>&#8222;Das ist Berlin! Das ist die Hauptstadt!&#8220;<\/strong><\/em> So sehen wir das denn auch!<\/p>\n<div id=\"attachment_10739\" style=\"width: 460px\" class=\"wp-caption aligncenter\"><img loading=\"lazy\" decoding=\"async\" aria-describedby=\"caption-attachment-10739\" class=\"size-full wp-image-10739\" title=\"Nikolaikirchplatz\" alt=\"Nikolaikirchplatz\" src=\"https:\/\/www.weltweit-urlaub.de\/blog\/wp-content\/uploads\/Berlin-585.jpg\" width=\"450\" height=\"338\" border=\"1\" \/><p id=\"caption-attachment-10739\" class=\"wp-caption-text\"><em>Auf dem <strong>Nikolaikirchplatz<\/strong><\/em><\/p><\/div>\n<div id=\"attachment_10740\" style=\"width: 263px\" class=\"wp-caption aligncenter\"><img loading=\"lazy\" decoding=\"async\" aria-describedby=\"caption-attachment-10740\" class=\"size-full wp-image-10740\" title=\"Stra\u00dfencaf\u00e9s\" alt=\"Stra\u00dfencaf\u00e9s\" src=\"https:\/\/www.weltweit-urlaub.de\/blog\/wp-content\/uploads\/Berlin-584.jpg\" width=\"253\" height=\"338\" border=\"1\" \/><p id=\"caption-attachment-10740\" class=\"wp-caption-text\"><em>Stra\u00dfencaf\u00e9s und Einkehrm\u00f6glichkeiten sind gen\u00fcgend vorhanden.<\/em><\/p><\/div>\n<div id=\"attachment_10741\" style=\"width: 460px\" class=\"wp-caption aligncenter\"><img loading=\"lazy\" decoding=\"async\" aria-describedby=\"caption-attachment-10741\" class=\"size-full wp-image-10741\" title=\"Rotes Rathaus, Fernsehturm\" alt=\"Rotes Rathaus, Fernsehturm\" src=\"https:\/\/www.weltweit-urlaub.de\/blog\/wp-content\/uploads\/Berlin-586.jpg\" width=\"450\" height=\"338\" border=\"1\" \/><p id=\"caption-attachment-10741\" class=\"wp-caption-text\"><strong><em>Rotes Rathaus, Fernsehturm<\/em><\/strong><\/p><\/div>\n<div id=\"attachment_10742\" style=\"width: 460px\" class=\"wp-caption aligncenter\"><img loading=\"lazy\" decoding=\"async\" aria-describedby=\"caption-attachment-10742\" class=\"size-full wp-image-10742\" title=\"Rotes Rathaus am Fernsehturm?\" alt=\"Rotes Rathaus am Fernsehturm?\" src=\"https:\/\/www.weltweit-urlaub.de\/blog\/wp-content\/uploads\/Berlin-587.jpg\" width=\"450\" height=\"338\" border=\"1\" \/><p id=\"caption-attachment-10742\" class=\"wp-caption-text\"><strong>Rotes Rathaus<\/strong> am <strong>Fernsehturm<\/strong>? Nur der Zoom macht\u00b4s m\u00f6glich!<\/p><\/div>\n<div id=\"attachment_10743\" style=\"width: 460px\" class=\"wp-caption aligncenter\"><img loading=\"lazy\" decoding=\"async\" aria-describedby=\"caption-attachment-10743\" class=\"size-full wp-image-10743\" title=\"Am Nikolaiviertel\" alt=\"Am Nikolaiviertel\" src=\"https:\/\/www.weltweit-urlaub.de\/blog\/wp-content\/uploads\/Berlin-588.jpg\" width=\"450\" height=\"338\" border=\"1\" \/><p id=\"caption-attachment-10743\" class=\"wp-caption-text\"><em>Am Nikolaiviertel<\/em><\/p><\/div>\n<div id=\"attachment_10745\" style=\"width: 325px\" class=\"wp-caption aligncenter\"><img loading=\"lazy\" decoding=\"async\" aria-describedby=\"caption-attachment-10745\" class=\"size-full wp-image-10745\" title=\"Weltzeituhr\" alt=\"Weltzeituhr\" src=\"https:\/\/www.weltweit-urlaub.de\/blog\/wp-content\/uploads\/Berlin-591.jpg\" width=\"315\" height=\"338\" border=\"1\" \/><p id=\"caption-attachment-10745\" class=\"wp-caption-text\"><em>Die <strong>Weltzeituhr<\/strong> auf dem <strong>Alex<\/strong><\/em><\/p><\/div>\n<p>An mehreren Stellen sind kleine Kundgebungen, man hat das Gef\u00fchl, viele wollen nur ihre Meinung \u00e4u\u00dfern. Ich habe einen Demonstranten beobachtet, der ganz allein vor sich hin ins Megaphon rief und kaum jemand h\u00f6rte zu. Zu allem ert\u00f6nte ohrenbet\u00e4ubende Musik aus den Lautsprechern einer Band.<\/p>\n<div id=\"attachment_10746\" style=\"width: 460px\" class=\"wp-caption aligncenter\"><img loading=\"lazy\" decoding=\"async\" aria-describedby=\"caption-attachment-10746\" class=\"size-full wp-image-10746\" title=\"Auf dem Alexanderplatz\" alt=\"Auf dem Alexanderplatz\" src=\"https:\/\/www.weltweit-urlaub.de\/blog\/wp-content\/uploads\/Berlin-592.jpg\" width=\"450\" height=\"338\" border=\"1\" \/><p id=\"caption-attachment-10746\" class=\"wp-caption-text\"><em>Demonstration auf dem <strong>Alexanderplatz<\/strong><\/em><\/p><\/div>\n<div id=\"attachment_10744\" style=\"width: 460px\" class=\"wp-caption aligncenter\"><img loading=\"lazy\" decoding=\"async\" aria-describedby=\"caption-attachment-10744\" class=\"size-full wp-image-10744\" title=\"Vor dem Bahnhof\" alt=\"Vor dem Bahnhof\" src=\"https:\/\/www.weltweit-urlaub.de\/blog\/wp-content\/uploads\/Berlin-590.jpg\" width=\"450\" height=\"338\" border=\"1\" \/><p id=\"caption-attachment-10744\" class=\"wp-caption-text\"><em>Mehrere kleine Gruppen vor dem Bahnhof.<\/em><\/p><\/div>\n<div id=\"attachment_10747\" style=\"width: 460px\" class=\"wp-caption aligncenter\"><img loading=\"lazy\" decoding=\"async\" aria-describedby=\"caption-attachment-10747\" class=\"size-full wp-image-10747\" title=\"Brunnen\" alt=\"Brunnen\" src=\"https:\/\/www.weltweit-urlaub.de\/blog\/wp-content\/uploads\/Berlin-593.jpg\" width=\"450\" height=\"338\" border=\"1\" \/><p id=\"caption-attachment-10747\" class=\"wp-caption-text\"><em>Brunnen auf dem <strong>Alexanderplatz<\/strong>, dahinter C&amp;A und der Bahnhof.<\/em><\/p><\/div>\n<div id=\"attachment_10748\" style=\"width: 263px\" class=\"wp-caption aligncenter\"><img loading=\"lazy\" decoding=\"async\" aria-describedby=\"caption-attachment-10748\" class=\"size-full wp-image-10748\" title=\"Fernsehturm\" alt=\"Fernsehturm\" src=\"https:\/\/www.weltweit-urlaub.de\/blog\/wp-content\/uploads\/Berlin-594.jpg\" width=\"253\" height=\"338\" border=\"1\" \/><p id=\"caption-attachment-10748\" class=\"wp-caption-text\"><em>Der <strong>Fernsehturm<\/strong> wacht \u00fcber allem.<\/em><\/p><\/div>\n<div id=\"attachment_10750\" style=\"width: 460px\" class=\"wp-caption aligncenter\"><img loading=\"lazy\" decoding=\"async\" aria-describedby=\"caption-attachment-10750\" class=\"size-full wp-image-10750\" title=\"Das Geb\u00e4ude der Berliner Zeitung\" alt=\"Das Geb\u00e4ude der Berliner Zeitung\" src=\"https:\/\/www.weltweit-urlaub.de\/blog\/wp-content\/uploads\/Berlin-596.jpg\" width=\"450\" height=\"338\" border=\"1\" \/><p id=\"caption-attachment-10750\" class=\"wp-caption-text\"><em>Das Geb\u00e4ude der Berliner Zeitung<\/em><\/p><\/div>\n<div id=\"attachment_10749\" style=\"width: 263px\" class=\"wp-caption aligncenter\"><img loading=\"lazy\" decoding=\"async\" aria-describedby=\"caption-attachment-10749\" class=\"size-full wp-image-10749\" title=\"Obststand\" alt=\"Obststand\" src=\"https:\/\/www.weltweit-urlaub.de\/blog\/wp-content\/uploads\/Berlin-595.jpg\" width=\"253\" height=\"338\" border=\"1\" \/><p id=\"caption-attachment-10749\" class=\"wp-caption-text\"><em>Obststand auf dem <strong>Alex<\/strong><\/em><\/p><\/div>\n<div id=\"attachment_10751\" style=\"width: 460px\" class=\"wp-caption aligncenter\"><img loading=\"lazy\" decoding=\"async\" aria-describedby=\"caption-attachment-10751\" class=\"size-full wp-image-10751\" title=\"Park Inn\" alt=\"Park Inn\" src=\"https:\/\/www.weltweit-urlaub.de\/blog\/wp-content\/uploads\/Berlin-597.jpg\" width=\"450\" height=\"338\" border=\"1\" \/><p id=\"caption-attachment-10751\" class=\"wp-caption-text\"><em>Vor dem <strong>Hotel Park Inn<\/strong><\/em><\/p><\/div>\n<div id=\"attachment_10752\" style=\"width: 263px\" class=\"wp-caption aligncenter\"><img loading=\"lazy\" decoding=\"async\" aria-describedby=\"caption-attachment-10752\" class=\"size-full wp-image-10752\" title=\"Aussichtsterrasse\" alt=\"Aussichtsterrasse\" src=\"https:\/\/www.weltweit-urlaub.de\/blog\/wp-content\/uploads\/Berlin-598.jpg\" width=\"253\" height=\"338\" border=\"1\" \/><p id=\"caption-attachment-10752\" class=\"wp-caption-text\"><em>Das <strong>Park Inn &#8211; Hotel<\/strong>, 125 m hoch. Oben befindet sich eine <strong>Aussichtsterrasse<\/strong> (gegen Geb\u00fchr).<\/em><\/p><\/div>\n<p style=\"text-align: center;\">Das waren unsere Spazierg\u00e4nge in der Innenstadt von <strong>Berlin<\/strong>. Demn\u00e4chst folgen einige Ausfl\u00fcge in die n\u00e4here Umgebung.<\/p>\n<p>&nbsp;<\/p>\n<p><strong>Reisen &amp; Tipps f\u00fcr Ihre Berlin &#8211; St\u00e4dtereise:<\/strong><br \/>\n<a target=\"_blank\" href=\"https:\/\/www.weltweit-urlaub.de\/service\/hotels\/deutschland\/berlin\/\" title=\"Hotels Berlin\" rel=\"nofollow\" >Hotels in Berlin<\/a><br \/>\n<a target=\"_blank\" href=\"https:\/\/www.weltweit-urlaub.de\/service\/ferienhaeuser-fewos\/deutschland\/berlin\/\" title=\"Ferienwohnung in Berlin\" rel=\"nofollow\" >Ferienwohnungen in Berlin<\/a><br \/>\n<a target=\"_blank\" href=\"https:\/\/www.weltweit-urlaub.de\/service\/reisen\/busreisen\/berlin\/\" rel=\"nofollow\" >St\u00e4dtereisen &amp; Busreisen nach Berlin<\/a><br \/>\n<a target=\"_blank\" href=\"https:\/\/www.weltweit-urlaub.de\/reisen\/kurzurlaub\/deutschland\/berlin\/\" title=\"Kurzreisen Berlin\" >Kurzreisen nach Berlin<\/a><br \/>\n<a target=\"_blank\" href=\"https:\/\/www.weltweit-urlaub.de\/verzeichnis\/reisefuehrer\/deutschland\/berlin-drei-tage-fuehrer.php\" title=\"Hotel Berlin\" >Reisetipps Berlin<\/a><\/p>\n","protected":false},"excerpt":{"rendered":"<p>Wir sind noch einmal in Berlin und gehen vom Alexanderplatz zum Nikolaiviertel. Diese kurze Wanderung sollte eine Pflicht\u00fcbung f\u00fcr jeden Berlin-Besucher sein. Es gibt immer etwas \u00dcberraschendes zu sehen. Als wir hier waren, fand mal wieder eine der obligatorischen Demonstrationen statt. W\u00e4hrend unseres kurzen Berlin-Aufenthaltes wollten wir zweimal mit dem Bus vom Potsdamer Platz zum [&hellip;]<\/p>\n","protected":false},"author":10,"featured_media":0,"comment_status":"open","ping_status":"open","sticky":false,"template":"","format":"standard","meta":{"footnotes":""},"categories":[87,1,59,73,45,216],"tags":[],"class_list":["post-10736","post","type-post","status-publish","format-standard","hentry","category-reiseberichte","category-urlaubsblog","category-urlaubsfotos","category-berlin","category-deutschland","category-hotels"],"yoast_head":"<!-- This site is optimized with the Yoast SEO plugin v25.6 - https:\/\/yoast.com\/wordpress\/plugins\/seo\/ -->\n<title>Berlin - Am Alexanderplatz - Reisebericht, Fotos, Urlaub &amp; Reise<\/title>\n<meta name=\"description\" content=\"Berlin - Am Alexanderplatz - Weltweit Urlaub Blog - Urlaub und Kurzurlaub, Reisebericht \u00fcber Reise u. Urlaubsorte in Deutschland und Reiseziele in Europa und weltweit.\" \/>\n<meta name=\"robots\" content=\"index, follow, max-snippet:-1, max-image-preview:large, max-video-preview:-1\" \/>\n<link rel=\"canonical\" href=\"https:\/\/www.weltweit-urlaub.de\/blog\/berlin-am-alexanderplatz\/\" \/>\n<meta property=\"og:locale\" content=\"de_DE\" \/>\n<meta property=\"og:type\" content=\"article\" \/>\n<meta property=\"og:title\" content=\"Berlin - Am Alexanderplatz - Reisebericht, Fotos, Urlaub &amp; Reise\" \/>\n<meta property=\"og:description\" content=\"Berlin - Am Alexanderplatz - Weltweit Urlaub Blog - Urlaub und Kurzurlaub, Reisebericht \u00fcber Reise u. Urlaubsorte in Deutschland und Reiseziele in Europa und weltweit.\" \/>\n<meta property=\"og:url\" content=\"https:\/\/www.weltweit-urlaub.de\/blog\/berlin-am-alexanderplatz\/\" \/>\n<meta property=\"og:site_name\" content=\"Weltweit Urlaub Blog\" \/>\n<meta property=\"article:publisher\" content=\"https:\/\/www.facebook.com\/pages\/Weltweit-Urlaub\/180623258643736\" \/>\n<meta property=\"article:published_time\" content=\"2013-06-14T22:10:08+00:00\" \/>\n<meta property=\"og:image\" content=\"https:\/\/www.weltweit-urlaub.de\/blog\/wp-content\/uploads\/Berlin-585.jpg\" \/>\n<meta name=\"author\" content=\"Franz\" \/>\n<meta name=\"twitter:label1\" content=\"Verfasst von\" \/>\n\t<meta name=\"twitter:data1\" content=\"Franz\" \/>\n\t<meta name=\"twitter:label2\" content=\"Gesch\u00e4tzte Lesezeit\" \/>\n\t<meta name=\"twitter:data2\" content=\"2\u00a0Minuten\" \/>\n<script type=\"application\/ld+json\" class=\"yoast-schema-graph\">{\"@context\":\"https:\/\/schema.org\",\"@graph\":[{\"@type\":\"WebPage\",\"@id\":\"https:\/\/www.weltweit-urlaub.de\/blog\/berlin-am-alexanderplatz\/\",\"url\":\"https:\/\/www.weltweit-urlaub.de\/blog\/berlin-am-alexanderplatz\/\",\"name\":\"Berlin - Am Alexanderplatz - Reisebericht, Fotos, Urlaub & Reise\",\"isPartOf\":{\"@id\":\"https:\/\/www.weltweit-urlaub.de\/blog\/#website\"},\"primaryImageOfPage\":{\"@id\":\"https:\/\/www.weltweit-urlaub.de\/blog\/berlin-am-alexanderplatz\/#primaryimage\"},\"image\":{\"@id\":\"https:\/\/www.weltweit-urlaub.de\/blog\/berlin-am-alexanderplatz\/#primaryimage\"},\"thumbnailUrl\":\"https:\/\/www.weltweit-urlaub.de\/blog\/wp-content\/uploads\/Berlin-585.jpg\",\"datePublished\":\"2013-06-14T22:10:08+00:00\",\"author\":{\"@id\":\"https:\/\/www.weltweit-urlaub.de\/blog\/#\/schema\/person\/580334b794d1d84c44ed185071077fc3\"},\"description\":\"Berlin - Am Alexanderplatz - Weltweit Urlaub Blog - Urlaub und Kurzurlaub, Reisebericht \u00fcber Reise u. Urlaubsorte in Deutschland und Reiseziele in Europa und weltweit.\",\"breadcrumb\":{\"@id\":\"https:\/\/www.weltweit-urlaub.de\/blog\/berlin-am-alexanderplatz\/#breadcrumb\"},\"inLanguage\":\"de\",\"potentialAction\":[{\"@type\":\"ReadAction\",\"target\":[\"https:\/\/www.weltweit-urlaub.de\/blog\/berlin-am-alexanderplatz\/\"]}]},{\"@type\":\"ImageObject\",\"inLanguage\":\"de\",\"@id\":\"https:\/\/www.weltweit-urlaub.de\/blog\/berlin-am-alexanderplatz\/#primaryimage\",\"url\":\"https:\/\/www.weltweit-urlaub.de\/blog\/wp-content\/uploads\/Berlin-585.jpg\",\"contentUrl\":\"https:\/\/www.weltweit-urlaub.de\/blog\/wp-content\/uploads\/Berlin-585.jpg\",\"width\":450,\"height\":338},{\"@type\":\"BreadcrumbList\",\"@id\":\"https:\/\/www.weltweit-urlaub.de\/blog\/berlin-am-alexanderplatz\/#breadcrumb\",\"itemListElement\":[{\"@type\":\"ListItem\",\"position\":1,\"name\":\"Home\",\"item\":\"https:\/\/www.weltweit-urlaub.de\/blog\/\"},{\"@type\":\"ListItem\",\"position\":2,\"name\":\"Berlin &#8211; Am Alexanderplatz\"}]},{\"@type\":\"WebSite\",\"@id\":\"https:\/\/www.weltweit-urlaub.de\/blog\/#website\",\"url\":\"https:\/\/www.weltweit-urlaub.de\/blog\/\",\"name\":\"Weltweit Urlaub Blog\",\"description\":\"Das Weltweit Urlaub Blog berichtet von L\u00e4ndern, St\u00e4dten und Regionen rund um den Globus...\",\"potentialAction\":[{\"@type\":\"SearchAction\",\"target\":{\"@type\":\"EntryPoint\",\"urlTemplate\":\"https:\/\/www.weltweit-urlaub.de\/blog\/?s={search_term_string}\"},\"query-input\":{\"@type\":\"PropertyValueSpecification\",\"valueRequired\":true,\"valueName\":\"search_term_string\"}}],\"inLanguage\":\"de\"},{\"@type\":\"Person\",\"@id\":\"https:\/\/www.weltweit-urlaub.de\/blog\/#\/schema\/person\/580334b794d1d84c44ed185071077fc3\",\"name\":\"Franz\",\"image\":{\"@type\":\"ImageObject\",\"inLanguage\":\"de\",\"@id\":\"https:\/\/www.weltweit-urlaub.de\/blog\/#\/schema\/person\/image\/\",\"url\":\"https:\/\/secure.gravatar.com\/avatar\/61e4c9d2e568c90c06cae6dfa71dc329?s=96&d=mm&r=g\",\"contentUrl\":\"https:\/\/secure.gravatar.com\/avatar\/61e4c9d2e568c90c06cae6dfa71dc329?s=96&d=mm&r=g\",\"caption\":\"Franz\"},\"sameAs\":[\"https:\/\/www.weltweit-urlaub.de\/blog\/\"]}]}<\/script>\n<!-- \/ Yoast SEO plugin. -->","yoast_head_json":{"title":"Berlin - Am Alexanderplatz - Reisebericht, Fotos, Urlaub & Reise","description":"Berlin - Am Alexanderplatz - Weltweit Urlaub Blog - Urlaub und Kurzurlaub, Reisebericht \u00fcber Reise u. Urlaubsorte in Deutschland und Reiseziele in Europa und weltweit.","robots":{"index":"index","follow":"follow","max-snippet":"max-snippet:-1","max-image-preview":"max-image-preview:large","max-video-preview":"max-video-preview:-1"},"canonical":"https:\/\/www.weltweit-urlaub.de\/blog\/berlin-am-alexanderplatz\/","og_locale":"de_DE","og_type":"article","og_title":"Berlin - Am Alexanderplatz - Reisebericht, Fotos, Urlaub & Reise","og_description":"Berlin - Am Alexanderplatz - Weltweit Urlaub Blog - Urlaub und Kurzurlaub, Reisebericht \u00fcber Reise u. Urlaubsorte in Deutschland und Reiseziele in Europa und weltweit.","og_url":"https:\/\/www.weltweit-urlaub.de\/blog\/berlin-am-alexanderplatz\/","og_site_name":"Weltweit Urlaub Blog","article_publisher":"https:\/\/www.facebook.com\/pages\/Weltweit-Urlaub\/180623258643736","article_published_time":"2013-06-14T22:10:08+00:00","og_image":[{"url":"https:\/\/www.weltweit-urlaub.de\/blog\/wp-content\/uploads\/Berlin-585.jpg","type":"","width":"","height":""}],"author":"Franz","twitter_misc":{"Verfasst von":"Franz","Gesch\u00e4tzte Lesezeit":"2\u00a0Minuten"},"schema":{"@context":"https:\/\/schema.org","@graph":[{"@type":"WebPage","@id":"https:\/\/www.weltweit-urlaub.de\/blog\/berlin-am-alexanderplatz\/","url":"https:\/\/www.weltweit-urlaub.de\/blog\/berlin-am-alexanderplatz\/","name":"Berlin - Am Alexanderplatz - Reisebericht, Fotos, Urlaub & Reise","isPartOf":{"@id":"https:\/\/www.weltweit-urlaub.de\/blog\/#website"},"primaryImageOfPage":{"@id":"https:\/\/www.weltweit-urlaub.de\/blog\/berlin-am-alexanderplatz\/#primaryimage"},"image":{"@id":"https:\/\/www.weltweit-urlaub.de\/blog\/berlin-am-alexanderplatz\/#primaryimage"},"thumbnailUrl":"https:\/\/www.weltweit-urlaub.de\/blog\/wp-content\/uploads\/Berlin-585.jpg","datePublished":"2013-06-14T22:10:08+00:00","author":{"@id":"https:\/\/www.weltweit-urlaub.de\/blog\/#\/schema\/person\/580334b794d1d84c44ed185071077fc3"},"description":"Berlin - Am Alexanderplatz - Weltweit Urlaub Blog - Urlaub und Kurzurlaub, Reisebericht \u00fcber Reise u. Urlaubsorte in Deutschland und Reiseziele in Europa und weltweit.","breadcrumb":{"@id":"https:\/\/www.weltweit-urlaub.de\/blog\/berlin-am-alexanderplatz\/#breadcrumb"},"inLanguage":"de","potentialAction":[{"@type":"ReadAction","target":["https:\/\/www.weltweit-urlaub.de\/blog\/berlin-am-alexanderplatz\/"]}]},{"@type":"ImageObject","inLanguage":"de","@id":"https:\/\/www.weltweit-urlaub.de\/blog\/berlin-am-alexanderplatz\/#primaryimage","url":"https:\/\/www.weltweit-urlaub.de\/blog\/wp-content\/uploads\/Berlin-585.jpg","contentUrl":"https:\/\/www.weltweit-urlaub.de\/blog\/wp-content\/uploads\/Berlin-585.jpg","width":450,"height":338},{"@type":"BreadcrumbList","@id":"https:\/\/www.weltweit-urlaub.de\/blog\/berlin-am-alexanderplatz\/#breadcrumb","itemListElement":[{"@type":"ListItem","position":1,"name":"Home","item":"https:\/\/www.weltweit-urlaub.de\/blog\/"},{"@type":"ListItem","position":2,"name":"Berlin &#8211; Am Alexanderplatz"}]},{"@type":"WebSite","@id":"https:\/\/www.weltweit-urlaub.de\/blog\/#website","url":"https:\/\/www.weltweit-urlaub.de\/blog\/","name":"Weltweit Urlaub Blog","description":"Das Weltweit Urlaub Blog berichtet von L\u00e4ndern, St\u00e4dten und Regionen rund um den Globus...","potentialAction":[{"@type":"SearchAction","target":{"@type":"EntryPoint","urlTemplate":"https:\/\/www.weltweit-urlaub.de\/blog\/?s={search_term_string}"},"query-input":{"@type":"PropertyValueSpecification","valueRequired":true,"valueName":"search_term_string"}}],"inLanguage":"de"},{"@type":"Person","@id":"https:\/\/www.weltweit-urlaub.de\/blog\/#\/schema\/person\/580334b794d1d84c44ed185071077fc3","name":"Franz","image":{"@type":"ImageObject","inLanguage":"de","@id":"https:\/\/www.weltweit-urlaub.de\/blog\/#\/schema\/person\/image\/","url":"https:\/\/secure.gravatar.com\/avatar\/61e4c9d2e568c90c06cae6dfa71dc329?s=96&d=mm&r=g","contentUrl":"https:\/\/secure.gravatar.com\/avatar\/61e4c9d2e568c90c06cae6dfa71dc329?s=96&d=mm&r=g","caption":"Franz"},"sameAs":["https:\/\/www.weltweit-urlaub.de\/blog\/"]}]}},"_links":{"self":[{"href":"https:\/\/www.weltweit-urlaub.de\/blog\/wp-json\/wp\/v2\/posts\/10736"}],"collection":[{"href":"https:\/\/www.weltweit-urlaub.de\/blog\/wp-json\/wp\/v2\/posts"}],"about":[{"href":"https:\/\/www.weltweit-urlaub.de\/blog\/wp-json\/wp\/v2\/types\/post"}],"author":[{"embeddable":true,"href":"https:\/\/www.weltweit-urlaub.de\/blog\/wp-json\/wp\/v2\/users\/10"}],"replies":[{"embeddable":true,"href":"https:\/\/www.weltweit-urlaub.de\/blog\/wp-json\/wp\/v2\/comments?post=10736"}],"version-history":[{"count":13,"href":"https:\/\/www.weltweit-urlaub.de\/blog\/wp-json\/wp\/v2\/posts\/10736\/revisions"}],"predecessor-version":[{"id":10738,"href":"https:\/\/www.weltweit-urlaub.de\/blog\/wp-json\/wp\/v2\/posts\/10736\/revisions\/10738"}],"wp:attachment":[{"href":"https:\/\/www.weltweit-urlaub.de\/blog\/wp-json\/wp\/v2\/media?parent=10736"}],"wp:term":[{"taxonomy":"category","embeddable":true,"href":"https:\/\/www.weltweit-urlaub.de\/blog\/wp-json\/wp\/v2\/categories?post=10736"},{"taxonomy":"post_tag","embeddable":true,"href":"https:\/\/www.weltweit-urlaub.de\/blog\/wp-json\/wp\/v2\/tags?post=10736"}],"curies":[{"name":"wp","href":"https:\/\/api.w.org\/{rel}","templated":true}]}}