{"id":10639,"date":"2013-05-20T00:01:01","date_gmt":"2013-05-19T22:01:01","guid":{"rendered":"http:\/\/www.weltweit-urlaub.de\/blog\/?p=10639"},"modified":"2013-06-08T20:01:51","modified_gmt":"2013-06-08T18:01:51","slug":"berlin-am-bundeskanzleramt","status":"publish","type":"post","link":"https:\/\/www.weltweit-urlaub.de\/blog\/berlin-am-bundeskanzleramt\/","title":{"rendered":"Berlin &#8211; Am Bundeskanzleramt"},"content":{"rendered":"<p>Heute gehen wir weiter durch das Regierungsviertel in <a target=\"_blank\" href=\"https:\/\/www.weltweit-urlaub.de\/deutschland\/berlin\/\" >Berlin<\/a>. Der Weg f\u00fchrt uns s\u00fcdlich entlang der Spree, dem <strong>Ludwig-Erhard-Ufer<\/strong>. Wir gehen an der <strong>Kindertagesst\u00e4tte des Bundestags (Bundes-Kindergarten)<\/strong> vorbei zum <strong>Bundeskanzleramt<\/strong>.<\/p>\n<p><img loading=\"lazy\" decoding=\"async\" class=\"size-full wp-image-10628\" title=\"Hauptbahnhof\" alt=\"Hauptbahnhof\" src=\"https:\/\/www.weltweit-urlaub.de\/blog\/wp-content\/uploads\/Berlin-390.jpg\" width=\"450\" height=\"338\" border=\"1\" \/> <\/p>\n<p><em>Von der Kronprinzenbr\u00fccke blicken wir hin\u00fcber zum neuen <strong>Berliner Hauptbahnhof<\/strong>.<\/em><br \/>\n<!--more--><\/p>\n<div id=\"attachment_10630\" style=\"width: 460px\" class=\"wp-caption aligncenter\"><img loading=\"lazy\" decoding=\"async\" aria-describedby=\"caption-attachment-10630\" class=\"size-full wp-image-10630  \" title=\"Bundes-Kindertagesst\u00e4tte und Bundeskanzleramt\" alt=\"Bundes-Kindertagesst\u00e4tte und Bundeskanzleramt\" src=\"https:\/\/www.weltweit-urlaub.de\/blog\/wp-content\/uploads\/Berlin-393.jpg\" width=\"450\" height=\"338\" border=\"1\" \/><p id=\"caption-attachment-10630\" class=\"wp-caption-text\"><em>Entlang der <strong>(blauen) Bundes-Kindertagesst\u00e4tte<\/strong> zum <strong>Bundeskanzleramt<\/strong>.<\/em><\/p><\/div>\n<div id=\"attachment_10629\" style=\"width: 460px\" class=\"wp-caption aligncenter\"><img loading=\"lazy\" decoding=\"async\" aria-describedby=\"caption-attachment-10629\" class=\"size-full wp-image-10629\" title=\"Kindergarten des Bundestags\" alt=\"Kindergarten des Bundestags\" src=\"https:\/\/www.weltweit-urlaub.de\/blog\/wp-content\/uploads\/Berlin-392.jpg\" width=\"450\" height=\"338\" border=\"1\" \/><p id=\"caption-attachment-10629\" class=\"wp-caption-text\"><em>Der Kindergarten des Bundestags<\/em><\/p><\/div>\n<div id=\"attachment_10631\" style=\"width: 460px\" class=\"wp-caption aligncenter\"><img loading=\"lazy\" decoding=\"async\" aria-describedby=\"caption-attachment-10631\" class=\"size-full wp-image-10631\" title=\"Reichstagufer\" alt=\"Reichstagufer\" src=\"https:\/\/www.weltweit-urlaub.de\/blog\/wp-content\/uploads\/Berlin-394.jpg\" width=\"450\" height=\"338\" border=\"1\" \/><p id=\"caption-attachment-10631\" class=\"wp-caption-text\"><em>Ein Blick zur\u00fcck auf das <strong>Reichstagufer<\/strong> und das <strong>Elisabeth-L\u00fcders-Haus<\/strong>.<\/em><\/p><\/div>\n<div id=\"attachment_10632\" style=\"width: 460px\" class=\"wp-caption aligncenter\"><img loading=\"lazy\" decoding=\"async\" aria-describedby=\"caption-attachment-10632\" class=\"size-full wp-image-10632\" title=\"Universit\u00e4ts-Klinikum Charit\u00e9\" alt=\"Universit\u00e4ts-Klinikum Charit\u00e9\" src=\"https:\/\/www.weltweit-urlaub.de\/blog\/wp-content\/uploads\/Berlin-395.jpg\" width=\"450\" height=\"338\" border=\"1\" \/><p id=\"caption-attachment-10632\" class=\"wp-caption-text\"><em>Kronprinzenbr\u00fccke <strong>Reinhardtstra\u00dfe<\/strong>, im Hintergrund das <strong>Universit\u00e4ts-Klinikum Charit\u00e9<\/strong><\/em><\/p><\/div>\n<div id=\"attachment_10633\" style=\"width: 460px\" class=\"wp-caption aligncenter\"><img loading=\"lazy\" decoding=\"async\" aria-describedby=\"caption-attachment-10633\" class=\"size-full wp-image-10633\" title=\"Humboldthafen\" alt=\"Humboldthafen\" src=\"https:\/\/www.weltweit-urlaub.de\/blog\/wp-content\/uploads\/Berlin-396.jpg\" width=\"450\" height=\"338\" border=\"1\" \/><p id=\"caption-attachment-10633\" class=\"wp-caption-text\"><em>Blick in den <strong>Humboldthafen<\/strong> und zum <strong>Hauptbahnhof<\/strong><\/em><\/p><\/div>\n<div id=\"attachment_10634\" style=\"width: 460px\" class=\"wp-caption aligncenter\"><img loading=\"lazy\" decoding=\"async\" aria-describedby=\"caption-attachment-10634\" class=\"size-full wp-image-10634\" title=\"Bundeskanzleramt vom Park aus\" alt=\"Bundeskanzleramt vom Park aus\" src=\"https:\/\/www.weltweit-urlaub.de\/blog\/wp-content\/uploads\/Berlin-397.jpg\" width=\"450\" height=\"338\" border=\"1\" \/><p id=\"caption-attachment-10634\" class=\"wp-caption-text\"><em>Das <strong>Bundeskanzleramt<\/strong> vom Park aus gesehen<\/em><\/p><\/div>\n<div id=\"attachment_10635\" style=\"width: 460px\" class=\"wp-caption aligncenter\"><img loading=\"lazy\" decoding=\"async\" aria-describedby=\"caption-attachment-10635\" class=\"size-full wp-image-10635\" title=\"Spreestrand\" alt=\"Spreestrand\" src=\"https:\/\/www.weltweit-urlaub.de\/blog\/wp-content\/uploads\/Berlin-398.jpg\" width=\"450\" height=\"338\" border=\"1\" \/><p id=\"caption-attachment-10635\" class=\"wp-caption-text\"><em>Spreestrand mit Liegest\u00fchlen am Hauptbahnhof<\/em><\/p><\/div>\n<p>Auf obigem Foto sehen wir einen der <strong>Spreeufer-Str\u00e4nde<\/strong> mit\u00a0 Liegest\u00fchlen, dahinter die Spree mit ihrer interessanten Schifffahrt. Es folgt die Fu\u00dfg\u00e4ngerbr\u00fccke zum dahinter liegenden gl\u00e4sernen <strong>Hauptbahnhof<\/strong>. Davor liegt der <strong>Washingtonplatz<\/strong>. Und nun f\u00fcr meine Begriffe etwas Einmaliges auf der Welt:<\/p>\n<p>Weit unter diesen beschriebenen Sehensw\u00fcrdigkeiten und dem Flu\u00df befinden sich genau an dieser Stelle untereinander der <strong>Tiergartentunnel<\/strong> (ein Stra\u00dfentunnel), die <strong>Fernbahn<\/strong> und <strong>Regionalbahn<\/strong> in Richtung Tempelhof und die <strong>U-Bahn<\/strong> zum Brandenburger Tor.<\/p>\n<p>Noch einmal: Die untereinander liegenden Verkehrswege setzen sich wie folgt zusammen:<\/p>\n<p><strong>Fu\u00dfg\u00e4ngerbr\u00fccke, Spree-Schifffahrt, Stra\u00dfentunnel, Eisenbahn, U-Bahn-Tunnel.<\/strong><\/p>\n<p>Alle Tunnels unterqueren auch den Hauptbahnhof, den Tiergarten und weite Teile der Stadt Berlin. F\u00fcr den Bau musste seinerzeit extra das Flussbett der Spree verlegt werden.<\/p>\n<div id=\"attachment_10637\" style=\"width: 460px\" class=\"wp-caption aligncenter\"><img loading=\"lazy\" decoding=\"async\" aria-describedby=\"caption-attachment-10637\" class=\"size-full wp-image-10637\" title=\"Der Bahnhof\" alt=\"Der Bahnhof\" src=\"https:\/\/www.weltweit-urlaub.de\/blog\/wp-content\/uploads\/Berlin-400.jpg\" width=\"450\" height=\"338\" border=\"1\" \/><p id=\"caption-attachment-10637\" class=\"wp-caption-text\"><em>Der Bahnhof vom Bundeskanzleramt aus gesehen<br \/><\/em><\/p><\/div>\n<div id=\"attachment_10649\" style=\"width: 460px\" class=\"wp-caption aligncenter\"><img loading=\"lazy\" decoding=\"async\" aria-describedby=\"caption-attachment-10649\" class=\"size-full wp-image-10649\" title=\"Bismarckallee\" alt=\"Bismarckallee\" src=\"https:\/\/www.weltweit-urlaub.de\/blog\/wp-content\/uploads\/Berlin-401.jpg\" width=\"450\" height=\"338\" border=\"1\" \/><p id=\"caption-attachment-10649\" class=\"wp-caption-text\"><em>Blick gen Osten durch die <strong>Otto-von-Bismarck-Allee<\/strong> bis zum <strong>Fernsehturm<\/strong>, links steht die <strong>Schweizer Botschaft<\/strong>.<\/em><\/p><\/div>\n<p>Im n\u00e4chsten Blogbeitrag gehen wir hin\u00fcber zum <strong>Reichstag<\/strong> und zum <strong>Brandenburger Tor<\/strong>.<\/p>\n<p>&nbsp;<\/p>\n<p><strong>Reisen &amp; Tipps f\u00fcr Ihre Berlin &#8211; St\u00e4dtereise:<\/strong><br \/>\n<a target=\"_blank\" href=\"https:\/\/www.weltweit-urlaub.de\/service\/hotels\/deutschland\/berlin\/\" title=\"Hotels Berlin\" rel=\"nofollow\" >Hotels in Berlin<\/a><br \/>\n<a target=\"_blank\" href=\"https:\/\/www.weltweit-urlaub.de\/service\/ferienhaeuser-fewos\/deutschland\/berlin\/\" title=\"Ferienwohnung in Berlin\" rel=\"nofollow\" >Ferienwohnungen in Berlin<\/a><br \/>\n<a target=\"_blank\" href=\"https:\/\/www.weltweit-urlaub.de\/service\/reisen\/busreisen\/berlin\/\" rel=\"nofollow\" >St\u00e4dtereisen &amp; Busreisen nach Berlin<\/a><br \/>\n<a target=\"_blank\" href=\"https:\/\/www.weltweit-urlaub.de\/reisen\/kurzurlaub\/deutschland\/berlin\/\" title=\"Kurzreisen Berlin\" >Kurzreisen nach Berlin<\/a><br \/>\n<a target=\"_blank\" href=\"https:\/\/www.weltweit-urlaub.de\/verzeichnis\/reisefuehrer\/deutschland\/berlin-drei-tage-fuehrer.php\" title=\"Hotel Berlin\" >Reisetipps Berlin<\/a><\/p>\n","protected":false},"excerpt":{"rendered":"<p>Heute gehen wir weiter durch das Regierungsviertel in Berlin. Der Weg f\u00fchrt uns s\u00fcdlich entlang der Spree, dem Ludwig-Erhard-Ufer. Wir gehen an der Kindertagesst\u00e4tte des Bundestags (Bundes-Kindergarten) vorbei zum Bundeskanzleramt. Von der Kronprinzenbr\u00fccke blicken wir hin\u00fcber zum neuen Berliner Hauptbahnhof.<\/p>\n","protected":false},"author":10,"featured_media":0,"comment_status":"open","ping_status":"open","sticky":false,"template":"","format":"standard","meta":{"footnotes":""},"categories":[87,1,59,73,45],"tags":[],"class_list":["post-10639","post","type-post","status-publish","format-standard","hentry","category-reiseberichte","category-urlaubsblog","category-urlaubsfotos","category-berlin","category-deutschland"],"yoast_head":"<!-- This site is optimized with the Yoast SEO plugin v25.6 - https:\/\/yoast.com\/wordpress\/plugins\/seo\/ -->\n<title>Berlin - Am Bundeskanzleramt - Reisebericht, Fotos, Urlaub &amp; Reise<\/title>\n<meta name=\"description\" content=\"Berlin - Am Bundeskanzleramt - Weltweit Urlaub Blog - Urlaub und Kurzurlaub, Reisebericht \u00fcber Reise u. Urlaubsorte in Deutschland und Reiseziele in Europa und weltweit.\" \/>\n<meta name=\"robots\" content=\"index, follow, max-snippet:-1, max-image-preview:large, max-video-preview:-1\" \/>\n<link rel=\"canonical\" href=\"https:\/\/www.weltweit-urlaub.de\/blog\/berlin-am-bundeskanzleramt\/\" \/>\n<meta property=\"og:locale\" content=\"de_DE\" \/>\n<meta property=\"og:type\" content=\"article\" \/>\n<meta property=\"og:title\" content=\"Berlin - Am Bundeskanzleramt - Reisebericht, Fotos, Urlaub &amp; Reise\" \/>\n<meta property=\"og:description\" content=\"Berlin - Am Bundeskanzleramt - Weltweit Urlaub Blog - Urlaub und Kurzurlaub, Reisebericht \u00fcber Reise u. Urlaubsorte in Deutschland und Reiseziele in Europa und weltweit.\" \/>\n<meta property=\"og:url\" content=\"https:\/\/www.weltweit-urlaub.de\/blog\/berlin-am-bundeskanzleramt\/\" \/>\n<meta property=\"og:site_name\" content=\"Weltweit Urlaub Blog\" \/>\n<meta property=\"article:publisher\" content=\"https:\/\/www.facebook.com\/pages\/Weltweit-Urlaub\/180623258643736\" \/>\n<meta property=\"article:published_time\" content=\"2013-05-19T22:01:01+00:00\" \/>\n<meta property=\"article:modified_time\" content=\"2013-06-08T18:01:51+00:00\" \/>\n<meta property=\"og:image\" content=\"https:\/\/www.weltweit-urlaub.de\/blog\/wp-content\/uploads\/Berlin-390.jpg\" \/>\n<meta name=\"author\" content=\"Franz\" \/>\n<meta name=\"twitter:label1\" content=\"Verfasst von\" \/>\n\t<meta name=\"twitter:data1\" content=\"Franz\" \/>\n\t<meta name=\"twitter:label2\" content=\"Gesch\u00e4tzte Lesezeit\" \/>\n\t<meta name=\"twitter:data2\" content=\"2\u00a0Minuten\" \/>\n<script type=\"application\/ld+json\" class=\"yoast-schema-graph\">{\"@context\":\"https:\/\/schema.org\",\"@graph\":[{\"@type\":\"WebPage\",\"@id\":\"https:\/\/www.weltweit-urlaub.de\/blog\/berlin-am-bundeskanzleramt\/\",\"url\":\"https:\/\/www.weltweit-urlaub.de\/blog\/berlin-am-bundeskanzleramt\/\",\"name\":\"Berlin - Am Bundeskanzleramt - Reisebericht, Fotos, Urlaub & Reise\",\"isPartOf\":{\"@id\":\"https:\/\/www.weltweit-urlaub.de\/blog\/#website\"},\"primaryImageOfPage\":{\"@id\":\"https:\/\/www.weltweit-urlaub.de\/blog\/berlin-am-bundeskanzleramt\/#primaryimage\"},\"image\":{\"@id\":\"https:\/\/www.weltweit-urlaub.de\/blog\/berlin-am-bundeskanzleramt\/#primaryimage\"},\"thumbnailUrl\":\"https:\/\/www.weltweit-urlaub.de\/blog\/wp-content\/uploads\/Berlin-390.jpg\",\"datePublished\":\"2013-05-19T22:01:01+00:00\",\"dateModified\":\"2013-06-08T18:01:51+00:00\",\"author\":{\"@id\":\"https:\/\/www.weltweit-urlaub.de\/blog\/#\/schema\/person\/580334b794d1d84c44ed185071077fc3\"},\"description\":\"Berlin - Am Bundeskanzleramt - Weltweit Urlaub Blog - Urlaub und Kurzurlaub, Reisebericht \u00fcber Reise u. Urlaubsorte in Deutschland und Reiseziele in Europa und weltweit.\",\"breadcrumb\":{\"@id\":\"https:\/\/www.weltweit-urlaub.de\/blog\/berlin-am-bundeskanzleramt\/#breadcrumb\"},\"inLanguage\":\"de\",\"potentialAction\":[{\"@type\":\"ReadAction\",\"target\":[\"https:\/\/www.weltweit-urlaub.de\/blog\/berlin-am-bundeskanzleramt\/\"]}]},{\"@type\":\"ImageObject\",\"inLanguage\":\"de\",\"@id\":\"https:\/\/www.weltweit-urlaub.de\/blog\/berlin-am-bundeskanzleramt\/#primaryimage\",\"url\":\"https:\/\/www.weltweit-urlaub.de\/blog\/wp-content\/uploads\/Berlin-390.jpg\",\"contentUrl\":\"https:\/\/www.weltweit-urlaub.de\/blog\/wp-content\/uploads\/Berlin-390.jpg\",\"width\":450,\"height\":338},{\"@type\":\"BreadcrumbList\",\"@id\":\"https:\/\/www.weltweit-urlaub.de\/blog\/berlin-am-bundeskanzleramt\/#breadcrumb\",\"itemListElement\":[{\"@type\":\"ListItem\",\"position\":1,\"name\":\"Home\",\"item\":\"https:\/\/www.weltweit-urlaub.de\/blog\/\"},{\"@type\":\"ListItem\",\"position\":2,\"name\":\"Berlin &#8211; Am Bundeskanzleramt\"}]},{\"@type\":\"WebSite\",\"@id\":\"https:\/\/www.weltweit-urlaub.de\/blog\/#website\",\"url\":\"https:\/\/www.weltweit-urlaub.de\/blog\/\",\"name\":\"Weltweit Urlaub Blog\",\"description\":\"Das Weltweit Urlaub Blog berichtet von L\u00e4ndern, St\u00e4dten und Regionen rund um den Globus...\",\"potentialAction\":[{\"@type\":\"SearchAction\",\"target\":{\"@type\":\"EntryPoint\",\"urlTemplate\":\"https:\/\/www.weltweit-urlaub.de\/blog\/?s={search_term_string}\"},\"query-input\":{\"@type\":\"PropertyValueSpecification\",\"valueRequired\":true,\"valueName\":\"search_term_string\"}}],\"inLanguage\":\"de\"},{\"@type\":\"Person\",\"@id\":\"https:\/\/www.weltweit-urlaub.de\/blog\/#\/schema\/person\/580334b794d1d84c44ed185071077fc3\",\"name\":\"Franz\",\"image\":{\"@type\":\"ImageObject\",\"inLanguage\":\"de\",\"@id\":\"https:\/\/www.weltweit-urlaub.de\/blog\/#\/schema\/person\/image\/\",\"url\":\"https:\/\/secure.gravatar.com\/avatar\/61e4c9d2e568c90c06cae6dfa71dc329?s=96&d=mm&r=g\",\"contentUrl\":\"https:\/\/secure.gravatar.com\/avatar\/61e4c9d2e568c90c06cae6dfa71dc329?s=96&d=mm&r=g\",\"caption\":\"Franz\"},\"sameAs\":[\"https:\/\/www.weltweit-urlaub.de\/blog\/\"]}]}<\/script>\n<!-- \/ Yoast SEO plugin. -->","yoast_head_json":{"title":"Berlin - Am Bundeskanzleramt - Reisebericht, Fotos, Urlaub & Reise","description":"Berlin - Am Bundeskanzleramt - Weltweit Urlaub Blog - Urlaub und Kurzurlaub, Reisebericht \u00fcber Reise u. Urlaubsorte in Deutschland und Reiseziele in Europa und weltweit.","robots":{"index":"index","follow":"follow","max-snippet":"max-snippet:-1","max-image-preview":"max-image-preview:large","max-video-preview":"max-video-preview:-1"},"canonical":"https:\/\/www.weltweit-urlaub.de\/blog\/berlin-am-bundeskanzleramt\/","og_locale":"de_DE","og_type":"article","og_title":"Berlin - Am Bundeskanzleramt - Reisebericht, Fotos, Urlaub & Reise","og_description":"Berlin - Am Bundeskanzleramt - Weltweit Urlaub Blog - Urlaub und Kurzurlaub, Reisebericht \u00fcber Reise u. Urlaubsorte in Deutschland und Reiseziele in Europa und weltweit.","og_url":"https:\/\/www.weltweit-urlaub.de\/blog\/berlin-am-bundeskanzleramt\/","og_site_name":"Weltweit Urlaub Blog","article_publisher":"https:\/\/www.facebook.com\/pages\/Weltweit-Urlaub\/180623258643736","article_published_time":"2013-05-19T22:01:01+00:00","article_modified_time":"2013-06-08T18:01:51+00:00","og_image":[{"url":"https:\/\/www.weltweit-urlaub.de\/blog\/wp-content\/uploads\/Berlin-390.jpg","type":"","width":"","height":""}],"author":"Franz","twitter_misc":{"Verfasst von":"Franz","Gesch\u00e4tzte Lesezeit":"2\u00a0Minuten"},"schema":{"@context":"https:\/\/schema.org","@graph":[{"@type":"WebPage","@id":"https:\/\/www.weltweit-urlaub.de\/blog\/berlin-am-bundeskanzleramt\/","url":"https:\/\/www.weltweit-urlaub.de\/blog\/berlin-am-bundeskanzleramt\/","name":"Berlin - Am Bundeskanzleramt - Reisebericht, Fotos, Urlaub & Reise","isPartOf":{"@id":"https:\/\/www.weltweit-urlaub.de\/blog\/#website"},"primaryImageOfPage":{"@id":"https:\/\/www.weltweit-urlaub.de\/blog\/berlin-am-bundeskanzleramt\/#primaryimage"},"image":{"@id":"https:\/\/www.weltweit-urlaub.de\/blog\/berlin-am-bundeskanzleramt\/#primaryimage"},"thumbnailUrl":"https:\/\/www.weltweit-urlaub.de\/blog\/wp-content\/uploads\/Berlin-390.jpg","datePublished":"2013-05-19T22:01:01+00:00","dateModified":"2013-06-08T18:01:51+00:00","author":{"@id":"https:\/\/www.weltweit-urlaub.de\/blog\/#\/schema\/person\/580334b794d1d84c44ed185071077fc3"},"description":"Berlin - Am Bundeskanzleramt - Weltweit Urlaub Blog - Urlaub und Kurzurlaub, Reisebericht \u00fcber Reise u. Urlaubsorte in Deutschland und Reiseziele in Europa und weltweit.","breadcrumb":{"@id":"https:\/\/www.weltweit-urlaub.de\/blog\/berlin-am-bundeskanzleramt\/#breadcrumb"},"inLanguage":"de","potentialAction":[{"@type":"ReadAction","target":["https:\/\/www.weltweit-urlaub.de\/blog\/berlin-am-bundeskanzleramt\/"]}]},{"@type":"ImageObject","inLanguage":"de","@id":"https:\/\/www.weltweit-urlaub.de\/blog\/berlin-am-bundeskanzleramt\/#primaryimage","url":"https:\/\/www.weltweit-urlaub.de\/blog\/wp-content\/uploads\/Berlin-390.jpg","contentUrl":"https:\/\/www.weltweit-urlaub.de\/blog\/wp-content\/uploads\/Berlin-390.jpg","width":450,"height":338},{"@type":"BreadcrumbList","@id":"https:\/\/www.weltweit-urlaub.de\/blog\/berlin-am-bundeskanzleramt\/#breadcrumb","itemListElement":[{"@type":"ListItem","position":1,"name":"Home","item":"https:\/\/www.weltweit-urlaub.de\/blog\/"},{"@type":"ListItem","position":2,"name":"Berlin &#8211; Am Bundeskanzleramt"}]},{"@type":"WebSite","@id":"https:\/\/www.weltweit-urlaub.de\/blog\/#website","url":"https:\/\/www.weltweit-urlaub.de\/blog\/","name":"Weltweit Urlaub Blog","description":"Das Weltweit Urlaub Blog berichtet von L\u00e4ndern, St\u00e4dten und Regionen rund um den Globus...","potentialAction":[{"@type":"SearchAction","target":{"@type":"EntryPoint","urlTemplate":"https:\/\/www.weltweit-urlaub.de\/blog\/?s={search_term_string}"},"query-input":{"@type":"PropertyValueSpecification","valueRequired":true,"valueName":"search_term_string"}}],"inLanguage":"de"},{"@type":"Person","@id":"https:\/\/www.weltweit-urlaub.de\/blog\/#\/schema\/person\/580334b794d1d84c44ed185071077fc3","name":"Franz","image":{"@type":"ImageObject","inLanguage":"de","@id":"https:\/\/www.weltweit-urlaub.de\/blog\/#\/schema\/person\/image\/","url":"https:\/\/secure.gravatar.com\/avatar\/61e4c9d2e568c90c06cae6dfa71dc329?s=96&d=mm&r=g","contentUrl":"https:\/\/secure.gravatar.com\/avatar\/61e4c9d2e568c90c06cae6dfa71dc329?s=96&d=mm&r=g","caption":"Franz"},"sameAs":["https:\/\/www.weltweit-urlaub.de\/blog\/"]}]}},"_links":{"self":[{"href":"https:\/\/www.weltweit-urlaub.de\/blog\/wp-json\/wp\/v2\/posts\/10639"}],"collection":[{"href":"https:\/\/www.weltweit-urlaub.de\/blog\/wp-json\/wp\/v2\/posts"}],"about":[{"href":"https:\/\/www.weltweit-urlaub.de\/blog\/wp-json\/wp\/v2\/types\/post"}],"author":[{"embeddable":true,"href":"https:\/\/www.weltweit-urlaub.de\/blog\/wp-json\/wp\/v2\/users\/10"}],"replies":[{"embeddable":true,"href":"https:\/\/www.weltweit-urlaub.de\/blog\/wp-json\/wp\/v2\/comments?post=10639"}],"version-history":[{"count":20,"href":"https:\/\/www.weltweit-urlaub.de\/blog\/wp-json\/wp\/v2\/posts\/10639\/revisions"}],"predecessor-version":[{"id":12198,"href":"https:\/\/www.weltweit-urlaub.de\/blog\/wp-json\/wp\/v2\/posts\/10639\/revisions\/12198"}],"wp:attachment":[{"href":"https:\/\/www.weltweit-urlaub.de\/blog\/wp-json\/wp\/v2\/media?parent=10639"}],"wp:term":[{"taxonomy":"category","embeddable":true,"href":"https:\/\/www.weltweit-urlaub.de\/blog\/wp-json\/wp\/v2\/categories?post=10639"},{"taxonomy":"post_tag","embeddable":true,"href":"https:\/\/www.weltweit-urlaub.de\/blog\/wp-json\/wp\/v2\/tags?post=10639"}],"curies":[{"name":"wp","href":"https:\/\/api.w.org\/{rel}","templated":true}]}}