{"id":10624,"date":"2013-05-05T00:01:04","date_gmt":"2013-05-04T22:01:04","guid":{"rendered":"http:\/\/www.weltweit-urlaub.de\/blog\/?p=10624"},"modified":"2022-02-12T15:36:53","modified_gmt":"2022-02-12T14:36:53","slug":"berlin-spaziergang-durchs-regierungsviertel","status":"publish","type":"post","link":"https:\/\/www.weltweit-urlaub.de\/blog\/berlin-spaziergang-durchs-regierungsviertel\/","title":{"rendered":"Berlin &#8211; Spaziergang durchs Regierungsviertel"},"content":{"rendered":"<p>Wir setzen unsere Berlin &#8211; Wanderung fort mit dem Gang entlang der Spree am L\u00fcders-Haus.<\/p>\n<div id=\"attachment_10614\" style=\"width: 460px\" class=\"wp-caption aligncenter\"><img loading=\"lazy\" decoding=\"async\" aria-describedby=\"caption-attachment-10614\" class=\"size-full wp-image-10611\" title=\"Marie-Elisabeth-L\u00fcders-Haus\" src=\"https:\/\/www.weltweit-urlaub.de\/blog\/wp-content\/uploads\/Berlin-378.jpg\" alt=\"Marie-Elisabeth-L\u00fcders-Haus\" width=\"450\" height=\"338\" border=\"1\"\/><p id=\"caption-attachment-10614\" class=\"wp-caption-text\"><em>Der Treppenaufgang und Haupteingang zum <strong>Marie-Elisabeth-L\u00fcders-Haus<\/strong> mit der <strong>Parlamentsbibliothek<\/strong>.<\/em><\/p><\/div>\n<p><!--more--><\/p>\n<div id=\"attachment_10614\" style=\"width: 460px\" class=\"wp-caption aligncenter\"><img loading=\"lazy\" decoding=\"async\" aria-describedby=\"caption-attachment-10614\" class=\"size-full wp-image-10614\" title=\"M.-E.-L\u00fcders-Haus\" src=\"https:\/\/www.weltweit-urlaub.de\/blog\/wp-content\/uploads\/Berlin-381.jpg\" alt=\"M.-E.-L\u00fcders-Haus\" width=\"450\" height=\"338\" border=\"1\"\/><p id=\"caption-attachment-10614\" class=\"wp-caption-text\"><em><strong>M.-E.-L\u00fcders-Haus<\/strong><\/em><\/p><\/div>\n<div id=\"attachment_10615\" style=\"width: 460px\" class=\"wp-caption aligncenter\"><img loading=\"lazy\" decoding=\"async\" aria-describedby=\"caption-attachment-10615\" class=\"size-full wp-image-10615\" title=\"Fu\u00dfg\u00e4ngerbr\u00fccke\" src=\"https:\/\/www.weltweit-urlaub.de\/blog\/wp-content\/uploads\/Berlin-382.jpg\" alt=\"Fu\u00dfg\u00e4ngerbr\u00fccke\" width=\"450\" height=\"338\" border=\"1\"\/><p id=\"caption-attachment-10615\" class=\"wp-caption-text\"><em>Eine Fu\u00dfg\u00e4ngerbr\u00fccke \u00fcber die Spree verbindet das L\u00fcders-Haus mit dem L\u00f6be-Haus<\/em><\/p><\/div>\n<p>Auch Frachtschiffe befahren die Spree<\/p>\n<div id=\"attachment_10613\" style=\"width: 460px\" class=\"wp-caption aligncenter\"><img loading=\"lazy\" decoding=\"async\" aria-describedby=\"caption-attachment-10613\" class=\"size-full wp-image-10613\" title=\"L\u00f6be-Abgeordneten-Haus\" src=\"https:\/\/www.weltweit-urlaub.de\/blog\/wp-content\/uploads\/Berlin-380.jpg\" alt=\"L\u00f6be-Abgeordneten-Haus\" width=\"450\" height=\"338\" border=\"1\"\/><p id=\"caption-attachment-10613\" class=\"wp-caption-text\"><em>L\u00f6be-Abgeordneten-Haus mit dem Reichstag<\/em><\/p><\/div>\n<div id=\"attachment_10616\" style=\"width: 460px\" class=\"wp-caption aligncenter\"><img loading=\"lazy\" decoding=\"async\" aria-describedby=\"caption-attachment-10616\" class=\"size-full wp-image-10616\" title=\"Schiffsverkehr \" src=\"https:\/\/www.weltweit-urlaub.de\/blog\/wp-content\/uploads\/Berlin-383.jpg\" alt=\"Schiffsverkehr \" width=\"450\" height=\"338\" border=\"1\"\/><p id=\"caption-attachment-10616\" class=\"wp-caption-text\"><em>Immer reger Schiffsverkehr auf der Spree<\/em><\/p><\/div>\n<div id=\"attachment_10617\" style=\"width: 460px\" class=\"wp-caption aligncenter\"><img loading=\"lazy\" decoding=\"async\" aria-describedby=\"caption-attachment-10617\" class=\"size-full wp-image-10617\" title=\"Spreebogen\" src=\"https:\/\/www.weltweit-urlaub.de\/blog\/wp-content\/uploads\/Berlin-384.jpg\" alt=\"Spreebogen\" width=\"450\" height=\"338\" border=\"1\"\/><p id=\"caption-attachment-10617\" class=\"wp-caption-text\"><em>Der Spreebogen am <strong>Bundeskanzleramt<\/strong><\/em><\/p><\/div>\n<div id=\"attachment_10620\" style=\"width: 460px\" class=\"wp-caption aligncenter\"><img loading=\"lazy\" decoding=\"async\" aria-describedby=\"caption-attachment-10620\" class=\"size-full wp-image-10620\" title=\"Ausflugsschiff\" src=\"https:\/\/www.weltweit-urlaub.de\/blog\/wp-content\/uploads\/Berlin-387.jpg\" alt=\"Ausflugsschiff\" width=\"450\" height=\"338\" border=\"1\"\/><p id=\"caption-attachment-10620\" class=\"wp-caption-text\"><em>Ausflugsschiff unter der L\u00fcders-L\u00f6be-Verbindungsbr\u00fccke<\/em><\/p><\/div>\n<div id=\"attachment_10618\" style=\"width: 460px\" class=\"wp-caption aligncenter\"><img loading=\"lazy\" decoding=\"async\" aria-describedby=\"caption-attachment-10618\" class=\"size-full wp-image-10618\" title=\"Konrad-Adenauer-Br\u00fccke\" src=\"https:\/\/www.weltweit-urlaub.de\/blog\/wp-content\/uploads\/Berlin-385.jpg\" alt=\"Konrad-Adenauer-Br\u00fccke\" width=\"450\" height=\"338\" border=\"1\"\/><p id=\"caption-attachment-10618\" class=\"wp-caption-text\"><em>Wir n\u00e4hern uns der n\u00e4chsten Spreebr\u00fccke und gehen hin\u00fcber zur anderen Uferseite, dem <strong>Ludwig-Erhard-Ufer<\/strong>.<\/em><\/p><\/div>\n<div id=\"attachment_10621\" style=\"width: 460px\" class=\"wp-caption aligncenter\"><img loading=\"lazy\" decoding=\"async\" aria-describedby=\"caption-attachment-10621\" class=\"size-full wp-image-10621\" title=\"Abgeordnetenb\u00fcros und Sitzungss\u00e4len\" src=\"https:\/\/www.weltweit-urlaub.de\/blog\/wp-content\/uploads\/Berlin-388.jpg\" alt=\"Abgeordnetenb\u00fcros und Sitzungss\u00e4len\" width=\"450\" height=\"338\" border=\"1\"\/><p id=\"caption-attachment-10621\" class=\"wp-caption-text\"><em>Paul-L\u00f6be-Haus mit seinen <strong>Abgeordnetenb\u00fcros und Sitzungss\u00e4len<\/strong>.<\/em><\/p><\/div>\n<div id=\"attachment_10622\" style=\"width: 460px\" class=\"wp-caption aligncenter\"><img loading=\"lazy\" decoding=\"async\" aria-describedby=\"caption-attachment-10622\" class=\"size-full wp-image-10622\" title=\"Bundespressekonferenz\" src=\"https:\/\/www.weltweit-urlaub.de\/blog\/wp-content\/uploads\/Berlin-389.jpg\" alt=\"Bundespressekonferenz\" width=\"450\" height=\"338\" border=\"1\"\/><p id=\"caption-attachment-10622\" class=\"wp-caption-text\"><em>Das Haus der <strong>Bundespressekonferenz<\/strong><\/em><\/p><\/div>\n<div id=\"attachment_10627\" style=\"width: 460px\" class=\"wp-caption aligncenter\"><img loading=\"lazy\" decoding=\"async\" aria-describedby=\"caption-attachment-10627\" class=\"size-full wp-image-10627 \" style=\"border: 1px solid black;\" title=\"Spreebr\u00fccke\" src=\"https:\/\/www.weltweit-urlaub.de\/blog\/wp-content\/uploads\/Berlin-391.jpg\" alt=\"Spreebr\u00fccke\" width=\"450\" height=\"338\" border=\"1\"\/><p id=\"caption-attachment-10627\" class=\"wp-caption-text\"><em>Noch ein Blick zur\u00fcck von der Spreebr\u00fccke.<\/em><\/p><\/div>\n<p>Im n\u00e4chsten Blogbeitrag geht&#8217;s dann weiter zum <strong>Bundeskanzleramt<\/strong>.<\/p>\n<p>&nbsp;<\/p>\n<p><strong>Reisen &amp; Tipps f\u00fcr Ihre Berlin &#8211; St\u00e4dtereise:<\/strong><br \/>\n<a target=\"_blank\" href=\"https:\/\/www.weltweit-urlaub.de\/service\/hotels\/deutschland\/berlin\/\" title=\"Hotels Berlin\" rel=\"nofollow\" >Hotels in Berlin<\/a><br \/>\n<a target=\"_blank\" href=\"https:\/\/www.weltweit-urlaub.de\/service\/ferienhaeuser-fewos\/deutschland\/berlin\/\" title=\"Ferienwohnung in Berlin\" rel=\"nofollow\" >Ferienwohnungen in Berlin<\/a><br \/>\n<a target=\"_blank\" href=\"https:\/\/www.weltweit-urlaub.de\/service\/reisen\/busreisen\/berlin\/\" rel=\"nofollow\" >St\u00e4dtereisen &amp; Busreisen nach Berlin<\/a><br \/>\n<a target=\"_blank\" href=\"https:\/\/www.weltweit-urlaub.de\/reisen\/kurzurlaub\/deutschland\/berlin\/\" title=\"Kurzreisen Berlin\" >Kurzreisen nach Berlin<\/a><br \/>\n<a target=\"_blank\" href=\"https:\/\/www.weltweit-urlaub.de\/service\/rubrik\/mietwagen\/berlin\/\" title=\"Mietwagen Berlin\" rel=\"nofollow\" >Mietwagen f\u00fcr Berlin<\/a><br \/>\n<a target=\"_blank\" href=\"https:\/\/www.weltweit-urlaub.de\/verzeichnis\/reisefuehrer\/deutschland\/berlin-drei-tage-fuehrer.php\" title=\"Hotel Berlin\" >Reisetipps Berlin<\/a><\/p>\n<p><a target=\"_blank\" href=\"https:\/\/www.weltweit-urlaub.de\/deutschland\/berlin\/\" title=\"Berlin\" >Urlaub in Berlin &#8211; Karte + alle Angebote<\/a><\/p>\n","protected":false},"excerpt":{"rendered":"<p>Wir setzen unsere Berlin &#8211; Wanderung fort mit dem Gang entlang der Spree am L\u00fcders-Haus.<\/p>\n","protected":false},"author":10,"featured_media":0,"comment_status":"open","ping_status":"open","sticky":false,"template":"","format":"standard","meta":{"footnotes":""},"categories":[87,1,59,73,45],"tags":[],"class_list":["post-10624","post","type-post","status-publish","format-standard","hentry","category-reiseberichte","category-urlaubsblog","category-urlaubsfotos","category-berlin","category-deutschland"],"yoast_head":"<!-- This site is optimized with the Yoast SEO plugin v25.6 - https:\/\/yoast.com\/wordpress\/plugins\/seo\/ -->\n<title>Berlin - Spaziergang durchs Regierungsviertel - Reisebericht, Fotos, Urlaub &amp; Reise<\/title>\n<meta name=\"description\" content=\"Berlin - Spaziergang durchs Regierungsviertel - Weltweit Urlaub Blog - Urlaub und Kurzurlaub, Reisebericht \u00fcber Reise u. Urlaubsorte in Deutschland und Reiseziele in Europa und weltweit.\" \/>\n<meta name=\"robots\" content=\"index, follow, max-snippet:-1, max-image-preview:large, max-video-preview:-1\" \/>\n<link rel=\"canonical\" href=\"https:\/\/www.weltweit-urlaub.de\/blog\/berlin-spaziergang-durchs-regierungsviertel\/\" \/>\n<meta property=\"og:locale\" content=\"de_DE\" \/>\n<meta property=\"og:type\" content=\"article\" \/>\n<meta property=\"og:title\" content=\"Berlin - Spaziergang durchs Regierungsviertel - Reisebericht, Fotos, Urlaub &amp; Reise\" \/>\n<meta property=\"og:description\" content=\"Berlin - Spaziergang durchs Regierungsviertel - Weltweit Urlaub Blog - Urlaub und Kurzurlaub, Reisebericht \u00fcber Reise u. Urlaubsorte in Deutschland und Reiseziele in Europa und weltweit.\" \/>\n<meta property=\"og:url\" content=\"https:\/\/www.weltweit-urlaub.de\/blog\/berlin-spaziergang-durchs-regierungsviertel\/\" \/>\n<meta property=\"og:site_name\" content=\"Weltweit Urlaub Blog\" \/>\n<meta property=\"article:publisher\" content=\"https:\/\/www.facebook.com\/pages\/Weltweit-Urlaub\/180623258643736\" \/>\n<meta property=\"article:published_time\" content=\"2013-05-04T22:01:04+00:00\" \/>\n<meta property=\"article:modified_time\" content=\"2022-02-12T14:36:53+00:00\" \/>\n<meta property=\"og:image\" content=\"https:\/\/www.weltweit-urlaub.de\/blog\/wp-content\/uploads\/Berlin-378.jpg\" \/>\n<meta name=\"author\" content=\"Franz\" \/>\n<meta name=\"twitter:label1\" content=\"Verfasst von\" \/>\n\t<meta name=\"twitter:data1\" content=\"Franz\" \/>\n\t<meta name=\"twitter:label2\" content=\"Gesch\u00e4tzte Lesezeit\" \/>\n\t<meta name=\"twitter:data2\" content=\"1\u00a0Minute\" \/>\n<script type=\"application\/ld+json\" class=\"yoast-schema-graph\">{\"@context\":\"https:\/\/schema.org\",\"@graph\":[{\"@type\":\"WebPage\",\"@id\":\"https:\/\/www.weltweit-urlaub.de\/blog\/berlin-spaziergang-durchs-regierungsviertel\/\",\"url\":\"https:\/\/www.weltweit-urlaub.de\/blog\/berlin-spaziergang-durchs-regierungsviertel\/\",\"name\":\"Berlin - Spaziergang durchs Regierungsviertel - Reisebericht, Fotos, Urlaub & Reise\",\"isPartOf\":{\"@id\":\"https:\/\/www.weltweit-urlaub.de\/blog\/#website\"},\"primaryImageOfPage\":{\"@id\":\"https:\/\/www.weltweit-urlaub.de\/blog\/berlin-spaziergang-durchs-regierungsviertel\/#primaryimage\"},\"image\":{\"@id\":\"https:\/\/www.weltweit-urlaub.de\/blog\/berlin-spaziergang-durchs-regierungsviertel\/#primaryimage\"},\"thumbnailUrl\":\"https:\/\/www.weltweit-urlaub.de\/blog\/wp-content\/uploads\/Berlin-378.jpg\",\"datePublished\":\"2013-05-04T22:01:04+00:00\",\"dateModified\":\"2022-02-12T14:36:53+00:00\",\"author\":{\"@id\":\"https:\/\/www.weltweit-urlaub.de\/blog\/#\/schema\/person\/580334b794d1d84c44ed185071077fc3\"},\"description\":\"Berlin - Spaziergang durchs Regierungsviertel - Weltweit Urlaub Blog - Urlaub und Kurzurlaub, Reisebericht \u00fcber Reise u. Urlaubsorte in Deutschland und Reiseziele in Europa und weltweit.\",\"breadcrumb\":{\"@id\":\"https:\/\/www.weltweit-urlaub.de\/blog\/berlin-spaziergang-durchs-regierungsviertel\/#breadcrumb\"},\"inLanguage\":\"de\",\"potentialAction\":[{\"@type\":\"ReadAction\",\"target\":[\"https:\/\/www.weltweit-urlaub.de\/blog\/berlin-spaziergang-durchs-regierungsviertel\/\"]}]},{\"@type\":\"ImageObject\",\"inLanguage\":\"de\",\"@id\":\"https:\/\/www.weltweit-urlaub.de\/blog\/berlin-spaziergang-durchs-regierungsviertel\/#primaryimage\",\"url\":\"https:\/\/www.weltweit-urlaub.de\/blog\/wp-content\/uploads\/Berlin-378.jpg\",\"contentUrl\":\"https:\/\/www.weltweit-urlaub.de\/blog\/wp-content\/uploads\/Berlin-378.jpg\",\"width\":450,\"height\":338},{\"@type\":\"BreadcrumbList\",\"@id\":\"https:\/\/www.weltweit-urlaub.de\/blog\/berlin-spaziergang-durchs-regierungsviertel\/#breadcrumb\",\"itemListElement\":[{\"@type\":\"ListItem\",\"position\":1,\"name\":\"Home\",\"item\":\"https:\/\/www.weltweit-urlaub.de\/blog\/\"},{\"@type\":\"ListItem\",\"position\":2,\"name\":\"Berlin &#8211; Spaziergang durchs Regierungsviertel\"}]},{\"@type\":\"WebSite\",\"@id\":\"https:\/\/www.weltweit-urlaub.de\/blog\/#website\",\"url\":\"https:\/\/www.weltweit-urlaub.de\/blog\/\",\"name\":\"Weltweit Urlaub Blog\",\"description\":\"Das Weltweit Urlaub Blog berichtet von L\u00e4ndern, St\u00e4dten und Regionen rund um den Globus...\",\"potentialAction\":[{\"@type\":\"SearchAction\",\"target\":{\"@type\":\"EntryPoint\",\"urlTemplate\":\"https:\/\/www.weltweit-urlaub.de\/blog\/?s={search_term_string}\"},\"query-input\":{\"@type\":\"PropertyValueSpecification\",\"valueRequired\":true,\"valueName\":\"search_term_string\"}}],\"inLanguage\":\"de\"},{\"@type\":\"Person\",\"@id\":\"https:\/\/www.weltweit-urlaub.de\/blog\/#\/schema\/person\/580334b794d1d84c44ed185071077fc3\",\"name\":\"Franz\",\"image\":{\"@type\":\"ImageObject\",\"inLanguage\":\"de\",\"@id\":\"https:\/\/www.weltweit-urlaub.de\/blog\/#\/schema\/person\/image\/\",\"url\":\"https:\/\/secure.gravatar.com\/avatar\/61e4c9d2e568c90c06cae6dfa71dc329?s=96&d=mm&r=g\",\"contentUrl\":\"https:\/\/secure.gravatar.com\/avatar\/61e4c9d2e568c90c06cae6dfa71dc329?s=96&d=mm&r=g\",\"caption\":\"Franz\"},\"sameAs\":[\"https:\/\/www.weltweit-urlaub.de\/blog\/\"]}]}<\/script>\n<!-- \/ Yoast SEO plugin. -->","yoast_head_json":{"title":"Berlin - Spaziergang durchs Regierungsviertel - Reisebericht, Fotos, Urlaub & Reise","description":"Berlin - Spaziergang durchs Regierungsviertel - Weltweit Urlaub Blog - Urlaub und Kurzurlaub, Reisebericht \u00fcber Reise u. Urlaubsorte in Deutschland und Reiseziele in Europa und weltweit.","robots":{"index":"index","follow":"follow","max-snippet":"max-snippet:-1","max-image-preview":"max-image-preview:large","max-video-preview":"max-video-preview:-1"},"canonical":"https:\/\/www.weltweit-urlaub.de\/blog\/berlin-spaziergang-durchs-regierungsviertel\/","og_locale":"de_DE","og_type":"article","og_title":"Berlin - Spaziergang durchs Regierungsviertel - Reisebericht, Fotos, Urlaub & Reise","og_description":"Berlin - Spaziergang durchs Regierungsviertel - Weltweit Urlaub Blog - Urlaub und Kurzurlaub, Reisebericht \u00fcber Reise u. Urlaubsorte in Deutschland und Reiseziele in Europa und weltweit.","og_url":"https:\/\/www.weltweit-urlaub.de\/blog\/berlin-spaziergang-durchs-regierungsviertel\/","og_site_name":"Weltweit Urlaub Blog","article_publisher":"https:\/\/www.facebook.com\/pages\/Weltweit-Urlaub\/180623258643736","article_published_time":"2013-05-04T22:01:04+00:00","article_modified_time":"2022-02-12T14:36:53+00:00","og_image":[{"url":"https:\/\/www.weltweit-urlaub.de\/blog\/wp-content\/uploads\/Berlin-378.jpg","type":"","width":"","height":""}],"author":"Franz","twitter_misc":{"Verfasst von":"Franz","Gesch\u00e4tzte Lesezeit":"1\u00a0Minute"},"schema":{"@context":"https:\/\/schema.org","@graph":[{"@type":"WebPage","@id":"https:\/\/www.weltweit-urlaub.de\/blog\/berlin-spaziergang-durchs-regierungsviertel\/","url":"https:\/\/www.weltweit-urlaub.de\/blog\/berlin-spaziergang-durchs-regierungsviertel\/","name":"Berlin - Spaziergang durchs Regierungsviertel - Reisebericht, Fotos, Urlaub & Reise","isPartOf":{"@id":"https:\/\/www.weltweit-urlaub.de\/blog\/#website"},"primaryImageOfPage":{"@id":"https:\/\/www.weltweit-urlaub.de\/blog\/berlin-spaziergang-durchs-regierungsviertel\/#primaryimage"},"image":{"@id":"https:\/\/www.weltweit-urlaub.de\/blog\/berlin-spaziergang-durchs-regierungsviertel\/#primaryimage"},"thumbnailUrl":"https:\/\/www.weltweit-urlaub.de\/blog\/wp-content\/uploads\/Berlin-378.jpg","datePublished":"2013-05-04T22:01:04+00:00","dateModified":"2022-02-12T14:36:53+00:00","author":{"@id":"https:\/\/www.weltweit-urlaub.de\/blog\/#\/schema\/person\/580334b794d1d84c44ed185071077fc3"},"description":"Berlin - Spaziergang durchs Regierungsviertel - Weltweit Urlaub Blog - Urlaub und Kurzurlaub, Reisebericht \u00fcber Reise u. Urlaubsorte in Deutschland und Reiseziele in Europa und weltweit.","breadcrumb":{"@id":"https:\/\/www.weltweit-urlaub.de\/blog\/berlin-spaziergang-durchs-regierungsviertel\/#breadcrumb"},"inLanguage":"de","potentialAction":[{"@type":"ReadAction","target":["https:\/\/www.weltweit-urlaub.de\/blog\/berlin-spaziergang-durchs-regierungsviertel\/"]}]},{"@type":"ImageObject","inLanguage":"de","@id":"https:\/\/www.weltweit-urlaub.de\/blog\/berlin-spaziergang-durchs-regierungsviertel\/#primaryimage","url":"https:\/\/www.weltweit-urlaub.de\/blog\/wp-content\/uploads\/Berlin-378.jpg","contentUrl":"https:\/\/www.weltweit-urlaub.de\/blog\/wp-content\/uploads\/Berlin-378.jpg","width":450,"height":338},{"@type":"BreadcrumbList","@id":"https:\/\/www.weltweit-urlaub.de\/blog\/berlin-spaziergang-durchs-regierungsviertel\/#breadcrumb","itemListElement":[{"@type":"ListItem","position":1,"name":"Home","item":"https:\/\/www.weltweit-urlaub.de\/blog\/"},{"@type":"ListItem","position":2,"name":"Berlin &#8211; Spaziergang durchs Regierungsviertel"}]},{"@type":"WebSite","@id":"https:\/\/www.weltweit-urlaub.de\/blog\/#website","url":"https:\/\/www.weltweit-urlaub.de\/blog\/","name":"Weltweit Urlaub Blog","description":"Das Weltweit Urlaub Blog berichtet von L\u00e4ndern, St\u00e4dten und Regionen rund um den Globus...","potentialAction":[{"@type":"SearchAction","target":{"@type":"EntryPoint","urlTemplate":"https:\/\/www.weltweit-urlaub.de\/blog\/?s={search_term_string}"},"query-input":{"@type":"PropertyValueSpecification","valueRequired":true,"valueName":"search_term_string"}}],"inLanguage":"de"},{"@type":"Person","@id":"https:\/\/www.weltweit-urlaub.de\/blog\/#\/schema\/person\/580334b794d1d84c44ed185071077fc3","name":"Franz","image":{"@type":"ImageObject","inLanguage":"de","@id":"https:\/\/www.weltweit-urlaub.de\/blog\/#\/schema\/person\/image\/","url":"https:\/\/secure.gravatar.com\/avatar\/61e4c9d2e568c90c06cae6dfa71dc329?s=96&d=mm&r=g","contentUrl":"https:\/\/secure.gravatar.com\/avatar\/61e4c9d2e568c90c06cae6dfa71dc329?s=96&d=mm&r=g","caption":"Franz"},"sameAs":["https:\/\/www.weltweit-urlaub.de\/blog\/"]}]}},"_links":{"self":[{"href":"https:\/\/www.weltweit-urlaub.de\/blog\/wp-json\/wp\/v2\/posts\/10624"}],"collection":[{"href":"https:\/\/www.weltweit-urlaub.de\/blog\/wp-json\/wp\/v2\/posts"}],"about":[{"href":"https:\/\/www.weltweit-urlaub.de\/blog\/wp-json\/wp\/v2\/types\/post"}],"author":[{"embeddable":true,"href":"https:\/\/www.weltweit-urlaub.de\/blog\/wp-json\/wp\/v2\/users\/10"}],"replies":[{"embeddable":true,"href":"https:\/\/www.weltweit-urlaub.de\/blog\/wp-json\/wp\/v2\/comments?post=10624"}],"version-history":[{"count":11,"href":"https:\/\/www.weltweit-urlaub.de\/blog\/wp-json\/wp\/v2\/posts\/10624\/revisions"}],"predecessor-version":[{"id":18259,"href":"https:\/\/www.weltweit-urlaub.de\/blog\/wp-json\/wp\/v2\/posts\/10624\/revisions\/18259"}],"wp:attachment":[{"href":"https:\/\/www.weltweit-urlaub.de\/blog\/wp-json\/wp\/v2\/media?parent=10624"}],"wp:term":[{"taxonomy":"category","embeddable":true,"href":"https:\/\/www.weltweit-urlaub.de\/blog\/wp-json\/wp\/v2\/categories?post=10624"},{"taxonomy":"post_tag","embeddable":true,"href":"https:\/\/www.weltweit-urlaub.de\/blog\/wp-json\/wp\/v2\/tags?post=10624"}],"curies":[{"name":"wp","href":"https:\/\/api.w.org\/{rel}","templated":true}]}}