{"id":10577,"date":"2013-04-30T00:16:00","date_gmt":"2013-04-29T22:16:00","guid":{"rendered":"http:\/\/www.weltweit-urlaub.de\/blog\/?p=10577"},"modified":"2013-06-08T18:30:20","modified_gmt":"2013-06-08T16:30:20","slug":"berlin-vom-bahnhof-friedrichstrase-ins-regierungsviertel","status":"publish","type":"post","link":"https:\/\/www.weltweit-urlaub.de\/blog\/berlin-vom-bahnhof-friedrichstrase-ins-regierungsviertel\/","title":{"rendered":"Berlin &#8211; Vom Bahnhof Friedrichstra\u00dfe ins Regierungsviertel"},"content":{"rendered":"<p>Nachdem wir ddie Umgebung des\u00a0 <strong>Bahnhofs Friedrichstra\u00dfe<\/strong> in <a target=\"_blank\" href=\"https:\/\/www.weltweit-urlaub.de\/deutschland\/berlin\/\" >Berlin<\/a> kennengelernt haben, begeben wir uns auf die Wanderung Richtung Regierung. Wir gehen zun\u00e4chst linksseitig am Reichstagufer an der Spree entlang bis zur ersten Br\u00fccke, der Marschallbr\u00fccke.<\/p>\n<p><img loading=\"lazy\" decoding=\"async\" class=\"size-full wp-image-10598\" title=\"Am Reichstagufer\" alt=\"Am Reichstagufer\" src=\"https:\/\/www.weltweit-urlaub.de\/blog\/wp-content\/uploads\/Berlin-364.jpg\" width=\"450\" height=\"338\" border=\"1\" \/> <\/p>\n<p><em>Am Reichstagufer<\/em><br \/>\n<!--more--><\/p>\n<div id=\"attachment_10602\" style=\"width: 460px\" class=\"wp-caption aligncenter\"><img loading=\"lazy\" decoding=\"async\" aria-describedby=\"caption-attachment-10602\" class=\"size-full wp-image-10602\" title=\"ARD - Hauptstadtstudio\" alt=\"ARD - Hauptstadtstudio\" src=\"https:\/\/www.weltweit-urlaub.de\/blog\/wp-content\/uploads\/Berlin-368.jpg\" width=\"450\" height=\"338\" border=\"1\" \/><p id=\"caption-attachment-10602\" class=\"wp-caption-text\"><em>Das <strong>ARD &#8211; Hauptstadtstudio<\/strong>, jedem bekannt aus dem <strong>Ersten Deutschen Fernsehen<\/strong>.<\/em><\/p><\/div>\n<div id=\"attachment_10603\" style=\"width: 460px\" class=\"wp-caption aligncenter\"><img loading=\"lazy\" decoding=\"async\" aria-describedby=\"caption-attachment-10603\" class=\"size-full wp-image-10603\" title=\"Bahnhof Friedrichstra\u00dfe an der Spree\" alt=\"Bahnhof Friedrichstra\u00dfe an der Spree\" src=\"https:\/\/www.weltweit-urlaub.de\/blog\/wp-content\/uploads\/Berlin-370.jpg\" width=\"450\" height=\"338\" border=\"1\" \/><p id=\"caption-attachment-10603\" class=\"wp-caption-text\"><em><strong>Bahnhof Friedrichstra\u00dfe<\/strong> an der Spree<\/em><\/p><\/div>\n<div id=\"attachment_10599\" style=\"width: 460px\" class=\"wp-caption aligncenter\"><img loading=\"lazy\" decoding=\"async\" aria-describedby=\"caption-attachment-10599\" class=\"size-full wp-image-10599\" title=\"Reichstagufer\" alt=\"Reichstagufer\" src=\"https:\/\/www.weltweit-urlaub.de\/blog\/wp-content\/uploads\/Berlin-365.jpg\" width=\"450\" height=\"338\" border=\"1\" \/><p id=\"caption-attachment-10599\" class=\"wp-caption-text\"><em>Reichstagufer<\/em><\/p><\/div>\n<div id=\"attachment_10600\" style=\"width: 460px\" class=\"wp-caption aligncenter\"><img loading=\"lazy\" decoding=\"async\" aria-describedby=\"caption-attachment-10600\" class=\"size-full wp-image-10600\" title=\"Marschallbr\u00fccke\" alt=\"Marschallbr\u00fccke\" src=\"https:\/\/www.weltweit-urlaub.de\/blog\/wp-content\/uploads\/Berlin-366.jpg\" width=\"450\" height=\"338\" border=\"1\" \/><p id=\"caption-attachment-10600\" class=\"wp-caption-text\"><em><strong>Marschallbr\u00fccke<\/strong> mit <strong>Reichstag<\/strong><\/em><\/p><\/div>\n<div id=\"attachment_10601\" style=\"width: 460px\" class=\"wp-caption aligncenter\"><img loading=\"lazy\" decoding=\"async\" aria-describedby=\"caption-attachment-10601\" class=\"size-full wp-image-10601\" title=\"Fahrrad\" alt=\"Fahrrad\" src=\"https:\/\/www.weltweit-urlaub.de\/blog\/wp-content\/uploads\/Berlin-367.jpg\" width=\"450\" height=\"338\" border=\"1\" \/><p id=\"caption-attachment-10601\" class=\"wp-caption-text\"><em>Auch das ist Berlin: Kuriosit\u00e4t am Ra(n)d!<\/em><\/p><\/div>\n<div id=\"attachment_10606\" style=\"width: 460px\" class=\"wp-caption aligncenter\"><img loading=\"lazy\" decoding=\"async\" aria-describedby=\"caption-attachment-10606\" class=\"size-full wp-image-10606\" title=\"Hauptstadtstudio\" alt=\"Hauptstadtstudio\" src=\"https:\/\/www.weltweit-urlaub.de\/blog\/wp-content\/uploads\/Berlin-373.jpg\" width=\"450\" height=\"338\" border=\"1\" \/><p id=\"caption-attachment-10606\" class=\"wp-caption-text\"><em>Vom <strong>ARD &#8211; Hauptstadtstudio<\/strong> gingen wir \u00fcber die <strong>Marschallbr\u00fccke<\/strong>.<\/em><\/p><\/div>\n<div id=\"attachment_10604\" style=\"width: 460px\" class=\"wp-caption aligncenter\"><img loading=\"lazy\" decoding=\"async\" aria-describedby=\"caption-attachment-10604\" class=\"size-full wp-image-10604\" title=\"Deutsche Regierung\" alt=\"Deutsche Regierung\" src=\"https:\/\/www.weltweit-urlaub.de\/blog\/wp-content\/uploads\/Berlin-371.jpg\" width=\"450\" height=\"338\" border=\"1\" \/><p id=\"caption-attachment-10604\" class=\"wp-caption-text\"><em>Drei der wichtigsten deutschen Geb\u00e4ude.<\/em><\/p><\/div>\n<p>Einer der wichtigsten Eindr\u00fccke: Der Blick von der Spreebr\u00fccke auf den geballten <span style=\"text-decoration: underline;\"><strong>Deutschen Bundestag.<\/strong><\/span> Links im Bild das Reichstagsgeb\u00e4ude, in der Mitte das <span style=\"text-decoration: underline;\"><strong>Paul-L\u00f6be-Haus<\/strong><\/span>, rechts das <span style=\"text-decoration: underline;\"><strong>M.E.-L\u00fcders-Haus<\/strong><\/span>.<\/p>\n<div id=\"attachment_10605\" style=\"width: 460px\" class=\"wp-caption aligncenter\"><img loading=\"lazy\" decoding=\"async\" aria-describedby=\"caption-attachment-10605\" class=\"size-full wp-image-10605\" title=\"Reichstag an der Spree\" alt=\"Reichstag an der Spree\" src=\"https:\/\/www.weltweit-urlaub.de\/blog\/wp-content\/uploads\/Berlin-372.jpg\" width=\"450\" height=\"338\" border=\"1\" \/><p id=\"caption-attachment-10605\" class=\"wp-caption-text\"><em><strong>Reichstag<\/strong> an der Spree<\/em><\/p><\/div>\n<p>Auch dieses Motiv d\u00fcrfte jedem Deutschen und Europ\u00e4er bekannt sein. An dieser Stelle geben fast t\u00e4glich in den Nachrichten im Fernsehen Korrespondenten und Politiker ihre Kommentare ab.<\/p>\n<div id=\"attachment_10608\" style=\"width: 460px\" class=\"wp-caption aligncenter\"><img loading=\"lazy\" decoding=\"async\" aria-describedby=\"caption-attachment-10608\" class=\"size-full wp-image-10608\" title=\"Paul-L\u00f6be-Haus\" alt=\"Paul-L\u00f6be-Haus\" src=\"https:\/\/www.weltweit-urlaub.de\/blog\/wp-content\/uploads\/Berlin-375.jpg\" width=\"450\" height=\"338\" border=\"1\" \/><p id=\"caption-attachment-10608\" class=\"wp-caption-text\"><em><strong>Paul-L\u00f6be-Haus, Abgeordnetenhaus <\/strong>des <strong>Deutschen Bundestages<\/strong><\/em><\/p><\/div>\n<div id=\"attachment_10610\" style=\"width: 460px\" class=\"wp-caption aligncenter\"><img loading=\"lazy\" decoding=\"async\" aria-describedby=\"caption-attachment-10610\" class=\"size-full wp-image-10610\" title=\"Reichstagsgeb\u00e4ude Deutscher Bundestag\" alt=\"Reichstagsgeb\u00e4ude Deutscher Bundestag\" src=\"https:\/\/www.weltweit-urlaub.de\/blog\/wp-content\/uploads\/Berlin-377.jpg\" width=\"450\" height=\"338\" border=\"1\" \/><p id=\"caption-attachment-10610\" class=\"wp-caption-text\"><strong><em>Reichstagsgeb\u00e4ude Deutscher Bundestag<\/em><\/strong><\/p><\/div>\n<div id=\"attachment_10612\" style=\"width: 460px\" class=\"wp-caption aligncenter\"><img loading=\"lazy\" decoding=\"async\" aria-describedby=\"caption-attachment-10612\" class=\"size-full wp-image-10612\" title=\"Paul-L\u00f6be-Abgeordnetenhaus\" alt=\"L\u00f6be-Haus\" src=\"https:\/\/www.weltweit-urlaub.de\/blog\/wp-content\/uploads\/Berlin-379.jpg\" width=\"450\" height=\"338\" border=\"1\" \/><p id=\"caption-attachment-10612\" class=\"wp-caption-text\"><strong><em>Paul-L\u00f6be-Abgeordnetenhaus<\/em><\/strong><\/p><\/div>\n<p>Beim n\u00e4chsten Mal gehen wir weiter entlang der Spree zum <strong>Bundeskanzleramt<\/strong>.<\/p>\n<p>&nbsp;<\/p>\n<p><strong>Reisen &amp; Tipps f\u00fcr Ihre Berlin &#8211; St\u00e4dtereise:<\/strong><br \/>\n<a target=\"_blank\" href=\"https:\/\/www.weltweit-urlaub.de\/service\/hotels\/deutschland\/berlin\/\" title=\"Hotels Berlin\" rel=\"nofollow\" >Hotels in Berlin<\/a><br \/>\n<a target=\"_blank\" href=\"https:\/\/www.weltweit-urlaub.de\/service\/ferienhaeuser-fewos\/deutschland\/berlin\/\" title=\"Ferienwohnung in Berlin\" rel=\"nofollow\" >Ferienwohnungen in Berlin<\/a><br \/>\n<a target=\"_blank\" href=\"https:\/\/www.weltweit-urlaub.de\/service\/reisen\/busreisen\/berlin\/\" rel=\"nofollow\" >St\u00e4dtereisen &amp; Busreisen nach Berlin<\/a><br \/>\n<a target=\"_blank\" href=\"https:\/\/www.weltweit-urlaub.de\/reisen\/kurzurlaub\/deutschland\/berlin\/\" title=\"Kurzreisen Berlin\" >Kurzreisen nach Berlin<\/a><br \/>\n<a target=\"_blank\" href=\"https:\/\/www.weltweit-urlaub.de\/verzeichnis\/reisefuehrer\/deutschland\/berlin-drei-tage-fuehrer.php\" title=\"Hotel Berlin\" >Reisetipps Berlin<\/a><\/p>\n","protected":false},"excerpt":{"rendered":"<p>Nachdem wir ddie Umgebung des\u00a0 Bahnhofs Friedrichstra\u00dfe in Berlin kennengelernt haben, begeben wir uns auf die Wanderung Richtung Regierung. Wir gehen zun\u00e4chst linksseitig am Reichstagufer an der Spree entlang bis zur ersten Br\u00fccke, der Marschallbr\u00fccke. Am Reichstagufer<\/p>\n","protected":false},"author":10,"featured_media":0,"comment_status":"open","ping_status":"open","sticky":false,"template":"","format":"standard","meta":{"footnotes":""},"categories":[87,1,59,73,45],"tags":[],"class_list":["post-10577","post","type-post","status-publish","format-standard","hentry","category-reiseberichte","category-urlaubsblog","category-urlaubsfotos","category-berlin","category-deutschland"],"yoast_head":"<!-- This site is optimized with the Yoast SEO plugin v25.6 - https:\/\/yoast.com\/wordpress\/plugins\/seo\/ -->\n<title>Berlin - Vom Bahnhof Friedrichstra\u00dfe ins Regierungsviertel - Reisebericht, Fotos, Urlaub &amp; Reise<\/title>\n<meta name=\"description\" content=\"Berlin - Vom Bahnhof Friedrichstra\u00dfe ins Regierungsviertel - Weltweit Urlaub Blog - Urlaub und Kurzurlaub, Reisebericht \u00fcber Reise u. Urlaubsorte in Deutschland und Reiseziele in Europa und weltweit.\" \/>\n<meta name=\"robots\" content=\"index, follow, max-snippet:-1, max-image-preview:large, max-video-preview:-1\" \/>\n<link rel=\"canonical\" href=\"https:\/\/www.weltweit-urlaub.de\/blog\/berlin-vom-bahnhof-friedrichstrase-ins-regierungsviertel\/\" \/>\n<meta property=\"og:locale\" content=\"de_DE\" \/>\n<meta property=\"og:type\" content=\"article\" \/>\n<meta property=\"og:title\" content=\"Berlin - Vom Bahnhof Friedrichstra\u00dfe ins Regierungsviertel - Reisebericht, Fotos, Urlaub &amp; Reise\" \/>\n<meta property=\"og:description\" content=\"Berlin - Vom Bahnhof Friedrichstra\u00dfe ins Regierungsviertel - Weltweit Urlaub Blog - Urlaub und Kurzurlaub, Reisebericht \u00fcber Reise u. Urlaubsorte in Deutschland und Reiseziele in Europa und weltweit.\" \/>\n<meta property=\"og:url\" content=\"https:\/\/www.weltweit-urlaub.de\/blog\/berlin-vom-bahnhof-friedrichstrase-ins-regierungsviertel\/\" \/>\n<meta property=\"og:site_name\" content=\"Weltweit Urlaub Blog\" \/>\n<meta property=\"article:publisher\" content=\"https:\/\/www.facebook.com\/pages\/Weltweit-Urlaub\/180623258643736\" \/>\n<meta property=\"article:published_time\" content=\"2013-04-29T22:16:00+00:00\" \/>\n<meta property=\"article:modified_time\" content=\"2013-06-08T16:30:20+00:00\" \/>\n<meta property=\"og:image\" content=\"https:\/\/www.weltweit-urlaub.de\/blog\/wp-content\/uploads\/Berlin-364.jpg\" \/>\n<meta name=\"author\" content=\"Franz\" \/>\n<meta name=\"twitter:label1\" content=\"Verfasst von\" \/>\n\t<meta name=\"twitter:data1\" content=\"Franz\" \/>\n\t<meta name=\"twitter:label2\" content=\"Gesch\u00e4tzte Lesezeit\" \/>\n\t<meta name=\"twitter:data2\" content=\"1\u00a0Minute\" \/>\n<script type=\"application\/ld+json\" class=\"yoast-schema-graph\">{\"@context\":\"https:\/\/schema.org\",\"@graph\":[{\"@type\":\"WebPage\",\"@id\":\"https:\/\/www.weltweit-urlaub.de\/blog\/berlin-vom-bahnhof-friedrichstrase-ins-regierungsviertel\/\",\"url\":\"https:\/\/www.weltweit-urlaub.de\/blog\/berlin-vom-bahnhof-friedrichstrase-ins-regierungsviertel\/\",\"name\":\"Berlin - Vom Bahnhof Friedrichstra\u00dfe ins Regierungsviertel - Reisebericht, Fotos, Urlaub & Reise\",\"isPartOf\":{\"@id\":\"https:\/\/www.weltweit-urlaub.de\/blog\/#website\"},\"primaryImageOfPage\":{\"@id\":\"https:\/\/www.weltweit-urlaub.de\/blog\/berlin-vom-bahnhof-friedrichstrase-ins-regierungsviertel\/#primaryimage\"},\"image\":{\"@id\":\"https:\/\/www.weltweit-urlaub.de\/blog\/berlin-vom-bahnhof-friedrichstrase-ins-regierungsviertel\/#primaryimage\"},\"thumbnailUrl\":\"https:\/\/www.weltweit-urlaub.de\/blog\/wp-content\/uploads\/Berlin-364.jpg\",\"datePublished\":\"2013-04-29T22:16:00+00:00\",\"dateModified\":\"2013-06-08T16:30:20+00:00\",\"author\":{\"@id\":\"https:\/\/www.weltweit-urlaub.de\/blog\/#\/schema\/person\/580334b794d1d84c44ed185071077fc3\"},\"description\":\"Berlin - Vom Bahnhof Friedrichstra\u00dfe ins Regierungsviertel - Weltweit Urlaub Blog - Urlaub und Kurzurlaub, Reisebericht \u00fcber Reise u. Urlaubsorte in Deutschland und Reiseziele in Europa und weltweit.\",\"breadcrumb\":{\"@id\":\"https:\/\/www.weltweit-urlaub.de\/blog\/berlin-vom-bahnhof-friedrichstrase-ins-regierungsviertel\/#breadcrumb\"},\"inLanguage\":\"de\",\"potentialAction\":[{\"@type\":\"ReadAction\",\"target\":[\"https:\/\/www.weltweit-urlaub.de\/blog\/berlin-vom-bahnhof-friedrichstrase-ins-regierungsviertel\/\"]}]},{\"@type\":\"ImageObject\",\"inLanguage\":\"de\",\"@id\":\"https:\/\/www.weltweit-urlaub.de\/blog\/berlin-vom-bahnhof-friedrichstrase-ins-regierungsviertel\/#primaryimage\",\"url\":\"https:\/\/www.weltweit-urlaub.de\/blog\/wp-content\/uploads\/Berlin-364.jpg\",\"contentUrl\":\"https:\/\/www.weltweit-urlaub.de\/blog\/wp-content\/uploads\/Berlin-364.jpg\",\"width\":450,\"height\":338},{\"@type\":\"BreadcrumbList\",\"@id\":\"https:\/\/www.weltweit-urlaub.de\/blog\/berlin-vom-bahnhof-friedrichstrase-ins-regierungsviertel\/#breadcrumb\",\"itemListElement\":[{\"@type\":\"ListItem\",\"position\":1,\"name\":\"Home\",\"item\":\"https:\/\/www.weltweit-urlaub.de\/blog\/\"},{\"@type\":\"ListItem\",\"position\":2,\"name\":\"Berlin &#8211; Vom Bahnhof Friedrichstra\u00dfe ins Regierungsviertel\"}]},{\"@type\":\"WebSite\",\"@id\":\"https:\/\/www.weltweit-urlaub.de\/blog\/#website\",\"url\":\"https:\/\/www.weltweit-urlaub.de\/blog\/\",\"name\":\"Weltweit Urlaub Blog\",\"description\":\"Das Weltweit Urlaub Blog berichtet von L\u00e4ndern, St\u00e4dten und Regionen rund um den Globus...\",\"potentialAction\":[{\"@type\":\"SearchAction\",\"target\":{\"@type\":\"EntryPoint\",\"urlTemplate\":\"https:\/\/www.weltweit-urlaub.de\/blog\/?s={search_term_string}\"},\"query-input\":{\"@type\":\"PropertyValueSpecification\",\"valueRequired\":true,\"valueName\":\"search_term_string\"}}],\"inLanguage\":\"de\"},{\"@type\":\"Person\",\"@id\":\"https:\/\/www.weltweit-urlaub.de\/blog\/#\/schema\/person\/580334b794d1d84c44ed185071077fc3\",\"name\":\"Franz\",\"image\":{\"@type\":\"ImageObject\",\"inLanguage\":\"de\",\"@id\":\"https:\/\/www.weltweit-urlaub.de\/blog\/#\/schema\/person\/image\/\",\"url\":\"https:\/\/secure.gravatar.com\/avatar\/61e4c9d2e568c90c06cae6dfa71dc329?s=96&d=mm&r=g\",\"contentUrl\":\"https:\/\/secure.gravatar.com\/avatar\/61e4c9d2e568c90c06cae6dfa71dc329?s=96&d=mm&r=g\",\"caption\":\"Franz\"},\"sameAs\":[\"https:\/\/www.weltweit-urlaub.de\/blog\/\"]}]}<\/script>\n<!-- \/ Yoast SEO plugin. -->","yoast_head_json":{"title":"Berlin - Vom Bahnhof Friedrichstra\u00dfe ins Regierungsviertel - Reisebericht, Fotos, Urlaub & Reise","description":"Berlin - Vom Bahnhof Friedrichstra\u00dfe ins Regierungsviertel - Weltweit Urlaub Blog - Urlaub und Kurzurlaub, Reisebericht \u00fcber Reise u. Urlaubsorte in Deutschland und Reiseziele in Europa und weltweit.","robots":{"index":"index","follow":"follow","max-snippet":"max-snippet:-1","max-image-preview":"max-image-preview:large","max-video-preview":"max-video-preview:-1"},"canonical":"https:\/\/www.weltweit-urlaub.de\/blog\/berlin-vom-bahnhof-friedrichstrase-ins-regierungsviertel\/","og_locale":"de_DE","og_type":"article","og_title":"Berlin - Vom Bahnhof Friedrichstra\u00dfe ins Regierungsviertel - Reisebericht, Fotos, Urlaub & Reise","og_description":"Berlin - Vom Bahnhof Friedrichstra\u00dfe ins Regierungsviertel - Weltweit Urlaub Blog - Urlaub und Kurzurlaub, Reisebericht \u00fcber Reise u. Urlaubsorte in Deutschland und Reiseziele in Europa und weltweit.","og_url":"https:\/\/www.weltweit-urlaub.de\/blog\/berlin-vom-bahnhof-friedrichstrase-ins-regierungsviertel\/","og_site_name":"Weltweit Urlaub Blog","article_publisher":"https:\/\/www.facebook.com\/pages\/Weltweit-Urlaub\/180623258643736","article_published_time":"2013-04-29T22:16:00+00:00","article_modified_time":"2013-06-08T16:30:20+00:00","og_image":[{"url":"https:\/\/www.weltweit-urlaub.de\/blog\/wp-content\/uploads\/Berlin-364.jpg","type":"","width":"","height":""}],"author":"Franz","twitter_misc":{"Verfasst von":"Franz","Gesch\u00e4tzte Lesezeit":"1\u00a0Minute"},"schema":{"@context":"https:\/\/schema.org","@graph":[{"@type":"WebPage","@id":"https:\/\/www.weltweit-urlaub.de\/blog\/berlin-vom-bahnhof-friedrichstrase-ins-regierungsviertel\/","url":"https:\/\/www.weltweit-urlaub.de\/blog\/berlin-vom-bahnhof-friedrichstrase-ins-regierungsviertel\/","name":"Berlin - Vom Bahnhof Friedrichstra\u00dfe ins Regierungsviertel - Reisebericht, Fotos, Urlaub & Reise","isPartOf":{"@id":"https:\/\/www.weltweit-urlaub.de\/blog\/#website"},"primaryImageOfPage":{"@id":"https:\/\/www.weltweit-urlaub.de\/blog\/berlin-vom-bahnhof-friedrichstrase-ins-regierungsviertel\/#primaryimage"},"image":{"@id":"https:\/\/www.weltweit-urlaub.de\/blog\/berlin-vom-bahnhof-friedrichstrase-ins-regierungsviertel\/#primaryimage"},"thumbnailUrl":"https:\/\/www.weltweit-urlaub.de\/blog\/wp-content\/uploads\/Berlin-364.jpg","datePublished":"2013-04-29T22:16:00+00:00","dateModified":"2013-06-08T16:30:20+00:00","author":{"@id":"https:\/\/www.weltweit-urlaub.de\/blog\/#\/schema\/person\/580334b794d1d84c44ed185071077fc3"},"description":"Berlin - Vom Bahnhof Friedrichstra\u00dfe ins Regierungsviertel - Weltweit Urlaub Blog - Urlaub und Kurzurlaub, Reisebericht \u00fcber Reise u. Urlaubsorte in Deutschland und Reiseziele in Europa und weltweit.","breadcrumb":{"@id":"https:\/\/www.weltweit-urlaub.de\/blog\/berlin-vom-bahnhof-friedrichstrase-ins-regierungsviertel\/#breadcrumb"},"inLanguage":"de","potentialAction":[{"@type":"ReadAction","target":["https:\/\/www.weltweit-urlaub.de\/blog\/berlin-vom-bahnhof-friedrichstrase-ins-regierungsviertel\/"]}]},{"@type":"ImageObject","inLanguage":"de","@id":"https:\/\/www.weltweit-urlaub.de\/blog\/berlin-vom-bahnhof-friedrichstrase-ins-regierungsviertel\/#primaryimage","url":"https:\/\/www.weltweit-urlaub.de\/blog\/wp-content\/uploads\/Berlin-364.jpg","contentUrl":"https:\/\/www.weltweit-urlaub.de\/blog\/wp-content\/uploads\/Berlin-364.jpg","width":450,"height":338},{"@type":"BreadcrumbList","@id":"https:\/\/www.weltweit-urlaub.de\/blog\/berlin-vom-bahnhof-friedrichstrase-ins-regierungsviertel\/#breadcrumb","itemListElement":[{"@type":"ListItem","position":1,"name":"Home","item":"https:\/\/www.weltweit-urlaub.de\/blog\/"},{"@type":"ListItem","position":2,"name":"Berlin &#8211; Vom Bahnhof Friedrichstra\u00dfe ins Regierungsviertel"}]},{"@type":"WebSite","@id":"https:\/\/www.weltweit-urlaub.de\/blog\/#website","url":"https:\/\/www.weltweit-urlaub.de\/blog\/","name":"Weltweit Urlaub Blog","description":"Das Weltweit Urlaub Blog berichtet von L\u00e4ndern, St\u00e4dten und Regionen rund um den Globus...","potentialAction":[{"@type":"SearchAction","target":{"@type":"EntryPoint","urlTemplate":"https:\/\/www.weltweit-urlaub.de\/blog\/?s={search_term_string}"},"query-input":{"@type":"PropertyValueSpecification","valueRequired":true,"valueName":"search_term_string"}}],"inLanguage":"de"},{"@type":"Person","@id":"https:\/\/www.weltweit-urlaub.de\/blog\/#\/schema\/person\/580334b794d1d84c44ed185071077fc3","name":"Franz","image":{"@type":"ImageObject","inLanguage":"de","@id":"https:\/\/www.weltweit-urlaub.de\/blog\/#\/schema\/person\/image\/","url":"https:\/\/secure.gravatar.com\/avatar\/61e4c9d2e568c90c06cae6dfa71dc329?s=96&d=mm&r=g","contentUrl":"https:\/\/secure.gravatar.com\/avatar\/61e4c9d2e568c90c06cae6dfa71dc329?s=96&d=mm&r=g","caption":"Franz"},"sameAs":["https:\/\/www.weltweit-urlaub.de\/blog\/"]}]}},"_links":{"self":[{"href":"https:\/\/www.weltweit-urlaub.de\/blog\/wp-json\/wp\/v2\/posts\/10577"}],"collection":[{"href":"https:\/\/www.weltweit-urlaub.de\/blog\/wp-json\/wp\/v2\/posts"}],"about":[{"href":"https:\/\/www.weltweit-urlaub.de\/blog\/wp-json\/wp\/v2\/types\/post"}],"author":[{"embeddable":true,"href":"https:\/\/www.weltweit-urlaub.de\/blog\/wp-json\/wp\/v2\/users\/10"}],"replies":[{"embeddable":true,"href":"https:\/\/www.weltweit-urlaub.de\/blog\/wp-json\/wp\/v2\/comments?post=10577"}],"version-history":[{"count":10,"href":"https:\/\/www.weltweit-urlaub.de\/blog\/wp-json\/wp\/v2\/posts\/10577\/revisions"}],"predecessor-version":[{"id":10597,"href":"https:\/\/www.weltweit-urlaub.de\/blog\/wp-json\/wp\/v2\/posts\/10577\/revisions\/10597"}],"wp:attachment":[{"href":"https:\/\/www.weltweit-urlaub.de\/blog\/wp-json\/wp\/v2\/media?parent=10577"}],"wp:term":[{"taxonomy":"category","embeddable":true,"href":"https:\/\/www.weltweit-urlaub.de\/blog\/wp-json\/wp\/v2\/categories?post=10577"},{"taxonomy":"post_tag","embeddable":true,"href":"https:\/\/www.weltweit-urlaub.de\/blog\/wp-json\/wp\/v2\/tags?post=10577"}],"curies":[{"name":"wp","href":"https:\/\/api.w.org\/{rel}","templated":true}]}}