{"id":11,"date":"2006-11-19T00:01:48","date_gmt":"2006-11-19T00:01:48","guid":{"rendered":"http:\/\/www.weltweit-urlaub.de\/auswandern-nach\/europaeisches-mobilitaetsjahr\/"},"modified":"2017-08-24T18:47:24","modified_gmt":"2017-08-24T16:47:24","slug":"europaeisches-mobilitaetsjahr","status":"publish","type":"post","link":"https:\/\/www.weltweit-urlaub.de\/auswandern-nach\/europaeisches-mobilitaetsjahr\/","title":{"rendered":"Europ\u00e4isches Jahr der Mobilit\u00e4t der Arbeitnehmer"},"content":{"rendered":"<p>Wussten Sie schon, da\u00df 2006 das Europ\u00e4ische Jahr der Mobilit\u00e4t der Arbeitnehmer ist?<\/p>\n<p>Das Mobilit\u00e4tsjahr soll den Focus der \u00d6ffentlichkeit mehr auf das Thema &#8222;Arbeiten im Ausland&#8220; aufmerksam machen. Die M\u00f6glichkeit der Mobilit\u00e4t soll Arbeitnehmern bewusst gemacht werden.<\/p>\n<p>Auf der EURES-Webseite heisst es:<\/p>\n<p>&#8222;Die Kampagne soll die berufliche Mobilit\u00e4t vereinfachen, und Europas B\u00fcrgerinnen und B\u00fcrgern helfen, grenz\u00fcberschreitend zu arbeiten und einen anderen Job zu ergreifen.&#8220;<br \/>\n<del datetime=\"2011-07-22T01:01:33+00:00\"><br \/>\nHier alle Infos: Webseite zum Mobilit\u00e4tsjahr<\/p>\n<p>Hier direkt daszum Download:  Info-Faltblatt<\/del><\/p>\n<p>Leider stehen diese Informationen nicht mehr zur Verf\u00fcgung.<\/p>\n","protected":false},"excerpt":{"rendered":"<p>Wussten Sie schon, da\u00df 2006 das Europ\u00e4ische Jahr der Mobilit\u00e4t der Arbeitnehmer ist? Das Mobilit\u00e4tsjahr soll den Focus der \u00d6ffentlichkeit mehr auf das Thema &#8222;Arbeiten im Ausland&#8220; aufmerksam machen. Die M\u00f6glichkeit der Mobilit\u00e4t soll Arbeitnehmern bewusst gemacht werden. Auf der EURES-Webseite heisst es: &#8222;Die Kampagne soll die berufliche Mobilit\u00e4t vereinfachen, und Europas B\u00fcrgerinnen und B\u00fcrgern [&hellip;]<\/p>\n","protected":false},"author":19,"featured_media":0,"comment_status":"open","ping_status":"open","sticky":false,"template":"","format":"standard","meta":{"footnotes":""},"categories":[23,1,24],"tags":[],"class_list":["post-11","post","type-post","status-publish","format-standard","hentry","category-arbeitsmarkt","category-land","category-infos-fuer-auswanderer"],"yoast_head":"<!-- This site is optimized with the Yoast SEO plugin v25.6 - https:\/\/yoast.com\/wordpress\/plugins\/seo\/ -->\n<title>Europ\u00e4isches Jahr der Mobilit\u00e4t der Arbeitnehmer - Auswandern<\/title>\n<meta name=\"description\" content=\"Auswandern nach... - Europ\u00e4isches Jahr der Mobilit\u00e4t der Arbeitnehmer - Tipps und Auswander Erfahrungen, Auswanderer Berichte und Auswandern.\" \/>\n<meta name=\"robots\" content=\"index, follow, max-snippet:-1, max-image-preview:large, max-video-preview:-1\" \/>\n<link rel=\"canonical\" href=\"https:\/\/www.weltweit-urlaub.de\/auswandern-nach\/europaeisches-mobilitaetsjahr\/\" \/>\n<meta property=\"og:locale\" content=\"de_DE\" \/>\n<meta property=\"og:type\" content=\"article\" \/>\n<meta property=\"og:title\" content=\"Europ\u00e4isches Jahr der Mobilit\u00e4t der Arbeitnehmer - Auswandern\" \/>\n<meta property=\"og:description\" content=\"Auswandern nach... - Europ\u00e4isches Jahr der Mobilit\u00e4t der Arbeitnehmer - Tipps und Auswander Erfahrungen, Auswanderer Berichte und Auswandern.\" \/>\n<meta property=\"og:url\" content=\"https:\/\/www.weltweit-urlaub.de\/auswandern-nach\/europaeisches-mobilitaetsjahr\/\" \/>\n<meta property=\"og:site_name\" content=\"Auswandern nach...\" \/>\n<meta property=\"article:publisher\" content=\"https:\/\/www.facebook.com\/pages\/Auswandern-Blog\/151032714952263\" \/>\n<meta property=\"article:published_time\" content=\"2006-11-19T00:01:48+00:00\" \/>\n<meta property=\"article:modified_time\" content=\"2017-08-24T16:47:24+00:00\" \/>\n<meta name=\"author\" content=\"Auswanderine\" \/>\n<meta name=\"twitter:label1\" content=\"Verfasst von\" \/>\n\t<meta name=\"twitter:data1\" content=\"Auswanderine\" \/>\n<script type=\"application\/ld+json\" class=\"yoast-schema-graph\">{\"@context\":\"https:\/\/schema.org\",\"@graph\":[{\"@type\":\"WebPage\",\"@id\":\"https:\/\/www.weltweit-urlaub.de\/auswandern-nach\/europaeisches-mobilitaetsjahr\/\",\"url\":\"https:\/\/www.weltweit-urlaub.de\/auswandern-nach\/europaeisches-mobilitaetsjahr\/\",\"name\":\"Europ\u00e4isches Jahr der Mobilit\u00e4t der Arbeitnehmer - Auswandern\",\"isPartOf\":{\"@id\":\"https:\/\/www.weltweit-urlaub.de\/auswandern-nach\/#website\"},\"datePublished\":\"2006-11-19T00:01:48+00:00\",\"dateModified\":\"2017-08-24T16:47:24+00:00\",\"author\":{\"@id\":\"https:\/\/www.weltweit-urlaub.de\/auswandern-nach\/#\/schema\/person\/31ee078a985ee8a903f271cf01a397e1\"},\"description\":\"Auswandern nach... - Europ\u00e4isches Jahr der Mobilit\u00e4t der Arbeitnehmer - Tipps und Auswander Erfahrungen, Auswanderer Berichte und Auswandern.\",\"breadcrumb\":{\"@id\":\"https:\/\/www.weltweit-urlaub.de\/auswandern-nach\/europaeisches-mobilitaetsjahr\/#breadcrumb\"},\"inLanguage\":\"de\",\"potentialAction\":[{\"@type\":\"ReadAction\",\"target\":[\"https:\/\/www.weltweit-urlaub.de\/auswandern-nach\/europaeisches-mobilitaetsjahr\/\"]}]},{\"@type\":\"BreadcrumbList\",\"@id\":\"https:\/\/www.weltweit-urlaub.de\/auswandern-nach\/europaeisches-mobilitaetsjahr\/#breadcrumb\",\"itemListElement\":[{\"@type\":\"ListItem\",\"position\":1,\"name\":\"Home\",\"item\":\"https:\/\/www.weltweit-urlaub.de\/auswandern-nach\/\"},{\"@type\":\"ListItem\",\"position\":2,\"name\":\"Europ\u00e4isches Jahr der Mobilit\u00e4t der Arbeitnehmer\"}]},{\"@type\":\"WebSite\",\"@id\":\"https:\/\/www.weltweit-urlaub.de\/auswandern-nach\/#website\",\"url\":\"https:\/\/www.weltweit-urlaub.de\/auswandern-nach\/\",\"name\":\"Auswandern nach...\",\"description\":\"Auswanderung: aber WIE und WOHIN... ?\",\"potentialAction\":[{\"@type\":\"SearchAction\",\"target\":{\"@type\":\"EntryPoint\",\"urlTemplate\":\"https:\/\/www.weltweit-urlaub.de\/auswandern-nach\/?s={search_term_string}\"},\"query-input\":{\"@type\":\"PropertyValueSpecification\",\"valueRequired\":true,\"valueName\":\"search_term_string\"}}],\"inLanguage\":\"de\"},{\"@type\":\"Person\",\"@id\":\"https:\/\/www.weltweit-urlaub.de\/auswandern-nach\/#\/schema\/person\/31ee078a985ee8a903f271cf01a397e1\",\"name\":\"Auswanderine\",\"image\":{\"@type\":\"ImageObject\",\"inLanguage\":\"de\",\"@id\":\"https:\/\/www.weltweit-urlaub.de\/auswandern-nach\/#\/schema\/person\/image\/\",\"url\":\"https:\/\/secure.gravatar.com\/avatar\/921e4c0ccc3c63c26a591b86b8f328b2?s=96&d=mm&r=g\",\"contentUrl\":\"https:\/\/secure.gravatar.com\/avatar\/921e4c0ccc3c63c26a591b86b8f328b2?s=96&d=mm&r=g\",\"caption\":\"Auswanderine\"},\"sameAs\":[\"https:\/\/www.weltweit-urlaub.de\/auswandern-nach\/\"]}]}<\/script>\n<!-- \/ Yoast SEO plugin. -->","yoast_head_json":{"title":"Europ\u00e4isches Jahr der Mobilit\u00e4t der Arbeitnehmer - Auswandern","description":"Auswandern nach... - Europ\u00e4isches Jahr der Mobilit\u00e4t der Arbeitnehmer - Tipps und Auswander Erfahrungen, Auswanderer Berichte und Auswandern.","robots":{"index":"index","follow":"follow","max-snippet":"max-snippet:-1","max-image-preview":"max-image-preview:large","max-video-preview":"max-video-preview:-1"},"canonical":"https:\/\/www.weltweit-urlaub.de\/auswandern-nach\/europaeisches-mobilitaetsjahr\/","og_locale":"de_DE","og_type":"article","og_title":"Europ\u00e4isches Jahr der Mobilit\u00e4t der Arbeitnehmer - Auswandern","og_description":"Auswandern nach... - Europ\u00e4isches Jahr der Mobilit\u00e4t der Arbeitnehmer - Tipps und Auswander Erfahrungen, Auswanderer Berichte und Auswandern.","og_url":"https:\/\/www.weltweit-urlaub.de\/auswandern-nach\/europaeisches-mobilitaetsjahr\/","og_site_name":"Auswandern nach...","article_publisher":"https:\/\/www.facebook.com\/pages\/Auswandern-Blog\/151032714952263","article_published_time":"2006-11-19T00:01:48+00:00","article_modified_time":"2017-08-24T16:47:24+00:00","author":"Auswanderine","twitter_misc":{"Verfasst von":"Auswanderine"},"schema":{"@context":"https:\/\/schema.org","@graph":[{"@type":"WebPage","@id":"https:\/\/www.weltweit-urlaub.de\/auswandern-nach\/europaeisches-mobilitaetsjahr\/","url":"https:\/\/www.weltweit-urlaub.de\/auswandern-nach\/europaeisches-mobilitaetsjahr\/","name":"Europ\u00e4isches Jahr der Mobilit\u00e4t der Arbeitnehmer - Auswandern","isPartOf":{"@id":"https:\/\/www.weltweit-urlaub.de\/auswandern-nach\/#website"},"datePublished":"2006-11-19T00:01:48+00:00","dateModified":"2017-08-24T16:47:24+00:00","author":{"@id":"https:\/\/www.weltweit-urlaub.de\/auswandern-nach\/#\/schema\/person\/31ee078a985ee8a903f271cf01a397e1"},"description":"Auswandern nach... - Europ\u00e4isches Jahr der Mobilit\u00e4t der Arbeitnehmer - Tipps und Auswander Erfahrungen, Auswanderer Berichte und Auswandern.","breadcrumb":{"@id":"https:\/\/www.weltweit-urlaub.de\/auswandern-nach\/europaeisches-mobilitaetsjahr\/#breadcrumb"},"inLanguage":"de","potentialAction":[{"@type":"ReadAction","target":["https:\/\/www.weltweit-urlaub.de\/auswandern-nach\/europaeisches-mobilitaetsjahr\/"]}]},{"@type":"BreadcrumbList","@id":"https:\/\/www.weltweit-urlaub.de\/auswandern-nach\/europaeisches-mobilitaetsjahr\/#breadcrumb","itemListElement":[{"@type":"ListItem","position":1,"name":"Home","item":"https:\/\/www.weltweit-urlaub.de\/auswandern-nach\/"},{"@type":"ListItem","position":2,"name":"Europ\u00e4isches Jahr der Mobilit\u00e4t der Arbeitnehmer"}]},{"@type":"WebSite","@id":"https:\/\/www.weltweit-urlaub.de\/auswandern-nach\/#website","url":"https:\/\/www.weltweit-urlaub.de\/auswandern-nach\/","name":"Auswandern nach...","description":"Auswanderung: aber WIE und WOHIN... ?","potentialAction":[{"@type":"SearchAction","target":{"@type":"EntryPoint","urlTemplate":"https:\/\/www.weltweit-urlaub.de\/auswandern-nach\/?s={search_term_string}"},"query-input":{"@type":"PropertyValueSpecification","valueRequired":true,"valueName":"search_term_string"}}],"inLanguage":"de"},{"@type":"Person","@id":"https:\/\/www.weltweit-urlaub.de\/auswandern-nach\/#\/schema\/person\/31ee078a985ee8a903f271cf01a397e1","name":"Auswanderine","image":{"@type":"ImageObject","inLanguage":"de","@id":"https:\/\/www.weltweit-urlaub.de\/auswandern-nach\/#\/schema\/person\/image\/","url":"https:\/\/secure.gravatar.com\/avatar\/921e4c0ccc3c63c26a591b86b8f328b2?s=96&d=mm&r=g","contentUrl":"https:\/\/secure.gravatar.com\/avatar\/921e4c0ccc3c63c26a591b86b8f328b2?s=96&d=mm&r=g","caption":"Auswanderine"},"sameAs":["https:\/\/www.weltweit-urlaub.de\/auswandern-nach\/"]}]}},"_links":{"self":[{"href":"https:\/\/www.weltweit-urlaub.de\/auswandern-nach\/wp-json\/wp\/v2\/posts\/11"}],"collection":[{"href":"https:\/\/www.weltweit-urlaub.de\/auswandern-nach\/wp-json\/wp\/v2\/posts"}],"about":[{"href":"https:\/\/www.weltweit-urlaub.de\/auswandern-nach\/wp-json\/wp\/v2\/types\/post"}],"author":[{"embeddable":true,"href":"https:\/\/www.weltweit-urlaub.de\/auswandern-nach\/wp-json\/wp\/v2\/users\/19"}],"replies":[{"embeddable":true,"href":"https:\/\/www.weltweit-urlaub.de\/auswandern-nach\/wp-json\/wp\/v2\/comments?post=11"}],"version-history":[{"count":5,"href":"https:\/\/www.weltweit-urlaub.de\/auswandern-nach\/wp-json\/wp\/v2\/posts\/11\/revisions"}],"predecessor-version":[{"id":2537,"href":"https:\/\/www.weltweit-urlaub.de\/auswandern-nach\/wp-json\/wp\/v2\/posts\/11\/revisions\/2537"}],"wp:attachment":[{"href":"https:\/\/www.weltweit-urlaub.de\/auswandern-nach\/wp-json\/wp\/v2\/media?parent=11"}],"wp:term":[{"taxonomy":"category","embeddable":true,"href":"https:\/\/www.weltweit-urlaub.de\/auswandern-nach\/wp-json\/wp\/v2\/categories?post=11"},{"taxonomy":"post_tag","embeddable":true,"href":"https:\/\/www.weltweit-urlaub.de\/auswandern-nach\/wp-json\/wp\/v2\/tags?post=11"}],"curies":[{"name":"wp","href":"https:\/\/api.w.org\/{rel}","templated":true}]}}